{"id":10391,"date":"2025-08-07T09:00:29","date_gmt":"2025-08-07T09:00:29","guid":{"rendered":"\/es-es\/blogs\/ciclismo\/?p=10391"},"modified":"2025-08-07T09:06:16","modified_gmt":"2025-08-07T09:06:16","slug":"recuperacion-para-ciclistas-mejores-formas","status":"publish","type":"post","link":"\/es-es\/blogs\/ciclismo\/recuperacion-para-ciclistas-mejores-formas\/","title":{"rendered":"Recuperaci\u00f3n para ciclistas: las 4 mejores formas de hacerlo"},"content":{"rendered":"<p>A pesar de la amplia variedad de m\u00e9todos, t\u00e9cnicas y herramientas disponibles para facilitar la recuperaci\u00f3n para ciclistas, existen 4 formas clave que destacan como las m\u00e1s eficaces para lograr una recuperaci\u00f3n \u00f3ptima tras un entrenamiento o competici\u00f3n.<\/p>\n<p>&nbsp;<\/p>\n<ol>\n<li>\n<h2><strong> RECUPERACI\u00d3N PARA CICLISTAS POST ENTRENAMIENTO<\/strong><\/h2>\n<\/li>\n<\/ol>\n<p>&nbsp;<\/p>\n<p>Es uno de los modos de recuperaci\u00f3n para ciclistas m\u00e1s inmediatos y efectivos, aprovechando la mayor sensibilidad que tiene nuestro organismo para asimilar los nutrientes de todos los alimentos que ingerimos inmediatamente despu\u00e9s de realizar un esfuerzo intenso.<\/p>\n<p>Es el periodo de tiempo de 20 a 30\u2019 denominado <strong>ventana metab\u00f3lica<\/strong>.<\/p>\n<p>Es importante por tanto, tener preparado un <strong>batido recuperador<\/strong> en el que predominan los hidratos de carbono con presencia tambi\u00e9n de prote\u00ednas, para tomar tras los entrenamientos m\u00e1s intensos o la competici\u00f3n.<\/p>\n<p>&nbsp;<\/p>\n<p><img loading=\"lazy\" decoding=\"async\" class=\"alignnone size-full wp-image-10394\" src=\"\/es-es\/blogs\/ciclismo\/wp-content\/uploads\/sites\/5\/2025\/07\/gettyimages-1222908739r-scaled.jpg\" alt=\"recuperaci\u00f3n para ciclistas\" width=\"2560\" height=\"1920\" srcset=\"\/es-es\/blogs\/ciclismo\/wp-content\/uploads\/sites\/5\/2025\/07\/gettyimages-1222908739r-scaled.jpg 2560w, \/es-es\/blogs\/ciclismo\/wp-content\/uploads\/sites\/5\/2025\/07\/gettyimages-1222908739r-300x225.jpg 300w, \/es-es\/blogs\/ciclismo\/wp-content\/uploads\/sites\/5\/2025\/07\/gettyimages-1222908739r-1024x768.jpg 1024w, \/es-es\/blogs\/ciclismo\/wp-content\/uploads\/sites\/5\/2025\/07\/gettyimages-1222908739r-768x576.jpg 768w, \/es-es\/blogs\/ciclismo\/wp-content\/uploads\/sites\/5\/2025\/07\/gettyimages-1222908739r-1536x1152.jpg 1536w, \/es-es\/blogs\/ciclismo\/wp-content\/uploads\/sites\/5\/2025\/07\/gettyimages-1222908739r-2048x1536.jpg 2048w\" sizes=\"auto, (max-width: 2560px) 100vw, 2560px\" \/><\/p>\n<p>&nbsp;<\/p>\n<p><strong>Favorecer<\/strong><strong>\u00e1 <\/strong><strong>la s<\/strong><strong>\u00ed<\/strong><strong>ntesis prote<\/strong><strong>\u00edca y regeneraci\u00f3n muscular y la reposici\u00f3n de nuestros dep\u00f3sitos de gluc\u00f3<\/strong><strong>geno<\/strong>.<\/p>\n<p>&nbsp;<\/p>\n<ol start=\"2\">\n<li>\n<h2><strong> MASAJE<\/strong><\/h2>\n<\/li>\n<\/ol>\n<p>&nbsp;<\/p>\n<p>El masaje muscular es otro mecanismo de recuperaci\u00f3n para ciclistas muy efectivo.<\/p>\n<p>Es conveniente darlo <strong>unas horas despu<\/strong><strong>\u00e9<\/strong><strong>s del esfuerzo<\/strong>, para dejar reposar el tejido de nuestros m\u00fasculos tras el esfuerzo, pero el efecto de drenaje y de potenciaci\u00f3n del retorno venoso acelera los procesos de limpieza y recuperaci\u00f3n muscular.<\/p>\n<p>&nbsp;<\/p>\n<p><img loading=\"lazy\" decoding=\"async\" class=\"alignnone size-full wp-image-10395\" src=\"\/es-es\/blogs\/ciclismo\/wp-content\/uploads\/sites\/5\/2025\/07\/gettyimages-1282845083r-scaled.jpg\" alt=\"recuperaci\u00f3n para ciclistas\" width=\"2560\" height=\"1920\" srcset=\"\/es-es\/blogs\/ciclismo\/wp-content\/uploads\/sites\/5\/2025\/07\/gettyimages-1282845083r-scaled.jpg 2560w, \/es-es\/blogs\/ciclismo\/wp-content\/uploads\/sites\/5\/2025\/07\/gettyimages-1282845083r-300x225.jpg 300w, \/es-es\/blogs\/ciclismo\/wp-content\/uploads\/sites\/5\/2025\/07\/gettyimages-1282845083r-1024x768.jpg 1024w, \/es-es\/blogs\/ciclismo\/wp-content\/uploads\/sites\/5\/2025\/07\/gettyimages-1282845083r-768x576.jpg 768w, \/es-es\/blogs\/ciclismo\/wp-content\/uploads\/sites\/5\/2025\/07\/gettyimages-1282845083r-1536x1152.jpg 1536w, \/es-es\/blogs\/ciclismo\/wp-content\/uploads\/sites\/5\/2025\/07\/gettyimages-1282845083r-2048x1536.jpg 2048w\" sizes=\"auto, (max-width: 2560px) 100vw, 2560px\" \/><\/p>\n<p>&nbsp;<\/p>\n<p><strong>Imprescindible si queremos recuperar bien de un d\u00eda para otro.<\/strong><\/p>\n<p>&nbsp;<\/p>\n<ol start=\"3\">\n<li>\n<h2><strong> EJERCICIO SUAVE<\/strong><\/h2>\n<\/li>\n<\/ol>\n<p>&nbsp;<\/p>\n<p>Es el m\u00e1s sencillo de llevar a cabo y, en ocasiones, al que menos recurrimos.<\/p>\n<p>Realizar actividad f\u00edsica suave justo despu\u00e9s de llevar a cabo un esfuerzo muy intenso <strong>acelera los procesos de recuperaci\u00f3n, gracias a una activaci\u00f3n de la circulaci\u00f3n en la musculatura m\u00e1s solicitada durante el ejercicio<\/strong>, en nuestro caso, la de las piernas.<\/p>\n<p>&nbsp;<\/p>\n<p><img loading=\"lazy\" decoding=\"async\" class=\"alignnone size-full wp-image-10396\" src=\"\/es-es\/blogs\/ciclismo\/wp-content\/uploads\/sites\/5\/2025\/07\/ciclismo_rodillo_tacx_neo_2tr.jpg\" alt=\"recuperaci\u00f3n para ciclistas\" width=\"1600\" height=\"1200\" srcset=\"\/es-es\/blogs\/ciclismo\/wp-content\/uploads\/sites\/5\/2025\/07\/ciclismo_rodillo_tacx_neo_2tr.jpg 1600w, \/es-es\/blogs\/ciclismo\/wp-content\/uploads\/sites\/5\/2025\/07\/ciclismo_rodillo_tacx_neo_2tr-300x225.jpg 300w, \/es-es\/blogs\/ciclismo\/wp-content\/uploads\/sites\/5\/2025\/07\/ciclismo_rodillo_tacx_neo_2tr-1024x768.jpg 1024w, \/es-es\/blogs\/ciclismo\/wp-content\/uploads\/sites\/5\/2025\/07\/ciclismo_rodillo_tacx_neo_2tr-768x576.jpg 768w, \/es-es\/blogs\/ciclismo\/wp-content\/uploads\/sites\/5\/2025\/07\/ciclismo_rodillo_tacx_neo_2tr-1536x1152.jpg 1536w\" sizes=\"auto, (max-width: 1600px) 100vw, 1600px\" \/><\/p>\n<p>&nbsp;<\/p>\n<p>Hacer algo de rodillo o simplemente rodar para \u201csoltar piernas\u201d reduce de manera muy significativa el tiempo de recuperaci\u00f3n y mejora las sensaci\u00f3n de esfuerzo en la jornada posterior.<\/p>\n<p><strong>Para muestra, s\u00f3lo hay que ver c\u00f3mo los ciclistas de elite pedalean durante unos minutos sobre su rodillo tras cruzar la l\u00ednea de meta de cualquier competici\u00f3n<\/strong>.<\/p>\n<p>&nbsp;<\/p>\n<ol start=\"4\">\n<li>\n<h2><strong> SUE\u00d1O REPARADOR<\/strong><\/h2>\n<\/li>\n<\/ol>\n<p>&nbsp;<\/p>\n<p>Este es el m\u00e9todo de recuperaci\u00f3n pasivo m\u00e1s potente del que disponemos.<\/p>\n<p>Los <strong>efectos anab\u00f3licos del sue\u00f1o, su capacidad para regenerar tejidos, recuperar equilibrios hormonales y qu\u00edmicos<\/strong> de otra \u00edndole en nuestro organismo es fundamental en el proceso de recuperaci\u00f3n para ciclista, ya sea tras entrenamiento o tras competiciones.<\/p>\n<p>&nbsp;<\/p>\n<p><img loading=\"lazy\" decoding=\"async\" class=\"alignnone size-full wp-image-10397\" src=\"\/es-es\/blogs\/ciclismo\/wp-content\/uploads\/sites\/5\/2025\/07\/gettyimages-838107340r-scaled.jpg\" alt=\"recuperaci\u00f3n para ciclistas\" width=\"2560\" height=\"1920\" srcset=\"\/es-es\/blogs\/ciclismo\/wp-content\/uploads\/sites\/5\/2025\/07\/gettyimages-838107340r-scaled.jpg 2560w, \/es-es\/blogs\/ciclismo\/wp-content\/uploads\/sites\/5\/2025\/07\/gettyimages-838107340r-300x225.jpg 300w, \/es-es\/blogs\/ciclismo\/wp-content\/uploads\/sites\/5\/2025\/07\/gettyimages-838107340r-1024x768.jpg 1024w, \/es-es\/blogs\/ciclismo\/wp-content\/uploads\/sites\/5\/2025\/07\/gettyimages-838107340r-768x576.jpg 768w, \/es-es\/blogs\/ciclismo\/wp-content\/uploads\/sites\/5\/2025\/07\/gettyimages-838107340r-1536x1152.jpg 1536w, \/es-es\/blogs\/ciclismo\/wp-content\/uploads\/sites\/5\/2025\/07\/gettyimages-838107340r-2048x1536.jpg 2048w\" sizes=\"auto, (max-width: 2560px) 100vw, 2560px\" \/><\/p>\n<p>&nbsp;<\/p>\n<p>En ese sentido, un deportista que aspire a recuperar adecuadamente lo primero que debe revisar es tanto la cantidad de horas como la calidad de las mismas cada vez que duerme al d\u00eda.<\/p>\n<p><strong>Planificando las horas de sue\u00f1o e incluso las condiciones del lugar en el que se duerme para que la recuperaci\u00f3n sea lo m\u00e1s efectiva posible<\/strong>.<\/p>\n<p>Dormir durante el d\u00eda, con una peque\u00f1a siesta, si se tiene la posibilidad, es otra de las estrategias m\u00e1s adecuadas para favorecer la recuperaci\u00f3n.<\/p>\n<p>Utilizada por muchos deportistas de alto nivel que doblan sesi\u00f3n de entrenamiento diariamente y que ubican un sue\u00f1o reparador en la mitad del d\u00eda para acelerar la recuperaci\u00f3n entre la primera y la segunda sesi\u00f3n de entrenamiento.<\/p>\n<p>&nbsp;<\/p>\n<p>Si te ha interesado este art\u00edculo, te recomendamos otros tres que te ayudar\u00e1n en la pr\u00e1ctica del cliclismo:<\/p>\n<ul>\n<li><strong><a href=\"https:\/\/www.forumsport.com\/es-es\/blogs\/ciclismo\/como-mantener-una-buena-hidratacion-que-nos-ayude-a-pedalear\/\" target=\"_blank\" rel=\"noopener\">Como mantener una buena hidrataci\u00f3n que nos ayude a pedalear<\/a><\/strong><\/li>\n<li><strong><a href=\"https:\/\/www.forumsport.com\/es-es\/blogs\/ciclismo\/geles-o-barritas-en-bici\/\" target=\"_blank\" rel=\"noopener\">\u00bfGeles o barritas?: \u00bfQu\u00e9 como cuando salgo en bici?<\/a><\/strong><\/li>\n<li><a href=\"https:\/\/www.forumsport.com\/es-es\/blogs\/ciclismo\/como-recuperarse-de-una-pajara\/\" target=\"_blank\" rel=\"noopener\"><strong>C\u00f3mo recuperarse de una p\u00e1jara<\/strong><\/a><\/li>\n<\/ul>\n","protected":false},"excerpt":{"rendered":"<p>A pesar de la amplia variedad de m\u00e9todos, t\u00e9cnicas y herramientas disponibles para facilitar la recuperaci\u00f3n para ciclistas, existen 4 formas clave que destacan como las m\u00e1s eficaces para lograr una recuperaci\u00f3n \u00f3ptima tras un entrenamiento o competici\u00f3n. &nbsp; RECUPERACI\u00d3N PARA CICLISTAS POST ENTRENAMIENTO &nbsp; Es uno de los modos de recuperaci\u00f3n para ciclistas m\u00e1s [&#8230;]<\/p>\n<p><a class=\"btn btn-secondary understrap-read-more-link\" href=\"\/es-es\/blogs\/ciclismo\/recuperacion-para-ciclistas-mejores-formas\/\">Conocer m\u00e1s<\/a><\/p>\n","protected":false},"author":1,"featured_media":10399,"comment_status":"open","ping_status":"closed","sticky":false,"template":"","format":"standard","meta":{"_seopress_robots_primary_cat":"none","ngg_post_thumbnail":0,"jetpack_post_was_ever_published":false,"_jetpack_newsletter_access":"","_jetpack_dont_email_post_to_subs":false,"_jetpack_newsletter_tier_id":0,"_jetpack_memberships_contains_paywalled_content":false,"_jetpack_memberships_contains_paid_content":false,"footnotes":"","jetpack_publicize_message":"","jetpack_publicize_feature_enabled":true,"jetpack_social_post_already_shared":true,"jetpack_social_options":{"image_generator_settings":{"template":"highway","enabled":false},"version":2}},"categories":[2],"tags":[],"class_list":{"0":"post-10391","1":"post","2":"type-post","3":"status-publish","4":"format-standard","5":"has-post-thumbnail","7":"category-bicis"},"jetpack_publicize_connections":[],"acf":[],"jetpack_sharing_enabled":true,"jetpack_featured_media_url":"\/es-es\/blogs\/ciclismo\/wp-content\/uploads\/sites\/5\/2025\/07\/portadar-2-scaled.jpg","jetpack_shortlink":"https:\/\/wp.me\/paisHG-2HB","jetpack-related-posts":[],"_links":{"self":[{"href":"\/es-es\/blogs\/ciclismo\/wp-json\/wp\/v2\/posts\/10391","targetHints":{"allow":["GET"]}}],"collection":[{"href":"\/es-es\/blogs\/ciclismo\/wp-json\/wp\/v2\/posts"}],"about":[{"href":"\/es-es\/blogs\/ciclismo\/wp-json\/wp\/v2\/types\/post"}],"author":[{"embeddable":true,"href":"\/es-es\/blogs\/ciclismo\/wp-json\/wp\/v2\/users\/1"}],"replies":[{"embeddable":true,"href":"\/es-es\/blogs\/ciclismo\/wp-json\/wp\/v2\/comments?post=10391"}],"version-history":[{"count":5,"href":"\/es-es\/blogs\/ciclismo\/wp-json\/wp\/v2\/posts\/10391\/revisions"}],"predecessor-version":[{"id":10430,"href":"\/es-es\/blogs\/ciclismo\/wp-json\/wp\/v2\/posts\/10391\/revisions\/10430"}],"wp:featuredmedia":[{"embeddable":true,"href":"\/es-es\/blogs\/ciclismo\/wp-json\/wp\/v2\/media\/10399"}],"wp:attachment":[{"href":"\/es-es\/blogs\/ciclismo\/wp-json\/wp\/v2\/media?parent=10391"}],"wp:term":[{"taxonomy":"category","embeddable":true,"href":"\/es-es\/blogs\/ciclismo\/wp-json\/wp\/v2\/categories?post=10391"},{"taxonomy":"post_tag","embeddable":true,"href":"\/es-es\/blogs\/ciclismo\/wp-json\/wp\/v2\/tags?post=10391"}],"curies":[{"name":"wp","href":"https:\/\/api.w.org\/{rel}","templated":true}]}}