{"id":3395,"date":"2020-08-25T08:04:02","date_gmt":"2020-08-25T08:04:02","guid":{"rendered":"\/es-es\/blogs\/ciclismo\/?p=3395"},"modified":"2025-01-15T14:41:23","modified_gmt":"2025-01-15T14:41:23","slug":"ruta-ciclista-por-el-bergueda-pirineo-catalan","status":"publish","type":"post","link":"\/es-es\/blogs\/ciclismo\/ruta-ciclista-por-el-bergueda-pirineo-catalan\/","title":{"rendered":"Ruta ciclista por El Bergued\u00e1 en el Pirineo catal\u00e1n: belleza, tranquilidad y diversidad"},"content":{"rendered":"<p>Os animamos a conocer en tres etapas una zona que sorprender\u00e1 y no dejar\u00e1 indiferente al ciclista m\u00e1s exigente: tanto en calidad de puertos y rutas como en cantidad: <strong>El Bergued\u00e1<\/strong>, situado en el <strong>Pirineo catal\u00e1n.<\/strong> \u00bfTe animas a descubrirlo?<\/p>\n<p><!--more--><\/p>\n<p>Cuando a mediados de los a\u00f1os 90 la Vuelta a Espa\u00f1a repet\u00eda puertos y pasos de monta\u00f1a a\u00f1o tras a\u00f1o en sus recorridos, se lleg\u00f3 a decir que en la Pen\u00ednsula no hab\u00eda monta\u00f1a para emular las grandes etapas de otras Grandes Vueltas como el Giro y el Tour.<\/p>\n<p>Un estudio un poco m\u00e1s profundo y, sobre todo, tener ganas de salir de la \u201czona de confort\u201d, demostraron con hechos y datos que esto no era as\u00ed: <a href=\"\/es-es\/blogs\/ciclismo\/ciclismo-por-cantabria-alta-montana\/\" target=\"_blank\" rel=\"noopener\"><strong>Cantabria<\/strong><\/a>, <strong>Asturias<\/strong>, la <strong>sierra granadina<\/strong>, los <strong>Ancares<\/strong>\u2026 nos han mostrado ascensiones y etapas que perfectamente pueden encadenar puertos y acumular una dureza que nada tiene que envidiar a la de nuestros vecinos italianos o franceses.<\/p>\n<p>&nbsp;<\/p>\n<p><img loading=\"lazy\" decoding=\"async\" class=\"aligncenter wp-image-3418 size-full\" src=\"\/es-es\/blogs\/ciclismo\/wp-content\/uploads\/sites\/5\/2020\/08\/Coll-de-Port.jpg\" alt=\"Coll de Port - El Bergued\u00e1\" width=\"800\" height=\"424\" srcset=\"\/es-es\/blogs\/ciclismo\/wp-content\/uploads\/sites\/5\/2020\/08\/Coll-de-Port.jpg 800w, \/es-es\/blogs\/ciclismo\/wp-content\/uploads\/sites\/5\/2020\/08\/Coll-de-Port-300x159.jpg 300w, \/es-es\/blogs\/ciclismo\/wp-content\/uploads\/sites\/5\/2020\/08\/Coll-de-Port-768x407.jpg 768w\" sizes=\"auto, (max-width: 800px) 100vw, 800px\" \/><\/p>\n<p style=\"text-align: center;\"><em><strong>Coll de Port<\/strong><\/em><\/p>\n<p>Por eso, en este post os queremos tambi\u00e9n sacar de vuestra zona de confort y llevaros a El <strong>Bergued\u00e1<\/strong> : un lugar de una <a href=\"http:\/\/www.elbergueda.cat\/es\" target=\"_blank\" rel=\"noopener\">belleza, tranquilidad y diversidad<\/a> que bien merecen que nos tomemos la molestia de localizarlo en un mapa y observar las enormes posibilidades que nos ofrece.<\/p>\n<p>&nbsp;<\/p>\n<p><img loading=\"lazy\" decoding=\"async\" class=\"aligncenter wp-image-3423 size-full\" src=\"\/es-es\/blogs\/ciclismo\/wp-content\/uploads\/sites\/5\/2020\/08\/bergueda_1.jpg\" alt=\"El Bergued\u00e1\" width=\"800\" height=\"600\" srcset=\"\/es-es\/blogs\/ciclismo\/wp-content\/uploads\/sites\/5\/2020\/08\/bergueda_1.jpg 800w, \/es-es\/blogs\/ciclismo\/wp-content\/uploads\/sites\/5\/2020\/08\/bergueda_1-300x225.jpg 300w, \/es-es\/blogs\/ciclismo\/wp-content\/uploads\/sites\/5\/2020\/08\/bergueda_1-768x576.jpg 768w\" sizes=\"auto, (max-width: 800px) 100vw, 800px\" \/><\/p>\n<p style=\"text-align: center;\"><em><strong>Coll de Josa<\/strong><\/em><\/p>\n<p>En este art\u00edculo <strong>os proponemos tres etapas de una dureza contenida<\/strong> que ascienden los tres puertos m\u00e1s representativos de El Bergued\u00e1:<\/p>\n<ul>\n<li><strong>el Coll de Pal<\/strong><\/li>\n<li><strong>Coll de Pradell<\/strong><\/li>\n<li><strong>Rasos de Peguera<\/strong><\/li>\n<\/ul>\n<p>Las <strong>localidades<\/strong> principales de la comarca ser\u00edan la capital, <strong>Berga,<\/strong> y otro punto muy interesante: <strong>Bag\u00e1<\/strong>. Ambos n\u00facleos ofrecen alojamiento y est\u00e1n perfectamente ubicados para ser un punto de inicio y final de nuestras etapas.<\/p>\n<p>Os vamos a presentar <strong>tres etapas que, aunque parecen cortas, conviene no subestimar<\/strong>. Los kil\u00f3metros en el Bergued\u00e1 pasan lentamente y el terreno no regala nada.<\/p>\n<p><strong>Cada una de estas etapas tiene un puerto de entidad,<\/strong> acompa\u00f1ado de <strong>otras ascensiones<\/strong> que har\u00e1n que la casilla de nuestro desnivel acumulado suba metros con rapidez.<\/p>\n<p>Naturalmente estos puertos se pueden combinar con otros de la zona distintos a los que os proponemos. <strong>Variedad y diversidad<\/strong> son caracter\u00edsticas que la comarca nos ofrece.<\/p>\n<p>&nbsp;<\/p>\n<h2><strong>ETAPA 1: Berga &#8211; Coll de Pal &#8211; Berga (121 Km.)<\/strong><\/h2>\n<figure id=\"attachment_3401\" aria-describedby=\"caption-attachment-3401\" style=\"width: 800px\" class=\"wp-caption aligncenter\"><img loading=\"lazy\" decoding=\"async\" class=\"wp-image-3401 size-full\" src=\"\/es-es\/blogs\/ciclismo\/wp-content\/uploads\/sites\/5\/2020\/08\/Etapa-1__esquema_ruta_Bergueda.jpg\" alt=\"Ruta ciclista por El Bergued\u00e1 en el Pirineo catal\u00e1n\" width=\"800\" height=\"335\" srcset=\"\/es-es\/blogs\/ciclismo\/wp-content\/uploads\/sites\/5\/2020\/08\/Etapa-1__esquema_ruta_Bergueda.jpg 800w, \/es-es\/blogs\/ciclismo\/wp-content\/uploads\/sites\/5\/2020\/08\/Etapa-1__esquema_ruta_Bergueda-300x126.jpg 300w, \/es-es\/blogs\/ciclismo\/wp-content\/uploads\/sites\/5\/2020\/08\/Etapa-1__esquema_ruta_Bergueda-768x322.jpg 768w\" sizes=\"auto, (max-width: 800px) 100vw, 800px\" \/><figcaption id=\"caption-attachment-3401\" class=\"wp-caption-text\"><a href=\"\/es-es\/blogs\/ciclismo\/wp-content\/uploads\/sites\/5\/2020\/08\/Etapa-1.png\" target=\"_blank\" rel=\"noopener\"><strong>Pincha aqu\u00ed<\/strong> <\/a>para ver la imagen a tama\u00f1o completo<\/figcaption><\/figure>\n<p>&nbsp;<\/p>\n<p>El <strong>puerto estrella<\/strong> de la misma es el <strong>Coll de Pal,<\/strong> el puerto m\u00e1s alto de Catalu\u00f1a con 2106 m. de altitud. Podr\u00eda ser un puerto de paso, pero a d\u00eda de hoy no es recomendable pasar a la otra vertiente, pues presenta varios tramos de tierra. Por dicho motivo, <strong>subiremos y bajaremos por la vertiente totalmente asfaltada, que es la que comienza en Bag\u00e1<\/strong>.<\/p>\n<p><strong>Por n\u00fameros y desnivel no tiene nada que envidiar al<\/strong> famoso <strong>Tourmalet<\/strong>. Las <strong>vistas<\/strong> de los kil\u00f3metros finales son extraordinarias. En un d\u00eda claro divisaremos el Montseny, Montserrat y todo bajo la presencia de la monta\u00f1a de Pedraforca, quiz\u00e1s la m\u00e1s simb\u00f3lica de la provincia de Barcelona.<\/p>\n<p><strong>La etapa da comienzo con el Coll de Batallola<\/strong>, aparentemente sencillo, pero sumamente irregular, escondiendo <strong>rampas de hasta el 18% en su parte final<\/strong>. <strong>Sencillo descenso hasta Bag\u00e1<\/strong> <strong>para <\/strong>subir el mencionado <strong>Coll de Pal<\/strong>.<\/p>\n<p>&nbsp;<\/p>\n<p><img loading=\"lazy\" decoding=\"async\" class=\"aligncenter wp-image-3424 size-full\" src=\"\/es-es\/blogs\/ciclismo\/wp-content\/uploads\/sites\/5\/2020\/08\/bergueda_2.jpg\" alt=\"El Bergued\u00e1\" width=\"800\" height=\"600\" srcset=\"\/es-es\/blogs\/ciclismo\/wp-content\/uploads\/sites\/5\/2020\/08\/bergueda_2.jpg 800w, \/es-es\/blogs\/ciclismo\/wp-content\/uploads\/sites\/5\/2020\/08\/bergueda_2-300x225.jpg 300w, \/es-es\/blogs\/ciclismo\/wp-content\/uploads\/sites\/5\/2020\/08\/bergueda_2-768x576.jpg 768w\" sizes=\"auto, (max-width: 800px) 100vw, 800px\" \/><\/p>\n<p style=\"text-align: center;\"><em><strong>Coll de Pal<\/strong><\/em><\/p>\n<p>&nbsp;<\/p>\n<p><strong>Para regresar a Berga<\/strong> optamos <strong>por la collada de Sant Isidre:<\/strong>&nbsp;un paso poco conocido, muy tranquilo y con un <strong>trazado sinuoso y de pendientes exigentes.<\/strong> Conviene prestar atenci\u00f3n a su descenso y tomarlo con calma.<\/p>\n<h2><strong>ETAPA 2: <\/strong><strong>Berga &#8211; Coll de Pradell &#8211; Berga (82 Km.)<\/strong><\/h2>\n<figure id=\"attachment_3402\" aria-describedby=\"caption-attachment-3402\" style=\"width: 800px\" class=\"wp-caption aligncenter\"><img loading=\"lazy\" decoding=\"async\" class=\"wp-image-3402 size-full\" src=\"\/es-es\/blogs\/ciclismo\/wp-content\/uploads\/sites\/5\/2020\/08\/Etapa2_esquema_ruta_Bergueda.jpg\" alt=\"Ruta ciclista por El Bergued\u00e1 en el Pirineo catal\u00e1n. Etapa 2\" width=\"800\" height=\"335\" srcset=\"\/es-es\/blogs\/ciclismo\/wp-content\/uploads\/sites\/5\/2020\/08\/Etapa2_esquema_ruta_Bergueda.jpg 800w, \/es-es\/blogs\/ciclismo\/wp-content\/uploads\/sites\/5\/2020\/08\/Etapa2_esquema_ruta_Bergueda-300x126.jpg 300w, \/es-es\/blogs\/ciclismo\/wp-content\/uploads\/sites\/5\/2020\/08\/Etapa2_esquema_ruta_Bergueda-768x322.jpg 768w\" sizes=\"auto, (max-width: 800px) 100vw, 800px\" \/><figcaption id=\"caption-attachment-3402\" class=\"wp-caption-text\"><a href=\"\/es-es\/blogs\/ciclismo\/wp-content\/uploads\/sites\/5\/2020\/08\/Etapa-2.png\" target=\"_blank\" rel=\"noopener\"><strong>Pincha aqu\u00ed<\/strong><\/a> para ver la imagen a tama\u00f1o completo<\/figcaption><\/figure>\n<p>&nbsp;<\/p>\n<p>Con <strong>inicio de nuevo en Berga<\/strong>, optaremos con <strong>subir de salida la collada de Vinyoles<\/strong>, una subida <strong>corta pero<\/strong> terrible, <strong>con kil\u00f3metros enteros al 13% de pendiente media<\/strong>. Una subida que los ciclistas de la zona suelen evitar por esta vertiente.<\/p>\n<p>&nbsp;<\/p>\n<p><img loading=\"lazy\" decoding=\"async\" class=\"aligncenter wp-image-3428 size-full\" src=\"\/es-es\/blogs\/ciclismo\/wp-content\/uploads\/sites\/5\/2020\/08\/bergueda_3.jpg\" alt=\"El Bergued\u00e1\" width=\"800\" height=\"600\" srcset=\"\/es-es\/blogs\/ciclismo\/wp-content\/uploads\/sites\/5\/2020\/08\/bergueda_3.jpg 800w, \/es-es\/blogs\/ciclismo\/wp-content\/uploads\/sites\/5\/2020\/08\/bergueda_3-300x225.jpg 300w, \/es-es\/blogs\/ciclismo\/wp-content\/uploads\/sites\/5\/2020\/08\/bergueda_3-768x576.jpg 768w\" sizes=\"auto, (max-width: 800px) 100vw, 800px\" \/><\/p>\n<p style=\"text-align: center;\"><em><strong>Collada de Vinyoles<\/strong><\/em><\/p>\n<p><strong>Se baja de inmediato y sin descanso comienza el puerto estrella de la etapa, el Coll de Pradell, v\u00eda Coll de Fumanya<\/strong>. Es un encadenado de <strong>dos puertos seguidos con un peque\u00f1o descanso entre ambos y que suponen sin duda la vertiente m\u00e1s dura de este coloso<\/strong>.<\/p>\n<p><strong>Fumanya<\/strong> por s\u00ed solo ya supone una dur\u00edsima <strong>ascensi\u00f3n de 10 km al 9% de pendiente media<\/strong>. Sin grandes rampas, es una subida muy uniforme y de enorme dureza.<\/p>\n<p>&nbsp;<\/p>\n<p><img loading=\"lazy\" decoding=\"async\" class=\"aligncenter wp-image-3429 size-full\" src=\"\/es-es\/blogs\/ciclismo\/wp-content\/uploads\/sites\/5\/2020\/08\/bergueda_4.jpg\" alt=\"El Bergued\u00e1\" width=\"800\" height=\"600\" srcset=\"\/es-es\/blogs\/ciclismo\/wp-content\/uploads\/sites\/5\/2020\/08\/bergueda_4.jpg 800w, \/es-es\/blogs\/ciclismo\/wp-content\/uploads\/sites\/5\/2020\/08\/bergueda_4-300x225.jpg 300w, \/es-es\/blogs\/ciclismo\/wp-content\/uploads\/sites\/5\/2020\/08\/bergueda_4-768x576.jpg 768w\" sizes=\"auto, (max-width: 800px) 100vw, 800px\" \/><\/p>\n<p style=\"text-align: center;\"><em><strong>Coll de Fumanya<\/strong><\/em><\/p>\n<p>&nbsp;<\/p>\n<p>Tras coronar el collado, un breve <strong>descenso<\/strong> nos conducir\u00e1 <strong>a los 3 km finales del Coll de Pradell<\/strong>, los m\u00e1s duros sin duda de este puerto y que suponen un <strong>reto para cualquier ciclista<\/strong>.<\/p>\n<p>La <strong>rampa de 300 m cementada al 20% y con puntas del 23%<\/strong> nos obligar\u00e1n a acudir con desarrollos adecuados. En realidad, la zona requiere venir provistos de los mismos para superar las innumerables trampas de la zona, pero se hacen imprescindibles en el tramo final del Coll de Pradell.<\/p>\n<p><strong>Descenderemos el Coll de Pradell por la vertiente de Saldes<\/strong>.<\/p>\n<p>&nbsp;<\/p>\n<p><img loading=\"lazy\" decoding=\"async\" class=\"aligncenter wp-image-3430 size-full\" src=\"\/es-es\/blogs\/ciclismo\/wp-content\/uploads\/sites\/5\/2020\/08\/bergueda_5.jpg\" alt=\"El Bergued\u00e1\" width=\"800\" height=\"600\" srcset=\"\/es-es\/blogs\/ciclismo\/wp-content\/uploads\/sites\/5\/2020\/08\/bergueda_5.jpg 800w, \/es-es\/blogs\/ciclismo\/wp-content\/uploads\/sites\/5\/2020\/08\/bergueda_5-300x225.jpg 300w, \/es-es\/blogs\/ciclismo\/wp-content\/uploads\/sites\/5\/2020\/08\/bergueda_5-768x576.jpg 768w\" sizes=\"auto, (max-width: 800px) 100vw, 800px\" \/><\/p>\n<p style=\"text-align: center;\"><em><strong>Coll de Pradell<\/strong><\/em><\/p>\n<p>&nbsp;<\/p>\n<p>La conclusi\u00f3n de la etapa no presenta puertos, pero s\u00ed peque\u00f1as <strong>ascensiones<\/strong> inc\u00f3modas y que se har\u00e1n notar con lo que traemos encima: <strong>Masaners<\/strong> y el <strong>Jou<\/strong>.<\/p>\n<h2><strong>ETAPA 3: <\/strong><strong>Berga &#8211; Malpas &#8211; Rasos de Peguera &#8211; Berga (89 Km.)<\/strong><\/h2>\n<div class=\"mceTemp\">&nbsp;<\/div>\n<figure id=\"attachment_3403\" aria-describedby=\"caption-attachment-3403\" style=\"width: 800px\" class=\"wp-caption aligncenter\"><img loading=\"lazy\" decoding=\"async\" class=\"wp-image-3403 size-full\" src=\"\/es-es\/blogs\/ciclismo\/wp-content\/uploads\/sites\/5\/2020\/08\/Etapa3__esquema_ruta_Bergueda.jpg\" alt=\"Ruta ciclista por El Bergued\u00e1 en el Pirineo catal\u00e1n. Etapa 3\" width=\"800\" height=\"335\" srcset=\"\/es-es\/blogs\/ciclismo\/wp-content\/uploads\/sites\/5\/2020\/08\/Etapa3__esquema_ruta_Bergueda.jpg 800w, \/es-es\/blogs\/ciclismo\/wp-content\/uploads\/sites\/5\/2020\/08\/Etapa3__esquema_ruta_Bergueda-300x126.jpg 300w, \/es-es\/blogs\/ciclismo\/wp-content\/uploads\/sites\/5\/2020\/08\/Etapa3__esquema_ruta_Bergueda-768x322.jpg 768w\" sizes=\"auto, (max-width: 800px) 100vw, 800px\" \/><figcaption id=\"caption-attachment-3403\" class=\"wp-caption-text\"><a href=\"\/es-es\/blogs\/ciclismo\/wp-content\/uploads\/sites\/5\/2020\/08\/Etapa-3.png\" target=\"_blank\" rel=\"noopener\"><strong>Pincha aqu\u00ed<\/strong><\/a> para ver la imagen a tama\u00f1o completo<\/figcaption><\/figure>\n<p>&nbsp;<\/p>\n<p>Es <strong>la m\u00e1s corta <\/strong>de las rutas ciclistas por El Bergued\u00e1 que presentamos, pensando en que se pueda hacer de ma\u00f1ana y regresar a casa por la tarde.<\/p>\n<p>La etapa <strong>incluye la ascensi\u00f3n a Malpas (Capolat),<\/strong> considerado el peque\u00f1o Mortirolo del Bergued\u00e1 por los ciclistas de la zona. <strong>Rampas continuas del 18-20% en su trazado de 4 km<\/strong>.<\/p>\n<p>&nbsp;<\/p>\n<p><img loading=\"lazy\" decoding=\"async\" class=\"aligncenter wp-image-3432 size-full\" src=\"\/es-es\/blogs\/ciclismo\/wp-content\/uploads\/sites\/5\/2020\/08\/bergueda_6.jpg\" alt=\"El Bergued\u00e1\" width=\"800\" height=\"600\" srcset=\"\/es-es\/blogs\/ciclismo\/wp-content\/uploads\/sites\/5\/2020\/08\/bergueda_6.jpg 800w, \/es-es\/blogs\/ciclismo\/wp-content\/uploads\/sites\/5\/2020\/08\/bergueda_6-300x225.jpg 300w, \/es-es\/blogs\/ciclismo\/wp-content\/uploads\/sites\/5\/2020\/08\/bergueda_6-768x576.jpg 768w\" sizes=\"auto, (max-width: 800px) 100vw, 800px\" \/><\/p>\n<p style=\"text-align: center;\"><em><strong>Malpas (Capolat)<\/strong><\/em><\/p>\n<p>&nbsp;<\/p>\n<p><strong>Se desciende para subir de inmediato otro de categor\u00eda especial<\/strong> de la zona, la subida a la estaci\u00f3n de esqu\u00ed (actualmente cerrada) de <strong>Rasos de Peguera<\/strong> (15 km al 8% de media).<\/p>\n<p>Son n\u00fameros que nada tienen de envidiar a finales del Tour de Francia. <strong>F\u00e1cil descenso hasta Berga<\/strong> para concluir la etapa sin sorpresas ni dificultades en esta ocasi\u00f3n.<\/p>\n<p>&nbsp;<\/p>\n<p><img loading=\"lazy\" decoding=\"async\" class=\"aligncenter wp-image-3433 size-full\" src=\"\/es-es\/blogs\/ciclismo\/wp-content\/uploads\/sites\/5\/2020\/08\/bergueda_7.jpg\" alt=\"El Bergued\u00e1\" width=\"800\" height=\"600\" srcset=\"\/es-es\/blogs\/ciclismo\/wp-content\/uploads\/sites\/5\/2020\/08\/bergueda_7.jpg 800w, \/es-es\/blogs\/ciclismo\/wp-content\/uploads\/sites\/5\/2020\/08\/bergueda_7-300x225.jpg 300w, \/es-es\/blogs\/ciclismo\/wp-content\/uploads\/sites\/5\/2020\/08\/bergueda_7-768x576.jpg 768w\" sizes=\"auto, (max-width: 800px) 100vw, 800px\" \/><\/p>\n<p style=\"text-align: center;\"><em><strong>Rasos de Peguera<\/strong><\/em><\/p>\n<p>&nbsp;<\/p>\n<p><strong>Nos dejamos muchos puertos en el tintero<\/strong> en esta primera visita a la comarca de El Bergued\u00e1: Coll de la Creueta, Coll de la Bena, Collada Sobirana, Santuario de Falgars, etc., pero no importa, ser\u00e1 la <strong>excusa perfecta para regresar<\/strong> a una zona que una vez conocida nos cautivar\u00e1 y a buen seguro nos animar\u00e1 a repetir.<\/p>\n<p>&nbsp;<\/p>\n<p><img loading=\"lazy\" decoding=\"async\" class=\"aligncenter wp-image-3434 size-full\" src=\"\/es-es\/blogs\/ciclismo\/wp-content\/uploads\/sites\/5\/2020\/08\/bergueda_8.jpg\" alt=\"El Bergued\u00e1\" width=\"800\" height=\"600\" srcset=\"\/es-es\/blogs\/ciclismo\/wp-content\/uploads\/sites\/5\/2020\/08\/bergueda_8.jpg 800w, \/es-es\/blogs\/ciclismo\/wp-content\/uploads\/sites\/5\/2020\/08\/bergueda_8-300x225.jpg 300w, \/es-es\/blogs\/ciclismo\/wp-content\/uploads\/sites\/5\/2020\/08\/bergueda_8-768x576.jpg 768w\" sizes=\"auto, (max-width: 800px) 100vw, 800px\" \/><\/p>\n<p style=\"text-align: center;\"><em><strong>Castellar&nbsp;de&nbsp;N&#8217;hug<\/strong><\/em><\/p>\n<h2><em><strong>Viajes a la carta con Ziklo<\/strong><\/em><\/h2>\n<p><em>Gracias a la revista y a su esp\u00edritu \u201caventurero\u201d, nuestros amigos de la revista Ziklo han tenido la oportunidad de conocer muchos lugares, lo que les convierte en aut\u00e9nticas autoridades en materia de viajes sobre la bicicleta.<\/em><\/p>\n<p><img loading=\"lazy\" decoding=\"async\" class=\"alignleft wp-image-3439 size-medium\" src=\"\/es-es\/blogs\/ciclismo\/wp-content\/uploads\/sites\/5\/2020\/08\/ziklo-revista18-300x300.png\" alt=\"Bergued\u00e1\" width=\"300\" height=\"300\" srcset=\"\/es-es\/blogs\/ciclismo\/wp-content\/uploads\/sites\/5\/2020\/08\/ziklo-revista18-300x300.png 300w, \/es-es\/blogs\/ciclismo\/wp-content\/uploads\/sites\/5\/2020\/08\/ziklo-revista18-150x150.png 150w, \/es-es\/blogs\/ciclismo\/wp-content\/uploads\/sites\/5\/2020\/08\/ziklo-revista18-400x400.png 400w, \/es-es\/blogs\/ciclismo\/wp-content\/uploads\/sites\/5\/2020\/08\/ziklo-revista18.png 636w\" sizes=\"auto, (max-width: 300px) 100vw, 300px\" \/><\/p>\n<p><em>En ZIKLO disponen de un servicio \u201ca la carta\u201d para viajes ciclistas. Se trata de una opci\u00f3n pensada en Clubes, grupetas, marcas, presentaciones\u2026 Si les dec\u00eds las fechas, destino, tipo de etapas, kilometrajes, etc.. ellos se encargar\u00e1n de organizar todo (rutas, tracks, puertos\u2026).<\/em><\/p>\n<p><em>Planes a la carta, basados en su experiencia y con itinerarios, hoteles, etc con los que Ziklo trabaja normalmente. Os ofrecen opciones guiadas, contratando sus servicios (veh\u00edculos de apoyo, gu\u00edas, avituallamientos, etc) pero tambi\u00e9n la posibilidad de organizaros todo y que lo disfrut\u00e9is por vuestra cuenta.<\/em><\/p>\n<p><em><strong>Destinos de viajes a la carta<\/strong>: Pirineos, Alpes, Dolomitas, Camino Santiago, Andaluc\u00eda, Picos Europa, Costa da Morte (Galicia), Pa\u00eds Vasco, Rioja, Picos de Europa, Mediterr\u00e1neo&#8230; y en todas las disciplinas: Btt, carretera, gravel, e-bikes\u2026<\/em><\/p>\n<ul>\n<li><em>Ten\u00e9is toda la info <strong><a href=\"https:\/\/www.ziklo.es\/a-la-carta\/\" target=\"_blank\" rel=\"noopener\">siguiendo este enlace<\/a><\/strong>.<\/em><\/li>\n<\/ul>\n<p>&nbsp;<\/p>\n<p>&nbsp;<\/p>\n<p>&nbsp;<\/p>\n<p>Y si todav\u00eda quieres m\u00e1s \u2026 aqu\u00ed van m\u00e1s propuestas para perderte en la naturaleza:<\/p>\n<ul>\n<li><strong><a href=\"\/es-es\/blogs\/ciclismo\/ruta-ciclista-por-leon-los-rios-del-olvido\/\" target=\"_blank\" rel=\"noopener\">Ruta ciclista por Le\u00f3n: los r\u00edos del olvido<\/a><\/strong><\/li>\n<li><a href=\"https:\/\/www.forumsport.com\/es-es\/blogs\/ciclismo\/benicassim-y-benidorm-ruta-ciclista-por-las-hijas-del-mediterraneo\/\" target=\"_blank\" rel=\"noopener\"><strong>Benidorm<\/strong>&nbsp;y&nbsp;<strong>Benic\u00e0ssim<\/strong>: ruta ciclista por las hijas del Mediterr\u00e1neo<\/a><\/li>\n<li><a href=\"https:\/\/www.forumsport.com\/es-es\/blogs\/ciclismo\/jaca-en-bicicleta\/\" target=\"_blank\" rel=\"noopener\">\u00a1Descubre&nbsp;<strong>Jaca<\/strong>&nbsp;en bicicleta!<\/a><\/li>\n<li><u><a href=\"\/es-es\/blogs\/ciclismo\/ruta-ciclista-por-madeira-limite-vertical\/\" target=\"_blank\" rel=\"noopener\">Ruta ciclista por Madeira: L\u00edmite vertical<\/a><\/u><\/li>\n<li><a href=\"https:\/\/www.forumsport.com\/es-es\/blogs\/ciclismo\/hardknott-pass-el-puerto-mas-duro-y-famoso-de-inglaterra\/\" target=\"_blank\" rel=\"noopener\"><strong>Hardknott Pass<\/strong>, el puerto m\u00e1s duro y famoso de Inglaterra<\/a><\/li>\n<li><strong><a href=\"\/es-es\/blogs\/ciclismo\/72-horas-en-creta\/\" target=\"_blank\" rel=\"noopener\">72 horas en Creta<\/a><\/strong><\/li>\n<\/ul>\n<p>&nbsp;<\/p>\n<p><em>Por&nbsp;<\/em><strong><em>Rub\u00e9n Berasategui<\/em><\/strong><em>, colaborador de la revista Ziklo y de Forum Sport<\/em><\/p>\n","protected":false},"excerpt":{"rendered":"<p>Os animamos a conocer en tres etapas una zona que sorprender\u00e1 y no dejar\u00e1 indiferente al ciclista m\u00e1s exigente: tanto en calidad de puertos y rutas como en cantidad: El Bergued\u00e1, situado en el Pirineo catal\u00e1n. \u00bfTe animas a descubrirlo? [&#8230;]<\/p>\n<p><a class=\"btn btn-secondary understrap-read-more-link\" href=\"\/es-es\/blogs\/ciclismo\/ruta-ciclista-por-el-bergueda-pirineo-catalan\/\">Conocer m\u00e1s<\/a><\/p>\n","protected":false},"author":1,"featured_media":3399,"comment_status":"open","ping_status":"open","sticky":false,"template":"","format":"standard","meta":{"_seopress_robots_primary_cat":"4","ngg_post_thumbnail":0,"jetpack_post_was_ever_published":false,"_jetpack_newsletter_access":"","_jetpack_dont_email_post_to_subs":false,"_jetpack_newsletter_tier_id":0,"_jetpack_memberships_contains_paywalled_content":false,"_jetpack_memberships_contains_paid_content":false,"footnotes":"","jetpack_publicize_message":"","jetpack_publicize_feature_enabled":true,"jetpack_social_post_already_shared":true,"jetpack_social_options":{"image_generator_settings":{"template":"highway","enabled":false},"version":2}},"categories":[4],"tags":[],"class_list":{"0":"post-3395","1":"post","2":"type-post","3":"status-publish","4":"format-standard","5":"has-post-thumbnail","7":"category-rutas"},"jetpack_publicize_connections":[],"acf":[],"jetpack_sharing_enabled":true,"jetpack_featured_media_url":"\/es-es\/blogs\/ciclismo\/wp-content\/uploads\/sites\/5\/2020\/08\/portada_Coll-de-Creueta.jpg","jetpack_shortlink":"https:\/\/wp.me\/paisHG-SL","jetpack-related-posts":[],"_links":{"self":[{"href":"\/es-es\/blogs\/ciclismo\/wp-json\/wp\/v2\/posts\/3395","targetHints":{"allow":["GET"]}}],"collection":[{"href":"\/es-es\/blogs\/ciclismo\/wp-json\/wp\/v2\/posts"}],"about":[{"href":"\/es-es\/blogs\/ciclismo\/wp-json\/wp\/v2\/types\/post"}],"author":[{"embeddable":true,"href":"\/es-es\/blogs\/ciclismo\/wp-json\/wp\/v2\/users\/1"}],"replies":[{"embeddable":true,"href":"\/es-es\/blogs\/ciclismo\/wp-json\/wp\/v2\/comments?post=3395"}],"version-history":[{"count":20,"href":"\/es-es\/blogs\/ciclismo\/wp-json\/wp\/v2\/posts\/3395\/revisions"}],"predecessor-version":[{"id":9698,"href":"\/es-es\/blogs\/ciclismo\/wp-json\/wp\/v2\/posts\/3395\/revisions\/9698"}],"wp:featuredmedia":[{"embeddable":true,"href":"\/es-es\/blogs\/ciclismo\/wp-json\/wp\/v2\/media\/3399"}],"wp:attachment":[{"href":"\/es-es\/blogs\/ciclismo\/wp-json\/wp\/v2\/media?parent=3395"}],"wp:term":[{"taxonomy":"category","embeddable":true,"href":"\/es-es\/blogs\/ciclismo\/wp-json\/wp\/v2\/categories?post=3395"},{"taxonomy":"post_tag","embeddable":true,"href":"\/es-es\/blogs\/ciclismo\/wp-json\/wp\/v2\/tags?post=3395"}],"curies":[{"name":"wp","href":"https:\/\/api.w.org\/{rel}","templated":true}]}}