{"id":5510,"date":"2025-11-25T10:38:48","date_gmt":"2025-11-25T10:38:48","guid":{"rendered":"\/es-es\/blogs\/ciclismo\/?p=5510"},"modified":"2025-11-26T09:45:19","modified_gmt":"2025-11-26T09:45:19","slug":"claves-evitar-frio-en-la-bici","status":"publish","type":"post","link":"\/es-es\/blogs\/ciclismo\/claves-evitar-frio-en-la-bici\/","title":{"rendered":"C\u00f3mo evitar el fr\u00edo en la bici: \u00a1Todas las claves!"},"content":{"rendered":"<p>\u00bfEst\u00e1s cansada\/o de pasar fr\u00edo en la bici en invierno? \u00bfTe entran ganas de quedarte en el sof\u00e1 calentito y dejar de practicar tu pasi\u00f3n? Pues \u00a1se acab\u00f3! Con estas 9 reglas de oro, lo de pasar fr\u00edo en la bici va a ser historia.<\/p>\n<p>&nbsp;<\/p>\n<p><!--more--><\/p>\n<h2><strong>Claves para evitar el fr\u00edo en la bici<\/strong><\/h2>\n<p>&nbsp;<\/p>\n<h3><strong>1. Cuidado con abrigarse demasiado<\/strong><\/h3>\n<p><strong>Abrigarse en exceso puede ser perjudicial<\/strong>, retener demasiado sudor y que este se enfr\u00ede es sin\u00f3nimo de constipado.<\/p>\n<p>&nbsp;<\/p>\n<h3><strong>2. Lo m\u00e1s importante: brazos y piernas<\/strong><\/h3>\n<p><strong>Las extremidades son el punto m\u00e1s d\u00e9bil<\/strong>, mantenerlas calientes es sin\u00f3nimo de comodidad.<\/p>\n<p>Si <strong>llevamos los <a href=\"https:\/\/www.forumsport.com\/es-es\/ciclismo\/accesorios-ciclista\/guantes-ciclismo-30050-c\" target=\"_blank\" rel=\"noopener\">guantes de ciclismo<\/a> por encima de la chaqueta<\/strong> nos aseguramos de que el aire no tenga un solo recoveco para entrar.<\/p>\n<p>Estos <a href=\"https:\/\/www.forumsport.com\/es-es\/sportful-guantes-ciclismo-invierno-winter-gloves-1125533-1001067252-p\" target=\"_blank\" rel=\"noopener\">guantes largos de <strong>Sportful<\/strong><\/a> est\u00e1n especialmente dise\u00f1ados para invierno, con un rango de temperaturas de entre 5 y 15\u00baC. Su palma est\u00e1 construida en 3D para mayor confort y agarre. El dorso es cortaviento y sus dedos \u00edndice y pulgar son compatibles con pantallas t\u00e1ctiles.<\/p>\n<p>&nbsp;<\/p>\n<p><img loading=\"lazy\" decoding=\"async\" class=\"alignnone size-full wp-image-10593\" src=\"\/es-es\/blogs\/ciclismo\/wp-content\/uploads\/sites\/5\/2021\/12\/sportful1.jpg\" alt=\"sportful1\" width=\"800\" height=\"300\" srcset=\"\/es-es\/blogs\/ciclismo\/wp-content\/uploads\/sites\/5\/2021\/12\/sportful1.jpg 800w, \/es-es\/blogs\/ciclismo\/wp-content\/uploads\/sites\/5\/2021\/12\/sportful1-300x113.jpg 300w, \/es-es\/blogs\/ciclismo\/wp-content\/uploads\/sites\/5\/2021\/12\/sportful1-768x288.jpg 768w\" sizes=\"auto, (max-width: 800px) 100vw, 800px\" \/><\/p>\n<p><a href=\"https:\/\/www.forumsport.com\/es-es\/sportful-guantes-ciclismo-invierno-winter-gloves-1125533-1001067252-p\" target=\"_blank\" rel=\"noopener\"><img loading=\"lazy\" decoding=\"async\" class=\"aligncenter wp-image-5181 size-full\" src=\"https:\/\/blogs.forumsport.com\/es-es\/blogs\/montana\/wp-content\/uploads\/sites\/3\/2019\/10\/BOT\u00d3N-ver-producto.jpg\" alt=\"Fr\u00edo en la bici\" width=\"105\" height=\"30\"><\/a><\/p>\n<p>&nbsp;<\/p>\n<h3><strong>3.Hazte con una <a href=\"https:\/\/www.forumsport.com\/es-es\/ciclismo\/ropa-ciclismo\/chaqueta-ciclismo\/chaquetas-ciclismo-hombre\/chaqueta-impermeable-ciclismo-hombre-40112-c\" target=\"_blank\" rel=\"noopener\">chaqueta impermeable<\/a><\/strong><\/h3>\n<p>Debemos llevar una <a href=\"https:\/\/www.forumsport.com\/es-es\/ciclismo\/ropa-ciclismo\/chaqueta-ciclismo\/chaquetas-ciclismo-hombre\/chaqueta-impermeable-ciclismo-hombre-40112-c\" target=\"_blank\" rel=\"noopener\"><strong>chaquete impermeable<\/strong><\/a> cuando sepamos que el d\u00eda va a ser inestable. Una bolsa portaherramientas puede ser un buen lugar para alojarlo.<\/p>\n<p>La chaqueta fina cortavientos <a href=\"https:\/\/www.forumsport.com\/es-es\/sportful-chaqueta-impermeable-ciclismo-hombre-reflex-jacket-1121018-1000769025-p\" target=\"_blank\" rel=\"noopener\">Sportful Reflex<\/a> es un buen ejemplo: combina m\u00e1xima visibilidad con la protecci\u00f3n contra el viento. Est\u00e1 fabricado con un tejido con revestimiento interno que ofrece protecci\u00f3n cortavientos y frente a la lluvia ligera.<\/p>\n<p>&nbsp;<\/p>\n<p><img loading=\"lazy\" decoding=\"async\" class=\"alignnone size-full wp-image-10573\" src=\"\/es-es\/blogs\/ciclismo\/wp-content\/uploads\/sites\/5\/2021\/12\/sportful.jpg\" alt=\"sportful\" width=\"800\" height=\"600\" srcset=\"\/es-es\/blogs\/ciclismo\/wp-content\/uploads\/sites\/5\/2021\/12\/sportful.jpg 800w, \/es-es\/blogs\/ciclismo\/wp-content\/uploads\/sites\/5\/2021\/12\/sportful-300x225.jpg 300w, \/es-es\/blogs\/ciclismo\/wp-content\/uploads\/sites\/5\/2021\/12\/sportful-768x576.jpg 768w\" sizes=\"auto, (max-width: 800px) 100vw, 800px\" \/><\/p>\n<p><a href=\"https:\/\/www.forumsport.com\/es-es\/sportful-chaqueta-impermeable-ciclismo-hombre-reflex-jacket-1121018-1000769025-p\" target=\"_blank\" rel=\"noopener\"><img loading=\"lazy\" decoding=\"async\" class=\"aligncenter wp-image-5181 size-full\" src=\"https:\/\/blogs.forumsport.com\/es-es\/blogs\/montana\/wp-content\/uploads\/sites\/3\/2019\/10\/BOT\u00d3N-ver-producto.jpg\" alt=\"Fr\u00edo en la bici\" width=\"105\" height=\"30\"><\/a><\/p>\n<p>&nbsp;<\/p>\n<h3><strong>4. Truquitos para evitar el fr\u00edo en la bici<\/strong><\/h3>\n<p>Una fina pel\u00edcula de <strong>aceite corporal<\/strong> en las manos asegura un aislamiento \u00f3ptimo.<\/p>\n<p><strong>Procura no parar a tomar el bocadillo a la intemperie<\/strong> para que el sudor no se enfr\u00ede. Tampoco te quites la chaqueta, aunque sea poco tiempo.<\/p>\n<p>&nbsp;<\/p>\n<h3><strong>5. Bidones tipo termo<\/strong><\/h3>\n<p>Existen <a href=\"https:\/\/www.forumsport.com\/es-es\/ciclismo\/accesorios-bicicleta\/bidones-e-hidratacion\/bidones-ciclismo-40162-c\" target=\"_blank\" rel=\"noopener\"><strong>bidones<\/strong><\/a> semejantes a un termo, con un recubrimiento interior especial: un caf\u00e9 o un t\u00e9 caliente son la mejor medicina contra el fr\u00edo.<\/p>\n<p>Te recomendamos este modelo de <a href=\"https:\/\/www.forumsport.com\/es-es\/elite-bidones-ciclismo-bid-termo-deboyo-race-550ml-plata-709047-1000783909-p\" target=\"_blank\" rel=\"noopener\">Elite<\/a>, que nace de la necesidad de los ciclistas de mantener sus bebidas calientes durante los largos entrenamientos en sus &#8216;camps&#8217; de invierno. Est\u00e1 construido en aluminio con un anillo ergon\u00f3mico para un mejor agarre.<\/p>\n<p>&nbsp;<\/p>\n<p><img loading=\"lazy\" decoding=\"async\" class=\"alignnone size-full wp-image-10572\" src=\"\/es-es\/blogs\/ciclismo\/wp-content\/uploads\/sites\/5\/2021\/12\/bidontermico-1.jpg\" alt=\"bidontermico 1\" width=\"800\" height=\"300\" srcset=\"\/es-es\/blogs\/ciclismo\/wp-content\/uploads\/sites\/5\/2021\/12\/bidontermico-1.jpg 800w, \/es-es\/blogs\/ciclismo\/wp-content\/uploads\/sites\/5\/2021\/12\/bidontermico-1-300x113.jpg 300w, \/es-es\/blogs\/ciclismo\/wp-content\/uploads\/sites\/5\/2021\/12\/bidontermico-1-768x288.jpg 768w\" sizes=\"auto, (max-width: 800px) 100vw, 800px\" \/><\/p>\n<p><a href=\"https:\/\/www.forumsport.com\/es-es\/elite-bidones-ciclismo-bid-termo-deboyo-race-550ml-plata-709047-1000783909-p\" target=\"_blank\" rel=\"noopener\"><img loading=\"lazy\" decoding=\"async\" class=\"aligncenter wp-image-5181 size-full\" src=\"https:\/\/blogs.forumsport.com\/es-es\/blogs\/montana\/wp-content\/uploads\/sites\/3\/2019\/10\/BOT\u00d3N-ver-producto.jpg\" alt=\"Fr\u00edo en la bici\" width=\"105\" height=\"30\"><\/a><\/p>\n<p>&nbsp;<\/p>\n<h3><strong>6.Imprescindible: el guardabarros<\/strong><\/h3>\n<p>El instrumento m\u00e1s \u00fatil para la lluvia es un <a href=\"https:\/\/www.forumsport.com\/es-es\/ciclismo\/accesorios-bicicleta\/guardabarros-30064-c\" target=\"_blank\" rel=\"noopener\"><strong>guardabarros<\/strong><\/a>.<\/p>\n<p>&nbsp;<\/p>\n<p><img loading=\"lazy\" decoding=\"async\" class=\"size-full wp-image-5514\" src=\"\/es-es\/blogs\/ciclismo\/wp-content\/uploads\/sites\/5\/2021\/12\/ciclismo_frio_bici_3.jpg\" alt=\"Fr\u00edo en la bici\" width=\"800\" height=\"294\" srcset=\"\/es-es\/blogs\/ciclismo\/wp-content\/uploads\/sites\/5\/2021\/12\/ciclismo_frio_bici_3.jpg 800w, \/es-es\/blogs\/ciclismo\/wp-content\/uploads\/sites\/5\/2021\/12\/ciclismo_frio_bici_3-300x110.jpg 300w, \/es-es\/blogs\/ciclismo\/wp-content\/uploads\/sites\/5\/2021\/12\/ciclismo_frio_bici_3-768x282.jpg 768w\" sizes=\"auto, (max-width: 800px) 100vw, 800px\" \/><\/p>\n<p>&nbsp;<\/p>\n<h3><strong>7. M\u00e1s accesorios para evitar el fr\u00edo en la bici: el <a href=\"https:\/\/www.forumsport.com\/es-es\/montana\/accesorios-montana\/gorros-y-guantes-montana\/pasamontanas-40395-c\" target=\"_blank\" rel=\"noopener\">pasamonta\u00f1as<\/a><\/strong><\/h3>\n<p>Si tenemos mucho fr\u00edo en la cabeza podemos recurrir a un verdugo de Lycra. <a href=\"https:\/\/www.forumsport.com\/es-es\/vaude-pasamontanas-kids-face-mask-04032-1000877861-p\" target=\"_blank\" rel=\"noopener\">Este modelo de Vaude<\/a> es caliente, transpirable y de secado r\u00e1pido.<\/p>\n<p>&nbsp;<\/p>\n<p><img loading=\"lazy\" decoding=\"async\" class=\"alignnone size-full wp-image-10575\" src=\"\/es-es\/blogs\/ciclismo\/wp-content\/uploads\/sites\/5\/2021\/12\/pasamontanas.jpg\" alt=\"pasamontanas\" width=\"800\" height=\"300\" srcset=\"\/es-es\/blogs\/ciclismo\/wp-content\/uploads\/sites\/5\/2021\/12\/pasamontanas.jpg 800w, \/es-es\/blogs\/ciclismo\/wp-content\/uploads\/sites\/5\/2021\/12\/pasamontanas-300x113.jpg 300w, \/es-es\/blogs\/ciclismo\/wp-content\/uploads\/sites\/5\/2021\/12\/pasamontanas-768x288.jpg 768w\" sizes=\"auto, (max-width: 800px) 100vw, 800px\" \/><\/p>\n<p><a href=\"https:\/\/www.forumsport.com\/es-es\/vaude-pasamontanas-kids-face-mask-04032-1000877861-p\" target=\"_blank\" rel=\"noopener\"><img loading=\"lazy\" decoding=\"async\" class=\"aligncenter wp-image-5181 size-full\" src=\"https:\/\/blogs.forumsport.com\/es-es\/blogs\/montana\/wp-content\/uploads\/sites\/3\/2019\/10\/BOT\u00d3N-ver-producto.jpg\" alt=\"Fr\u00edo en la bici\" width=\"105\" height=\"30\"><\/a><\/p>\n<p>&nbsp;<\/p>\n<h3><strong>8. La <a href=\"https:\/\/www.forumsport.com\/es-es\/ciclismo\/ropa-ciclismo\/ropa-termica-ciclismo\/camiseta-termica-ciclismo-40132-c\" target=\"_blank\" rel=\"noopener\">camiseta t\u00e9rmica<\/a> hace milagros<\/strong><\/h3>\n<p>Una buena <strong>camiseta t\u00e9rmica<\/strong> es nuestra mejor aliada para mantener la temperatura. En nuestra web puedes encontrar diferentes modelos <a href=\"https:\/\/www.forumsport.com\/es-es\/ciclismo\/ropa-ciclismo-mujer\/camiseta-termica-ciclismo-30041-c\" target=\"_blank\" rel=\"noopener\">para mujer<\/a> o <a href=\"https:\/\/www.forumsport.com\/es-es\/ciclismo\/ropa-ciclismo-hombre\/ropa-termica-ciclismo-30034-c\" target=\"_blank\" rel=\"noopener\">para hombre<\/a>.<\/p>\n<p>&nbsp;<\/p>\n<p><img loading=\"lazy\" decoding=\"async\" class=\"alignnone size-full wp-image-10586\" src=\"\/es-es\/blogs\/ciclismo\/wp-content\/uploads\/sites\/5\/2021\/12\/tornanti_cc-sportful-lessinia-20240220-110846-0355f.jpg\" alt=\"tornanti cc sportful lessinia 20240220 110846 0355f\" width=\"800\" height=\"600\" srcset=\"\/es-es\/blogs\/ciclismo\/wp-content\/uploads\/sites\/5\/2021\/12\/tornanti_cc-sportful-lessinia-20240220-110846-0355f.jpg 800w, \/es-es\/blogs\/ciclismo\/wp-content\/uploads\/sites\/5\/2021\/12\/tornanti_cc-sportful-lessinia-20240220-110846-0355f-300x225.jpg 300w, \/es-es\/blogs\/ciclismo\/wp-content\/uploads\/sites\/5\/2021\/12\/tornanti_cc-sportful-lessinia-20240220-110846-0355f-768x576.jpg 768w\" sizes=\"auto, (max-width: 800px) 100vw, 800px\" \/><\/p>\n<p>&nbsp;<\/p>\n<h3><strong>9. Fr\u00edo en la bici: consejos de conducci\u00f3n<\/strong><\/h3>\n<p>Debemos tener en cuenta de que en invierno es conveniente ser m\u00e1s precavidos a la hora de manejar la bicicleta.<\/p>\n<p>La aparici\u00f3n de hielo o la propia lluvia pueden hacer del pavimento una superficie muy deslizante: <strong>anticipa la frenada y extrema las precauciones<\/strong>.<\/p>\n<p>Adem\u00e1s, en condiciones de mala visibilidad debes <strong><a href=\"https:\/\/www.forumsport.com\/es-es\/ciclismo\/accesorios-bicicleta\/luces-para-bicicleta-30066-c\" target=\"_blank\" rel=\"noopener\">llevar siempre una buena iluminaci\u00f3n<\/a><\/strong>: no te va a proteger del fr\u00edo, pero garantiza tu seguridad.<\/p>\n<p>&nbsp;<\/p>\n<p><img loading=\"lazy\" decoding=\"async\" class=\"alignnone size-full wp-image-5515\" src=\"\/es-es\/blogs\/ciclismo\/wp-content\/uploads\/sites\/5\/2021\/12\/ciclismo_frio_bici_4.jpg\" alt=\"Fr\u00edo en la bici\" width=\"800\" height=\"600\" srcset=\"\/es-es\/blogs\/ciclismo\/wp-content\/uploads\/sites\/5\/2021\/12\/ciclismo_frio_bici_4.jpg 800w, \/es-es\/blogs\/ciclismo\/wp-content\/uploads\/sites\/5\/2021\/12\/ciclismo_frio_bici_4-300x225.jpg 300w, \/es-es\/blogs\/ciclismo\/wp-content\/uploads\/sites\/5\/2021\/12\/ciclismo_frio_bici_4-768x576.jpg 768w\" sizes=\"auto, (max-width: 800px) 100vw, 800px\" \/><\/p>\n<p>&nbsp;<\/p>\n<p>Ahora que ya sabes c\u00f3mo no pasar fr\u00edo en la bici, \u00e9chale un vistazo a estos post&#8230; :<\/p>\n<ul>\n<li><a href=\"https:\/\/www.forumsport.com\/es-es\/blogs\/ciclismo\/mejores-bicis-de-montana-por-menos-de-1000e\/\" target=\"_blank\" rel=\"noopener\"><strong>Las mejores bicis de monta\u00f1a por menos de 1000\u20ac<\/strong><\/a><\/li>\n<li><strong><a href=\"https:\/\/www.forumsport.com\/es-es\/blogs\/ciclismo\/prueba-de-lactato-para-ciclistas-para-que-sirve\/\" target=\"_blank\" rel=\"noopener\">Prueba de lactato para ciclistas: \u00bfPara qu\u00e9 sirve?<\/a><\/strong><\/li>\n<li><strong><a href=\"https:\/\/www.forumsport.com\/es-es\/blogs\/ciclismo\/15-consejos-para-montar-en-mtb-con-lluvia\/\" target=\"_blank\" rel=\"noopener\">15 consejos para montar en MTB con lluvia<\/a><\/strong><\/li>\n<\/ul>\n","protected":false},"excerpt":{"rendered":"<p>\u00bfEst\u00e1s cansada\/o de pasar fr\u00edo en la bici en invierno? \u00bfTe entran ganas de quedarte en el sof\u00e1 calentito y dejar de practicar tu pasi\u00f3n? Pues \u00a1se acab\u00f3! Con estas 9 reglas de oro, lo de pasar fr\u00edo en la bici va a ser historia. &nbsp; [&#8230;]<\/p>\n<p><a class=\"btn btn-secondary understrap-read-more-link\" href=\"\/es-es\/blogs\/ciclismo\/claves-evitar-frio-en-la-bici\/\">Conocer m\u00e1s<\/a><\/p>\n","protected":false},"author":1,"featured_media":10600,"comment_status":"open","ping_status":"open","sticky":false,"template":"","format":"standard","meta":{"_seopress_robots_primary_cat":"3","ngg_post_thumbnail":0,"jetpack_post_was_ever_published":false,"_jetpack_newsletter_access":"","_jetpack_dont_email_post_to_subs":false,"_jetpack_newsletter_tier_id":0,"_jetpack_memberships_contains_paywalled_content":false,"_jetpack_memberships_contains_paid_content":false,"footnotes":"","jetpack_publicize_message":"","jetpack_publicize_feature_enabled":true,"jetpack_social_post_already_shared":true,"jetpack_social_options":{"image_generator_settings":{"template":"highway","enabled":false},"version":2}},"categories":[3],"tags":[],"class_list":{"0":"post-5510","1":"post","2":"type-post","3":"status-publish","4":"format-standard","5":"has-post-thumbnail","7":"category-ropa-y-accesorios"},"jetpack_publicize_connections":[],"acf":[],"jetpack_sharing_enabled":true,"jetpack_featured_media_url":"\/es-es\/blogs\/ciclismo\/wp-content\/uploads\/sites\/5\/2021\/12\/portada_frio_bici.jpg","jetpack_shortlink":"https:\/\/wp.me\/paisHG-1qS","jetpack-related-posts":[],"_links":{"self":[{"href":"\/es-es\/blogs\/ciclismo\/wp-json\/wp\/v2\/posts\/5510","targetHints":{"allow":["GET"]}}],"collection":[{"href":"\/es-es\/blogs\/ciclismo\/wp-json\/wp\/v2\/posts"}],"about":[{"href":"\/es-es\/blogs\/ciclismo\/wp-json\/wp\/v2\/types\/post"}],"author":[{"embeddable":true,"href":"\/es-es\/blogs\/ciclismo\/wp-json\/wp\/v2\/users\/1"}],"replies":[{"embeddable":true,"href":"\/es-es\/blogs\/ciclismo\/wp-json\/wp\/v2\/comments?post=5510"}],"version-history":[{"count":15,"href":"\/es-es\/blogs\/ciclismo\/wp-json\/wp\/v2\/posts\/5510\/revisions"}],"predecessor-version":[{"id":10608,"href":"\/es-es\/blogs\/ciclismo\/wp-json\/wp\/v2\/posts\/5510\/revisions\/10608"}],"wp:featuredmedia":[{"embeddable":true,"href":"\/es-es\/blogs\/ciclismo\/wp-json\/wp\/v2\/media\/10600"}],"wp:attachment":[{"href":"\/es-es\/blogs\/ciclismo\/wp-json\/wp\/v2\/media?parent=5510"}],"wp:term":[{"taxonomy":"category","embeddable":true,"href":"\/es-es\/blogs\/ciclismo\/wp-json\/wp\/v2\/categories?post=5510"},{"taxonomy":"post_tag","embeddable":true,"href":"\/es-es\/blogs\/ciclismo\/wp-json\/wp\/v2\/tags?post=5510"}],"curies":[{"name":"wp","href":"https:\/\/api.w.org\/{rel}","templated":true}]}}