{"id":619,"name":"Fede Vuelta","url":"","description":"Soy coordinador y <strong>mec\u00e1nico de ciclismo<\/strong> en la tienda de <strong>Forum Sport<\/strong> de <strong>Santander<\/strong>. Llevo en la empresa desde 1999 y, desde hace 10 a\u00f1os, soy el <strong>formador de ciclismo en Forum Sport<\/strong>, haciendo apoyos formativos a otras tiendas, seg\u00fan las necesidades que tengamos.\r\nLos primeros a\u00f1os de mi vida los pas\u00e9 en Francia y de ah\u00ed me vienen los primeros recuerdos que tengo del mundo de la bici. Desde muy joven era muy frecuente que subi\u00e9ramos mi hermano y yo alguno de los m\u00edticos puertos del lado franc\u00e9s de los Pirineos, mis preferidos eran el <strong>Aubisque<\/strong> y el <strong>Portalet<\/strong>.\r\nPosteriormente he competido sobre todo en <strong>ciclocross<\/strong> y en <strong>Descenso<\/strong>. En ambas modalidades consegu\u00ed ser <strong>campe\u00f3n de Cantabria<\/strong>. Actualmente soy el <strong>seleccionador de Cantabria de ciclocross<\/strong>, puesto que llevo ocupando desde el a\u00f1o 2010.\r\nMe apasiona es estar muy al tanto de toda la actualidad de las novedades de material y de todo lo que tenga que ver con la bicicleta y eso es lo que espero poder transmitiros en este blog.","link":"\/es-es\/blogs\/ciclismo\/author\/fedevuelta\/","slug":"fedevuelta","avatar_urls":{"24":"https:\/\/secure.gravatar.com\/avatar\/b592f0892267d034328154f16c362753?s=24&d=mm&r=g","48":"https:\/\/secure.gravatar.com\/avatar\/b592f0892267d034328154f16c362753?s=48&d=mm&r=g","96":"https:\/\/secure.gravatar.com\/avatar\/b592f0892267d034328154f16c362753?s=96&d=mm&r=g"},"meta":[],"acf":[],"_links":{"self":[{"href":"\/es-es\/blogs\/ciclismo\/wp-json\/wp\/v2\/users\/619","targetHints":{"allow":["GET"]}}],"collection":[{"href":"\/es-es\/blogs\/ciclismo\/wp-json\/wp\/v2\/users"}]}}