{"id":1001,"date":"2017-06-21T08:00:51","date_gmt":"2017-06-21T08:00:51","guid":{"rendered":"\/es-es\/blogs\/montana\/?p=1001"},"modified":"2017-06-21T13:19:17","modified_gmt":"2017-06-21T13:19:17","slug":"son-necesarios-los-bastones-de-trekking","status":"publish","type":"post","link":"\/es-es\/blogs\/montana\/son-necesarios-los-bastones-de-trekking\/","title":{"rendered":"\u00bfSon necesarios los bastones de Trekking?"},"content":{"rendered":"<p>Se suele decir que los seres humanos comenzamos a andar \u201da cuatro patas\u201d y acabamos haci\u00e9ndolo de la misma manera: en la infancia gateamos, buscando con esos cuatro apoyos la estabilidad que todav\u00eda no conseguimos andando erguidos. Y cuando las articulaciones, los m\u00fasculos que las mueven y nuestro equilibrio se van deteriorando por el paso del tiempo, recurrimos a la ayuda de un bast\u00f3n, primero, y de un par de ellos, o de muletas, despu\u00e9s, para seguir movi\u00e9ndonos.<\/p>\n<p>Parece claro que los <strong>bastones de trekking<\/strong> pueden ser muy \u00fatiles pero, \u00a1profundicemos en su an\u00e1lisis!<\/p>\n<p><!--more--><\/p>\n<p>La <strong>Comisi\u00f3n M\u00e9dica de la Uni\u00f3n Internacional de Asociaciones de Alpinismo<\/strong> realiz\u00f3 hace alg\u00fan tiempo un an\u00e1lisis sobre el uso de estos elementos en monta\u00f1a.<\/p>\n<h2>Pros y contras de los bastones de trekking<\/h2>\n<p>Consideraban que pod\u00edan ser <strong>recomendables en casos de personas de edad avanzada<\/strong> o con <strong>exceso de peso<\/strong> corporal, cuando se portean<strong> mochilas muy pesadas<\/strong>, en <strong>terrenos resbaladizos<\/strong>, al andar de noche o con niebla y en caso de padecer problemas articulares en piernas o de la columna vertebral.<\/p>\n<p><img loading=\"lazy\" decoding=\"async\" data-attachment-id=\"1010\" data-permalink=\"\/es-es\/blogs\/montana\/son-necesarios-los-bastones-de-trekking\/dos-bastones\/\" data-orig-file=\"\/es-es\/blogs\/montana\/wp-content\/uploads\/sites\/3\/2017\/06\/DOS-BASTONES.jpg\" data-orig-size=\"640,480\" data-comments-opened=\"1\" data-image-meta=\"{&quot;aperture&quot;:&quot;0&quot;,&quot;credit&quot;:&quot;&quot;,&quot;camera&quot;:&quot;&quot;,&quot;caption&quot;:&quot;&quot;,&quot;created_timestamp&quot;:&quot;0&quot;,&quot;copyright&quot;:&quot;&quot;,&quot;focal_length&quot;:&quot;0&quot;,&quot;iso&quot;:&quot;0&quot;,&quot;shutter_speed&quot;:&quot;0&quot;,&quot;title&quot;:&quot;&quot;,&quot;orientation&quot;:&quot;0&quot;}\" data-image-title=\"DOS BASTONES\" data-image-description=\"\" data-image-caption=\"\" data-medium-file=\"\/es-es\/blogs\/montana\/wp-content\/uploads\/sites\/3\/2017\/06\/DOS-BASTONES-300x225.jpg\" data-large-file=\"\/es-es\/blogs\/montana\/wp-content\/uploads\/sites\/3\/2017\/06\/DOS-BASTONES.jpg\" class=\"aligncenter size-full wp-image-1010\" src=\"\/es-es\/blogs\/montana\/wp-content\/uploads\/sites\/3\/2017\/06\/DOS-BASTONES.jpg\" alt=\"bastones de trekking\" width=\"640\" height=\"480\" srcset=\"\/es-es\/blogs\/montana\/wp-content\/uploads\/sites\/3\/2017\/06\/DOS-BASTONES.jpg 640w, \/es-es\/blogs\/montana\/wp-content\/uploads\/sites\/3\/2017\/06\/DOS-BASTONES-300x225.jpg 300w\" sizes=\"auto, (max-width: 640px) 100vw, 640px\" \/><\/p>\n<p>Sin embargo, encontraban algunas <strong>contraindicaciones para su uso en ciertas situaciones<\/strong>: si se emplean mal -muy separados del cuerpo-, se generan esfuerzos de rotaci\u00f3n poco recomendables. Y si se usan en zonas de trepada o pedreras de grandes bloques, en las que tener las manos ocupadas puede dificultar la defensa ante una ca\u00edda.<\/p>\n<figure id=\"attachment_1007\" aria-describedby=\"caption-attachment-1007\" style=\"width: 640px\" class=\"wp-caption aligncenter\"><img loading=\"lazy\" decoding=\"async\" data-attachment-id=\"1007\" data-permalink=\"\/es-es\/blogs\/montana\/son-necesarios-los-bastones-de-trekking\/prescindir-de-los-bastones\/\" data-orig-file=\"\/es-es\/blogs\/montana\/wp-content\/uploads\/sites\/3\/2017\/06\/prescindir-de-los-bastones.jpg\" data-orig-size=\"640,480\" data-comments-opened=\"1\" data-image-meta=\"{&quot;aperture&quot;:&quot;0&quot;,&quot;credit&quot;:&quot;&quot;,&quot;camera&quot;:&quot;&quot;,&quot;caption&quot;:&quot;&quot;,&quot;created_timestamp&quot;:&quot;0&quot;,&quot;copyright&quot;:&quot;&quot;,&quot;focal_length&quot;:&quot;0&quot;,&quot;iso&quot;:&quot;0&quot;,&quot;shutter_speed&quot;:&quot;0&quot;,&quot;title&quot;:&quot;&quot;,&quot;orientation&quot;:&quot;0&quot;}\" data-image-title=\"prescindir de los bastones\" data-image-description=\"\" data-image-caption=\"\" data-medium-file=\"\/es-es\/blogs\/montana\/wp-content\/uploads\/sites\/3\/2017\/06\/prescindir-de-los-bastones-300x225.jpg\" data-large-file=\"\/es-es\/blogs\/montana\/wp-content\/uploads\/sites\/3\/2017\/06\/prescindir-de-los-bastones.jpg\" class=\"wp-image-1007 size-full\" src=\"\/es-es\/blogs\/montana\/wp-content\/uploads\/sites\/3\/2017\/06\/prescindir-de-los-bastones.jpg\" width=\"640\" height=\"480\" srcset=\"\/es-es\/blogs\/montana\/wp-content\/uploads\/sites\/3\/2017\/06\/prescindir-de-los-bastones.jpg 640w, \/es-es\/blogs\/montana\/wp-content\/uploads\/sites\/3\/2017\/06\/prescindir-de-los-bastones-300x225.jpg 300w\" sizes=\"auto, (max-width: 640px) 100vw, 640px\" \/><figcaption id=\"caption-attachment-1007\" class=\"wp-caption-text\">En algunos terrenos complicados es mejor prescindir del uso de bastones.<\/figcaption><\/figure>\n<p>&nbsp;<\/p>\n<p>Otra consecuencia negativa de su empleo habitual podr\u00eda ser un cierto deterioro del sentido del equilibrio al andar, o de la coordinaci\u00f3n.\u00a0El informe acaba sugiriendo que, con las excepciones citadas respecto al peso y las lesiones articulares, no ser\u00eda conveniente utilizar de forma continua e indiscriminada los bastones de monte.<\/p>\n<h2>Para qu\u00e9 te servir\u00e1n los bastones de trekking<\/h2>\n<p>Le\u00eddo lo anterior, podemos tener dudas sobre si es bueno usar bast\u00f3n o bastones.\u00a0Como tantas veces ocurre en Medicina, la respuesta debe ser\u00a0 \u201cdepende\u201d.\u00a0Comenzaremos viendo para qu\u00e9 nos pueden servir:<\/p>\n<p><strong>-Para mantener el equilibrio<\/strong>. Esto es especialmente importante cuando nos movemos sobre terrenos de escasa o mala adherencia, como pueden ser los embarrados, nevados o helados. En tales condiciones, un apoyo extra es de agradecer, por si una pierna pierde su apoyo al deslizarse el calzado.<\/p>\n<figure id=\"attachment_1004\" aria-describedby=\"caption-attachment-1004\" style=\"width: 229px\" class=\"wp-caption alignleft\"><img loading=\"lazy\" decoding=\"async\" data-attachment-id=\"1004\" data-permalink=\"\/es-es\/blogs\/montana\/son-necesarios-los-bastones-de-trekking\/ecarga-de-trabajo-de-las-rodillas\/\" data-orig-file=\"\/es-es\/blogs\/montana\/wp-content\/uploads\/sites\/3\/2017\/06\/Ecarga-de-trabajo-de-las-rodillas.jpg\" data-orig-size=\"640,839\" data-comments-opened=\"1\" data-image-meta=\"{&quot;aperture&quot;:&quot;0&quot;,&quot;credit&quot;:&quot;&quot;,&quot;camera&quot;:&quot;&quot;,&quot;caption&quot;:&quot;&quot;,&quot;created_timestamp&quot;:&quot;0&quot;,&quot;copyright&quot;:&quot;&quot;,&quot;focal_length&quot;:&quot;0&quot;,&quot;iso&quot;:&quot;0&quot;,&quot;shutter_speed&quot;:&quot;0&quot;,&quot;title&quot;:&quot;&quot;,&quot;orientation&quot;:&quot;0&quot;}\" data-image-title=\"Ecarga de trabajo de las rodillas\" data-image-description=\"\" data-image-caption=\"\" data-medium-file=\"\/es-es\/blogs\/montana\/wp-content\/uploads\/sites\/3\/2017\/06\/Ecarga-de-trabajo-de-las-rodillas-229x300.jpg\" data-large-file=\"\/es-es\/blogs\/montana\/wp-content\/uploads\/sites\/3\/2017\/06\/Ecarga-de-trabajo-de-las-rodillas.jpg\" class=\"wp-image-1004 size-medium\" src=\"\/es-es\/blogs\/montana\/wp-content\/uploads\/sites\/3\/2017\/06\/Ecarga-de-trabajo-de-las-rodillas-229x300.jpg\" width=\"229\" height=\"300\" srcset=\"\/es-es\/blogs\/montana\/wp-content\/uploads\/sites\/3\/2017\/06\/Ecarga-de-trabajo-de-las-rodillas-229x300.jpg 229w, \/es-es\/blogs\/montana\/wp-content\/uploads\/sites\/3\/2017\/06\/Ecarga-de-trabajo-de-las-rodillas.jpg 640w\" sizes=\"auto, (max-width: 229px) 100vw, 229px\" \/><figcaption id=\"caption-attachment-1004\" class=\"wp-caption-text\">El bast\u00f3n nos ayuda a reducir la carga de trabajo en las rodillas.<\/figcaption><\/figure>\n<p><strong>-Para reducir el peso que soportan nuestras rodillas y caderas durante los descensos<\/strong>. M\u00e1s de una persona de las que ha compartido camino conmigo me ha confesado que su mayor problema f\u00edsico en el monte no era subir, sino bajar, dado el mal estado de alguna de esas articulaciones, debido a la edad o a lesiones. Si llevamos bastones y los usamos bien, cada vez que posamos un pie en el suelo tendremos apoyado, simult\u00e1neamente, un bast\u00f3n. Y la presi\u00f3n que hagamos con \u00e9l sobre el suelo ser\u00e1 el peso que reduciremos de la correspondiente cadera o rodilla.<\/p>\n<p>Imaginemos una persona de 75 kilos de peso. Si utiliza sendos bastones y apoya unos 5 kilos en cada uno, el peso que soportar\u00e1 la pierna que tiene en el suelo apoyada no ser\u00e1 de 75 Kg., sino de 70, puesto que los otros 5 ser\u00e1n soportados por el brazo contralateral a trav\u00e9s del bast\u00f3n.<\/p>\n<p>Aparentemente eso es poco, pero si consideramos que -siendo de talla media- durante una excursi\u00f3n de apenas 10 kil\u00f3metros daremos unos 14.000 pasos, y en cada uno restaremos de las piernas 5 kilos, <strong>al final del recorrido habremos liberado a las maltrechas articulaciones de la extremidad inferior de unas 70 impresionantes toneladas<\/strong>, que habr\u00e1n sido soportadas por los brazos.<\/p>\n<p>\u00a1Y eso s\u00ed que es una buena ayuda!<\/p>\n<p><strong>-Para ayudarnos a subir mejor o m\u00e1s r\u00e1pido<\/strong>. Cuantos m\u00e1s m\u00fasculos se utilizan al andar, y cuanto mayor es su masa, menos nos cansamos y m\u00e1s r\u00e1pido lo hacemos. Por eso muchas personas emplean bastones en los ascensos de las carreras de monta\u00f1a; para ayudar a las piernas con el esfuerzo de sus brazos.<\/p>\n<figure id=\"attachment_1006\" aria-describedby=\"caption-attachment-1006\" style=\"width: 640px\" class=\"wp-caption aligncenter\"><img loading=\"lazy\" decoding=\"async\" data-attachment-id=\"1006\" data-permalink=\"\/es-es\/blogs\/montana\/son-necesarios-los-bastones-de-trekking\/piernas-y-bastones\/\" data-orig-file=\"\/es-es\/blogs\/montana\/wp-content\/uploads\/sites\/3\/2017\/06\/Piernas-y-bastones.jpg\" data-orig-size=\"640,480\" data-comments-opened=\"1\" data-image-meta=\"{&quot;aperture&quot;:&quot;0&quot;,&quot;credit&quot;:&quot;&quot;,&quot;camera&quot;:&quot;&quot;,&quot;caption&quot;:&quot;&quot;,&quot;created_timestamp&quot;:&quot;0&quot;,&quot;copyright&quot;:&quot;&quot;,&quot;focal_length&quot;:&quot;0&quot;,&quot;iso&quot;:&quot;0&quot;,&quot;shutter_speed&quot;:&quot;0&quot;,&quot;title&quot;:&quot;&quot;,&quot;orientation&quot;:&quot;0&quot;}\" data-image-title=\"Piernas y bastones\" data-image-description=\"\" data-image-caption=\"&lt;p&gt;Durante el ascenso podemos ayudar a nuestras piernas usando bastones.&lt;\/p&gt;\n\" data-medium-file=\"\/es-es\/blogs\/montana\/wp-content\/uploads\/sites\/3\/2017\/06\/Piernas-y-bastones-300x225.jpg\" data-large-file=\"\/es-es\/blogs\/montana\/wp-content\/uploads\/sites\/3\/2017\/06\/Piernas-y-bastones.jpg\" class=\"size-full wp-image-1006\" src=\"\/es-es\/blogs\/montana\/wp-content\/uploads\/sites\/3\/2017\/06\/Piernas-y-bastones.jpg\" alt=\"bastones de trekking\" width=\"640\" height=\"480\" srcset=\"\/es-es\/blogs\/montana\/wp-content\/uploads\/sites\/3\/2017\/06\/Piernas-y-bastones.jpg 640w, \/es-es\/blogs\/montana\/wp-content\/uploads\/sites\/3\/2017\/06\/Piernas-y-bastones-300x225.jpg 300w\" sizes=\"auto, (max-width: 640px) 100vw, 640px\" \/><figcaption id=\"caption-attachment-1006\" class=\"wp-caption-text\">Durante el ascenso podemos ayudar a nuestras piernas usando bastones.<\/figcaption><\/figure>\n<p>&nbsp;<\/p>\n<p><strong>-Para superar obst\u00e1culos. <\/strong>Es otra de las actividades en las que el apoyo extra de un palo o bast\u00f3n es muy de agradecer o resulta imprescindible, seg\u00fan sea el caso. Sin llegar al extremo de los pastores canarios, que con su palo son capaces de realizar saltos impresionantes entre riscos, un buen bast\u00f3n permite alargar la zancada o el salto y salvar distancias o alturas dif\u00edciles de lograr sin \u00e9l.<\/p>\n<figure id=\"attachment_1005\" aria-describedby=\"caption-attachment-1005\" style=\"width: 306px\" class=\"wp-caption aligncenter\"><img loading=\"lazy\" decoding=\"async\" data-attachment-id=\"1005\" data-permalink=\"\/es-es\/blogs\/montana\/son-necesarios-los-bastones-de-trekking\/palo-canario\/\" data-orig-file=\"\/es-es\/blogs\/montana\/wp-content\/uploads\/sites\/3\/2017\/06\/palo-canario.jpg\" data-orig-size=\"640,1047\" data-comments-opened=\"1\" data-image-meta=\"{&quot;aperture&quot;:&quot;0&quot;,&quot;credit&quot;:&quot;&quot;,&quot;camera&quot;:&quot;&quot;,&quot;caption&quot;:&quot;&quot;,&quot;created_timestamp&quot;:&quot;0&quot;,&quot;copyright&quot;:&quot;&quot;,&quot;focal_length&quot;:&quot;0&quot;,&quot;iso&quot;:&quot;0&quot;,&quot;shutter_speed&quot;:&quot;0&quot;,&quot;title&quot;:&quot;&quot;,&quot;orientation&quot;:&quot;0&quot;}\" data-image-title=\"palo canario\" data-image-description=\"\" data-image-caption=\"&lt;p&gt;Practicando con el palo canario.&lt;\/p&gt;\n\" data-medium-file=\"\/es-es\/blogs\/montana\/wp-content\/uploads\/sites\/3\/2017\/06\/palo-canario-183x300.jpg\" data-large-file=\"\/es-es\/blogs\/montana\/wp-content\/uploads\/sites\/3\/2017\/06\/palo-canario-626x1024.jpg\" class=\"wp-image-1005\" src=\"\/es-es\/blogs\/montana\/wp-content\/uploads\/sites\/3\/2017\/06\/palo-canario-626x1024.jpg\" width=\"306\" height=\"500\" srcset=\"\/es-es\/blogs\/montana\/wp-content\/uploads\/sites\/3\/2017\/06\/palo-canario-626x1024.jpg 626w, \/es-es\/blogs\/montana\/wp-content\/uploads\/sites\/3\/2017\/06\/palo-canario-183x300.jpg 183w, \/es-es\/blogs\/montana\/wp-content\/uploads\/sites\/3\/2017\/06\/palo-canario.jpg 640w\" sizes=\"auto, (max-width: 306px) 100vw, 306px\" \/><figcaption id=\"caption-attachment-1005\" class=\"wp-caption-text\">Practicando con el palo canario.<\/figcaption><\/figure>\n<p>&nbsp;<\/p>\n<p><strong>-Para proporcionarnos defensa <\/strong>frente a la actitud amenazadora de algunos animales que podemos encontrar en el monte o frente a las aceradas p\u00faas de las zarzas y otros vegetales, cuando el camino se est\u00e1 cerrando o, simplemente, nos hemos salido de \u00e9l, a la aventura.<\/p>\n<p>En las situaciones que hemos descrito, est\u00e1 claro que usar bastones ser\u00e1 positivo, siempre que lo hagamos bien.<\/p>\n<h2>\u00bfUn bast\u00f3n o dos?<\/h2>\n<p>Es otra duda frecuente. Si tenemos una lesi\u00f3n en una pierna, llevar un bast\u00f3n en la mano opuesta har\u00e1 que podamos descargarle de parte del trabajo de soportar nuestro peso y el que llevamos a cuestas, puesto que apoyaremos a la vez la extremidad inferior \u201cdelicada\u201d y el bast\u00f3n.<\/p>\n<p>Pero eso crea un uso asim\u00e9trico que no ser\u00eda aconsejable en el resto de los casos. As\u00ed pues, si los queremos para impulsarnos en las subidas o para descargar peso en las bajadas, mejor ser\u00e1 si empleamos dos bastones.<\/p>\n<p><img loading=\"lazy\" decoding=\"async\" data-attachment-id=\"1012\" data-permalink=\"\/es-es\/blogs\/montana\/son-necesarios-los-bastones-de-trekking\/subida-bastones\/\" data-orig-file=\"\/es-es\/blogs\/montana\/wp-content\/uploads\/sites\/3\/2017\/06\/SUBIDA-BASTONES.jpg\" data-orig-size=\"640,480\" data-comments-opened=\"1\" data-image-meta=\"{&quot;aperture&quot;:&quot;0&quot;,&quot;credit&quot;:&quot;&quot;,&quot;camera&quot;:&quot;&quot;,&quot;caption&quot;:&quot;&quot;,&quot;created_timestamp&quot;:&quot;0&quot;,&quot;copyright&quot;:&quot;&quot;,&quot;focal_length&quot;:&quot;0&quot;,&quot;iso&quot;:&quot;0&quot;,&quot;shutter_speed&quot;:&quot;0&quot;,&quot;title&quot;:&quot;&quot;,&quot;orientation&quot;:&quot;0&quot;}\" data-image-title=\"SUBIDA BASTONES\" data-image-description=\"\" data-image-caption=\"\" data-medium-file=\"\/es-es\/blogs\/montana\/wp-content\/uploads\/sites\/3\/2017\/06\/SUBIDA-BASTONES-300x225.jpg\" data-large-file=\"\/es-es\/blogs\/montana\/wp-content\/uploads\/sites\/3\/2017\/06\/SUBIDA-BASTONES.jpg\" class=\"aligncenter size-full wp-image-1012\" src=\"\/es-es\/blogs\/montana\/wp-content\/uploads\/sites\/3\/2017\/06\/SUBIDA-BASTONES.jpg\" alt=\"bastones de trekking\" width=\"640\" height=\"480\" srcset=\"\/es-es\/blogs\/montana\/wp-content\/uploads\/sites\/3\/2017\/06\/SUBIDA-BASTONES.jpg 640w, \/es-es\/blogs\/montana\/wp-content\/uploads\/sites\/3\/2017\/06\/SUBIDA-BASTONES-300x225.jpg 300w\" sizes=\"auto, (max-width: 640px) 100vw, 640px\" \/><\/p>\n<p>&nbsp;<\/p>\n<p><em>Por\u00a0<strong>Kepa Lizarraga<\/strong> (Especialista en Medicina del Deporte y colaborador de Forum Sport).<\/em><\/p>\n","protected":false},"excerpt":{"rendered":"<p>Se suele decir que los seres humanos comenzamos a andar \u201da cuatro patas\u201d y acabamos haci\u00e9ndolo de la misma manera: en la infancia gateamos, buscando con esos cuatro apoyos la estabilidad que todav\u00eda no conseguimos andando erguidos. Y cuando las articulaciones, los m\u00fasculos que las mueven y nuestro equilibrio se van deteriorando por el paso [&#8230;]<\/p>\n<p><a class=\"btn btn-secondary understrap-read-more-link\" href=\"\/es-es\/blogs\/montana\/son-necesarios-los-bastones-de-trekking\/\">Conocer m\u00e1s<\/a><\/p>\n","protected":false},"author":1,"featured_media":1074,"comment_status":"open","ping_status":"open","sticky":false,"template":"","format":"standard","meta":{"_seopress_robots_primary_cat":"","ngg_post_thumbnail":0,"jetpack_post_was_ever_published":false,"_jetpack_newsletter_access":"","_jetpack_dont_email_post_to_subs":false,"_jetpack_newsletter_tier_id":0,"_jetpack_memberships_contains_paywalled_content":false,"_jetpack_memberships_contains_paid_content":false,"footnotes":"","jetpack_publicize_message":"","jetpack_publicize_feature_enabled":true,"jetpack_social_post_already_shared":true,"jetpack_social_options":{"image_generator_settings":{"template":"highway","enabled":false},"version":2}},"categories":[6],"tags":[96,165,166],"class_list":{"0":"post-1001","1":"post","2":"type-post","3":"status-publish","4":"format-standard","5":"has-post-thumbnail","7":"category-material","8":"tag-bastones","9":"tag-bastones-de-trekking","10":"tag-palo-canario"},"jetpack_publicize_connections":[],"acf":[],"jetpack_sharing_enabled":true,"jetpack_featured_media_url":"\/es-es\/blogs\/montana\/wp-content\/uploads\/sites\/3\/2017\/06\/bastones_destacado4.jpg","jetpack_shortlink":"https:\/\/wp.me\/p8n7Aj-g9","jetpack-related-posts":[],"_links":{"self":[{"href":"\/es-es\/blogs\/montana\/wp-json\/wp\/v2\/posts\/1001","targetHints":{"allow":["GET"]}}],"collection":[{"href":"\/es-es\/blogs\/montana\/wp-json\/wp\/v2\/posts"}],"about":[{"href":"\/es-es\/blogs\/montana\/wp-json\/wp\/v2\/types\/post"}],"author":[{"embeddable":true,"href":"\/es-es\/blogs\/montana\/wp-json\/wp\/v2\/users\/1"}],"replies":[{"embeddable":true,"href":"\/es-es\/blogs\/montana\/wp-json\/wp\/v2\/comments?post=1001"}],"version-history":[{"count":15,"href":"\/es-es\/blogs\/montana\/wp-json\/wp\/v2\/posts\/1001\/revisions"}],"predecessor-version":[{"id":1082,"href":"\/es-es\/blogs\/montana\/wp-json\/wp\/v2\/posts\/1001\/revisions\/1082"}],"wp:featuredmedia":[{"embeddable":true,"href":"\/es-es\/blogs\/montana\/wp-json\/wp\/v2\/media\/1074"}],"wp:attachment":[{"href":"\/es-es\/blogs\/montana\/wp-json\/wp\/v2\/media?parent=1001"}],"wp:term":[{"taxonomy":"category","embeddable":true,"href":"\/es-es\/blogs\/montana\/wp-json\/wp\/v2\/categories?post=1001"},{"taxonomy":"post_tag","embeddable":true,"href":"\/es-es\/blogs\/montana\/wp-json\/wp\/v2\/tags?post=1001"}],"curies":[{"name":"wp","href":"https:\/\/api.w.org\/{rel}","templated":true}]}}