{"id":11156,"date":"2025-05-13T13:21:20","date_gmt":"2025-05-13T13:21:20","guid":{"rendered":"\/es-es\/blogs\/montana\/?p=11156"},"modified":"2025-05-14T15:47:55","modified_gmt":"2025-05-14T15:47:55","slug":"como-llevar-la-mochila-pegada-o-separada-de-la-espalda","status":"publish","type":"post","link":"\/es-es\/blogs\/montana\/como-llevar-la-mochila-pegada-o-separada-de-la-espalda\/","title":{"rendered":"C\u00f3mo llevar la mochila: \u00bfPegada o separada de la espalda?"},"content":{"rendered":"<p>Hoy nos preguntamos c\u00f3mo llevar la mochila: \u00bfEs mejor llevarla pegada a la espalda o separada? Hemos realizado un peque\u00f1o experimento con algunas mediciones para que puedas sacar tus conclusiones&#8230;<br \/>\n<!--more--><\/p>\n<p>Una de las formas habituales de llevar cargas en monta\u00f1a es mediante la mochila.&nbsp;<\/p>\n<p>Con variantes de la misma, en cada regi\u00f3n monta\u00f1osa encontraremos elementos similares que han sido utilizados de forma ancestral para acarrear bultos.<\/p>\n<p>&nbsp;<\/p>\n<p><a href=\"\/es-es\/blogs\/montana\/wp-content\/uploads\/sites\/3\/2022\/06\/outdoor_mochila_pegada_o_separada_3.jpg\"><img loading=\"lazy\" decoding=\"async\" data-attachment-id=\"11164\" data-permalink=\"\/es-es\/blogs\/montana\/como-llevar-la-mochila-pegada-o-separada-de-la-espalda\/outdoor_mochila_pegada_o_separada_3\/\" data-orig-file=\"\/es-es\/blogs\/montana\/wp-content\/uploads\/sites\/3\/2022\/06\/outdoor_mochila_pegada_o_separada_3.jpg\" data-orig-size=\"800,600\" data-comments-opened=\"1\" data-image-meta=\"{&quot;aperture&quot;:&quot;0&quot;,&quot;credit&quot;:&quot;&quot;,&quot;camera&quot;:&quot;&quot;,&quot;caption&quot;:&quot;&quot;,&quot;created_timestamp&quot;:&quot;1656039410&quot;,&quot;copyright&quot;:&quot;&quot;,&quot;focal_length&quot;:&quot;0&quot;,&quot;iso&quot;:&quot;0&quot;,&quot;shutter_speed&quot;:&quot;0&quot;,&quot;title&quot;:&quot;&quot;,&quot;orientation&quot;:&quot;0&quot;}\" data-image-title=\"outdoor_mochila_pegada_o_separada_3\" data-image-description=\"\" data-image-caption=\"\" data-medium-file=\"\/es-es\/blogs\/montana\/wp-content\/uploads\/sites\/3\/2022\/06\/outdoor_mochila_pegada_o_separada_3-300x225.jpg\" data-large-file=\"\/es-es\/blogs\/montana\/wp-content\/uploads\/sites\/3\/2022\/06\/outdoor_mochila_pegada_o_separada_3.jpg\" class=\"alignnone size-full wp-image-11164\" src=\"\/es-es\/blogs\/montana\/wp-content\/uploads\/sites\/3\/2022\/06\/outdoor_mochila_pegada_o_separada_3.jpg\" alt=\"c\u00f3mo llevar la mochila\" width=\"800\" height=\"600\" srcset=\"\/es-es\/blogs\/montana\/wp-content\/uploads\/sites\/3\/2022\/06\/outdoor_mochila_pegada_o_separada_3.jpg 800w, \/es-es\/blogs\/montana\/wp-content\/uploads\/sites\/3\/2022\/06\/outdoor_mochila_pegada_o_separada_3-300x225.jpg 300w, \/es-es\/blogs\/montana\/wp-content\/uploads\/sites\/3\/2022\/06\/outdoor_mochila_pegada_o_separada_3-768x576.jpg 768w\" sizes=\"auto, (max-width: 800px) 100vw, 800px\" \/><\/a><\/p>\n<p><a href=\"\/es-es\/blogs\/montana\/wp-content\/uploads\/sites\/3\/2022\/06\/outdoor_mochila_pegada_o_separada_2.jpg\"><img loading=\"lazy\" decoding=\"async\" data-attachment-id=\"11163\" data-permalink=\"\/es-es\/blogs\/montana\/como-llevar-la-mochila-pegada-o-separada-de-la-espalda\/outdoor_mochila_pegada_o_separada_2\/\" data-orig-file=\"\/es-es\/blogs\/montana\/wp-content\/uploads\/sites\/3\/2022\/06\/outdoor_mochila_pegada_o_separada_2.jpg\" data-orig-size=\"800,600\" data-comments-opened=\"1\" data-image-meta=\"{&quot;aperture&quot;:&quot;0&quot;,&quot;credit&quot;:&quot;SANTIAGO YANIZ ARAMENDIA&quot;,&quot;camera&quot;:&quot;&quot;,&quot;caption&quot;:&quot;&quot;,&quot;created_timestamp&quot;:&quot;1656039361&quot;,&quot;copyright&quot;:&quot;&quot;,&quot;focal_length&quot;:&quot;0&quot;,&quot;iso&quot;:&quot;0&quot;,&quot;shutter_speed&quot;:&quot;0&quot;,&quot;title&quot;:&quot;&quot;,&quot;orientation&quot;:&quot;0&quot;}\" data-image-title=\"outdoor_mochila_pegada_o_separada_2\" data-image-description=\"\" data-image-caption=\"\" data-medium-file=\"\/es-es\/blogs\/montana\/wp-content\/uploads\/sites\/3\/2022\/06\/outdoor_mochila_pegada_o_separada_2-300x225.jpg\" data-large-file=\"\/es-es\/blogs\/montana\/wp-content\/uploads\/sites\/3\/2022\/06\/outdoor_mochila_pegada_o_separada_2.jpg\" class=\"size-full wp-image-11163 aligncenter\" src=\"\/es-es\/blogs\/montana\/wp-content\/uploads\/sites\/3\/2022\/06\/outdoor_mochila_pegada_o_separada_2.jpg\" alt=\"c\u00f3mo llevar la mochila\" width=\"800\" height=\"600\" srcset=\"\/es-es\/blogs\/montana\/wp-content\/uploads\/sites\/3\/2022\/06\/outdoor_mochila_pegada_o_separada_2.jpg 800w, \/es-es\/blogs\/montana\/wp-content\/uploads\/sites\/3\/2022\/06\/outdoor_mochila_pegada_o_separada_2-300x225.jpg 300w, \/es-es\/blogs\/montana\/wp-content\/uploads\/sites\/3\/2022\/06\/outdoor_mochila_pegada_o_separada_2-768x576.jpg 768w\" sizes=\"auto, (max-width: 800px) 100vw, 800px\" \/><\/a><\/p>\n<p>Entre las mochilas de que disponemos en la actualidad podemos distinguir tres grandes grupos en funci\u00f3n del dise\u00f1o de la espaldera:<\/p>\n<ul>\n<li>Aquellas que van <strong>pegadas a nuestro cuerpo<\/strong>.<\/li>\n<li>Las que <strong>se apoyan solo en varios abultamientos anat\u00f3micamente distribuidos<\/strong>.<\/li>\n<li>Las que, mediante un armaz\u00f3n, <strong>se separan varios cent\u00edmetros de la espalda<\/strong>.<\/li>\n<\/ul>\n<p><strong>Llevar la carga apoyada \u00edntimamente al cuerpo genera al andar menos cambios en nuestro centro de gravedad<\/strong>, adem\u00e1s de que abriga la espalda, si hace fr\u00edo.<\/p>\n<p>Por el contrario, <strong>cuando hace calor, llevarla separada facilita la aireaci\u00f3n<\/strong>, a cambio de desviar dicho centro de gravedad ligeramente hacia atr\u00e1s.<\/p>\n<p>&nbsp;<\/p>\n<p><a href=\"\/es-es\/blogs\/montana\/wp-content\/uploads\/sites\/3\/2022\/06\/outdoor_mochila_pegada_o_separada_1.jpg\"><img loading=\"lazy\" decoding=\"async\" data-attachment-id=\"11162\" data-permalink=\"\/es-es\/blogs\/montana\/como-llevar-la-mochila-pegada-o-separada-de-la-espalda\/outdoor_mochila_pegada_o_separada_1\/\" data-orig-file=\"\/es-es\/blogs\/montana\/wp-content\/uploads\/sites\/3\/2022\/06\/outdoor_mochila_pegada_o_separada_1.jpg\" data-orig-size=\"800,466\" data-comments-opened=\"1\" data-image-meta=\"{&quot;aperture&quot;:&quot;0&quot;,&quot;credit&quot;:&quot;&quot;,&quot;camera&quot;:&quot;&quot;,&quot;caption&quot;:&quot;&quot;,&quot;created_timestamp&quot;:&quot;0&quot;,&quot;copyright&quot;:&quot;&quot;,&quot;focal_length&quot;:&quot;0&quot;,&quot;iso&quot;:&quot;0&quot;,&quot;shutter_speed&quot;:&quot;0&quot;,&quot;title&quot;:&quot;&quot;,&quot;orientation&quot;:&quot;0&quot;}\" data-image-title=\"outdoor_mochila_pegada_o_separada_1\" data-image-description=\"\" data-image-caption=\"\" data-medium-file=\"\/es-es\/blogs\/montana\/wp-content\/uploads\/sites\/3\/2022\/06\/outdoor_mochila_pegada_o_separada_1-300x175.jpg\" data-large-file=\"\/es-es\/blogs\/montana\/wp-content\/uploads\/sites\/3\/2022\/06\/outdoor_mochila_pegada_o_separada_1.jpg\" class=\"alignnone size-full wp-image-11162\" src=\"\/es-es\/blogs\/montana\/wp-content\/uploads\/sites\/3\/2022\/06\/outdoor_mochila_pegada_o_separada_1.jpg\" alt=\"c\u00f3mo llevar la mochila\" width=\"800\" height=\"466\" srcset=\"\/es-es\/blogs\/montana\/wp-content\/uploads\/sites\/3\/2022\/06\/outdoor_mochila_pegada_o_separada_1.jpg 800w, \/es-es\/blogs\/montana\/wp-content\/uploads\/sites\/3\/2022\/06\/outdoor_mochila_pegada_o_separada_1-300x175.jpg 300w, \/es-es\/blogs\/montana\/wp-content\/uploads\/sites\/3\/2022\/06\/outdoor_mochila_pegada_o_separada_1-768x447.jpg 768w\" sizes=\"auto, (max-width: 800px) 100vw, 800px\" \/><\/a><\/p>\n<p>&nbsp;<\/p>\n<h2><strong>El experimento <\/strong><strong>\u00bfC\u00f3mo nos afecta el sudor?<\/strong><\/h2>\n<p>Fij\u00e9monos ahora en el aspecto t\u00e9rmico.<\/p>\n<p>La mochila pegada incrementa la sudoraci\u00f3n en las zonas que cubre. Los tejidos mojados pierden buena parte de su capacidad de aislamiento t\u00e9rmico, <strong>por lo que notaremos fr\u00edo en cuanto la descarguemos de los hombros.<\/strong><\/p>\n<p>&nbsp;<\/p>\n<p><a href=\"\/es-es\/blogs\/montana\/wp-content\/uploads\/sites\/3\/2022\/06\/outdoor_mochila_pegada_o_separada_7.jpg\"><img loading=\"lazy\" decoding=\"async\" data-attachment-id=\"11168\" data-permalink=\"\/es-es\/blogs\/montana\/como-llevar-la-mochila-pegada-o-separada-de-la-espalda\/outdoor_mochila_pegada_o_separada_7\/\" data-orig-file=\"\/es-es\/blogs\/montana\/wp-content\/uploads\/sites\/3\/2022\/06\/outdoor_mochila_pegada_o_separada_7.jpg\" data-orig-size=\"524,600\" data-comments-opened=\"1\" data-image-meta=\"{&quot;aperture&quot;:&quot;0&quot;,&quot;credit&quot;:&quot;&quot;,&quot;camera&quot;:&quot;&quot;,&quot;caption&quot;:&quot;&quot;,&quot;created_timestamp&quot;:&quot;0&quot;,&quot;copyright&quot;:&quot;&quot;,&quot;focal_length&quot;:&quot;0&quot;,&quot;iso&quot;:&quot;0&quot;,&quot;shutter_speed&quot;:&quot;0&quot;,&quot;title&quot;:&quot;&quot;,&quot;orientation&quot;:&quot;0&quot;}\" data-image-title=\"outdoor_mochila_pegada_o_separada_7\" data-image-description=\"\" data-image-caption=\"\" data-medium-file=\"\/es-es\/blogs\/montana\/wp-content\/uploads\/sites\/3\/2022\/06\/outdoor_mochila_pegada_o_separada_7-262x300.jpg\" data-large-file=\"\/es-es\/blogs\/montana\/wp-content\/uploads\/sites\/3\/2022\/06\/outdoor_mochila_pegada_o_separada_7.jpg\" class=\"size-full wp-image-11168 aligncenter\" src=\"\/es-es\/blogs\/montana\/wp-content\/uploads\/sites\/3\/2022\/06\/outdoor_mochila_pegada_o_separada_7.jpg\" alt=\"c\u00f3mo llevar la mochila\" width=\"524\" height=\"600\" srcset=\"\/es-es\/blogs\/montana\/wp-content\/uploads\/sites\/3\/2022\/06\/outdoor_mochila_pegada_o_separada_7.jpg 524w, \/es-es\/blogs\/montana\/wp-content\/uploads\/sites\/3\/2022\/06\/outdoor_mochila_pegada_o_separada_7-262x300.jpg 262w\" sizes=\"auto, (max-width: 524px) 100vw, 524px\" \/><\/a><\/p>\n<p>&nbsp;<\/p>\n<p>Para cuantificar en qu\u00e9 medida nos afecta uno u otro modelo de mochila, hemos empleado dos de distinta espaldera pero similar tama\u00f1o, de 36 y 35 litros de capacidad.<\/p>\n<p><strong>La primera deja un espacio de aireaci\u00f3n en la espalda de entre 2 y 4 cm<\/strong>, apoy\u00e1ndose sobre una malla tensa permeable al aire.<\/p>\n<p>&nbsp;<\/p>\n<p><a href=\"\/es-es\/blogs\/montana\/wp-content\/uploads\/sites\/3\/2022\/06\/outdoor_mochila_pegada_o_separada_5.jpg\"><img loading=\"lazy\" decoding=\"async\" data-attachment-id=\"11166\" data-permalink=\"\/es-es\/blogs\/montana\/como-llevar-la-mochila-pegada-o-separada-de-la-espalda\/outdoor_mochila_pegada_o_separada_5\/\" data-orig-file=\"\/es-es\/blogs\/montana\/wp-content\/uploads\/sites\/3\/2022\/06\/outdoor_mochila_pegada_o_separada_5.jpg\" data-orig-size=\"600,600\" data-comments-opened=\"1\" data-image-meta=\"{&quot;aperture&quot;:&quot;0&quot;,&quot;credit&quot;:&quot;&quot;,&quot;camera&quot;:&quot;&quot;,&quot;caption&quot;:&quot;&quot;,&quot;created_timestamp&quot;:&quot;0&quot;,&quot;copyright&quot;:&quot;&quot;,&quot;focal_length&quot;:&quot;0&quot;,&quot;iso&quot;:&quot;0&quot;,&quot;shutter_speed&quot;:&quot;0&quot;,&quot;title&quot;:&quot;&quot;,&quot;orientation&quot;:&quot;0&quot;}\" data-image-title=\"outdoor_mochila_pegada_o_separada_5\" data-image-description=\"\" data-image-caption=\"\" data-medium-file=\"\/es-es\/blogs\/montana\/wp-content\/uploads\/sites\/3\/2022\/06\/outdoor_mochila_pegada_o_separada_5-300x300.jpg\" data-large-file=\"\/es-es\/blogs\/montana\/wp-content\/uploads\/sites\/3\/2022\/06\/outdoor_mochila_pegada_o_separada_5.jpg\" class=\"size-full wp-image-11166 aligncenter\" src=\"\/es-es\/blogs\/montana\/wp-content\/uploads\/sites\/3\/2022\/06\/outdoor_mochila_pegada_o_separada_5.jpg\" alt=\"c\u00f3mo llevar la mochila\" width=\"600\" height=\"600\" srcset=\"\/es-es\/blogs\/montana\/wp-content\/uploads\/sites\/3\/2022\/06\/outdoor_mochila_pegada_o_separada_5.jpg 600w, \/es-es\/blogs\/montana\/wp-content\/uploads\/sites\/3\/2022\/06\/outdoor_mochila_pegada_o_separada_5-300x300.jpg 300w, \/es-es\/blogs\/montana\/wp-content\/uploads\/sites\/3\/2022\/06\/outdoor_mochila_pegada_o_separada_5-150x150.jpg 150w, \/es-es\/blogs\/montana\/wp-content\/uploads\/sites\/3\/2022\/06\/outdoor_mochila_pegada_o_separada_5-400x400.jpg 400w\" sizes=\"auto, (max-width: 600px) 100vw, 600px\" \/><\/a><\/p>\n<p>&nbsp;<\/p>\n<p><strong>La segunda ofrece una espaldera con varias acanaladuras<\/strong>, supuestamente destinadas a la circulaci\u00f3n de aire entre ella y la espalda.<\/p>\n<p>&nbsp;<\/p>\n<p><a href=\"\/es-es\/blogs\/montana\/wp-content\/uploads\/sites\/3\/2022\/06\/outdoor_mochila_pegada_o_separada_4.jpg\"><img loading=\"lazy\" decoding=\"async\" data-attachment-id=\"11165\" data-permalink=\"\/es-es\/blogs\/montana\/como-llevar-la-mochila-pegada-o-separada-de-la-espalda\/outdoor_mochila_pegada_o_separada_4\/\" data-orig-file=\"\/es-es\/blogs\/montana\/wp-content\/uploads\/sites\/3\/2022\/06\/outdoor_mochila_pegada_o_separada_4.jpg\" data-orig-size=\"487,600\" data-comments-opened=\"1\" data-image-meta=\"{&quot;aperture&quot;:&quot;0&quot;,&quot;credit&quot;:&quot;&quot;,&quot;camera&quot;:&quot;&quot;,&quot;caption&quot;:&quot;&quot;,&quot;created_timestamp&quot;:&quot;1656039514&quot;,&quot;copyright&quot;:&quot;&quot;,&quot;focal_length&quot;:&quot;0&quot;,&quot;iso&quot;:&quot;0&quot;,&quot;shutter_speed&quot;:&quot;0&quot;,&quot;title&quot;:&quot;&quot;,&quot;orientation&quot;:&quot;0&quot;}\" data-image-title=\"outdoor_mochila_pegada_o_separada_4\" data-image-description=\"\" data-image-caption=\"\" data-medium-file=\"\/es-es\/blogs\/montana\/wp-content\/uploads\/sites\/3\/2022\/06\/outdoor_mochila_pegada_o_separada_4-244x300.jpg\" data-large-file=\"\/es-es\/blogs\/montana\/wp-content\/uploads\/sites\/3\/2022\/06\/outdoor_mochila_pegada_o_separada_4.jpg\" class=\"size-full wp-image-11165 aligncenter\" src=\"\/es-es\/blogs\/montana\/wp-content\/uploads\/sites\/3\/2022\/06\/outdoor_mochila_pegada_o_separada_4.jpg\" alt=\"c\u00f3mo llevar la mochila\" width=\"487\" height=\"600\" srcset=\"\/es-es\/blogs\/montana\/wp-content\/uploads\/sites\/3\/2022\/06\/outdoor_mochila_pegada_o_separada_4.jpg 487w, \/es-es\/blogs\/montana\/wp-content\/uploads\/sites\/3\/2022\/06\/outdoor_mochila_pegada_o_separada_4-244x300.jpg 244w\" sizes=\"auto, (max-width: 487px) 100vw, 487px\" \/><\/a><\/p>\n<p>&nbsp;<\/p>\n<p>Hemos cargado ambas con 4,6 kilos de peso, contenidos en recipientes de agua, repartidos de forma similar en ambos casos.<\/p>\n<p>Para simular las condiciones reales de uso en cuanto a posici\u00f3n y esfuerzo, hemos preparado una bicicleta ergom\u00e9trica, ajustando el manillar para mantener una postura erguida, similar a la de marchar a pie.<\/p>\n<p>&nbsp;<\/p>\n<h2><strong>C\u00f3mo llevar la mochila: prueba y resultados<\/strong><\/h2>\n<p>Realizando un esfuerzo mantenido de 100 W durante 20 minutos con cada modelo de mochila, hemos insertado una sonda t\u00e9rmica en la mitad de espalda, a la altura de la 12\u00aa v\u00e9rtebra dorsal, entre la piel y la camiseta, separada de ambas mediante una peque\u00f1a c\u00e1psula, y con otra hemos registrado la temperatura ambiente.<\/p>\n<p>&nbsp;<\/p>\n<p><a href=\"\/es-es\/blogs\/montana\/wp-content\/uploads\/sites\/3\/2022\/06\/outdoor_mochila_pegada_o_separada_8.jpg\"><img loading=\"lazy\" decoding=\"async\" data-attachment-id=\"11169\" data-permalink=\"\/es-es\/blogs\/montana\/como-llevar-la-mochila-pegada-o-separada-de-la-espalda\/outdoor_mochila_pegada_o_separada_8\/\" data-orig-file=\"\/es-es\/blogs\/montana\/wp-content\/uploads\/sites\/3\/2022\/06\/outdoor_mochila_pegada_o_separada_8.jpg\" data-orig-size=\"800,599\" data-comments-opened=\"1\" data-image-meta=\"{&quot;aperture&quot;:&quot;0&quot;,&quot;credit&quot;:&quot;Lizarraga&quot;,&quot;camera&quot;:&quot;&quot;,&quot;caption&quot;:&quot;&quot;,&quot;created_timestamp&quot;:&quot;1656039995&quot;,&quot;copyright&quot;:&quot;Lizarraga&quot;,&quot;focal_length&quot;:&quot;0&quot;,&quot;iso&quot;:&quot;0&quot;,&quot;shutter_speed&quot;:&quot;0&quot;,&quot;title&quot;:&quot;&quot;,&quot;orientation&quot;:&quot;0&quot;}\" data-image-title=\"outdoor_mochila_pegada_o_separada_8\" data-image-description=\"\" data-image-caption=\"\" data-medium-file=\"\/es-es\/blogs\/montana\/wp-content\/uploads\/sites\/3\/2022\/06\/outdoor_mochila_pegada_o_separada_8-300x225.jpg\" data-large-file=\"\/es-es\/blogs\/montana\/wp-content\/uploads\/sites\/3\/2022\/06\/outdoor_mochila_pegada_o_separada_8.jpg\" class=\"size-full wp-image-11169 aligncenter\" src=\"\/es-es\/blogs\/montana\/wp-content\/uploads\/sites\/3\/2022\/06\/outdoor_mochila_pegada_o_separada_8.jpg\" alt=\"c\u00f3mo llevar la mochila\" width=\"800\" height=\"599\" srcset=\"\/es-es\/blogs\/montana\/wp-content\/uploads\/sites\/3\/2022\/06\/outdoor_mochila_pegada_o_separada_8.jpg 800w, \/es-es\/blogs\/montana\/wp-content\/uploads\/sites\/3\/2022\/06\/outdoor_mochila_pegada_o_separada_8-300x225.jpg 300w, \/es-es\/blogs\/montana\/wp-content\/uploads\/sites\/3\/2022\/06\/outdoor_mochila_pegada_o_separada_8-768x575.jpg 768w\" sizes=\"auto, (max-width: 800px) 100vw, 800px\" \/><\/a><\/p>\n<p><strong>Con un promedio de temperatura exterior de 6\u00baC, la sonda de la espalda marcaba 27,44\u00baC utilizando la mochila con la rejilla de separaci\u00f3n<\/strong>.<\/p>\n<p>Tras un periodo de descanso, al hacer la prueba con el otro modelo, pegado a la espalda, el term\u00f3metro exterior mostraba una media de 7,8\u00baC, mientras <strong>el sensor de la espalda alcanzaba los 32,96\u00baC de promedio durante los 5 minutos finales de la prueba<\/strong>.<\/p>\n<p>Por lo tanto, descontando la diferencia de temperatura ambiente entre ambas pruebas, <strong>llevar una mochila con la espaldera pegada hace, en este test, que la piel de la espalda soporte 3,72\u00baC m\u00e1s calor.<\/strong><\/p>\n<p>&nbsp;<\/p>\n<h2><strong>Una vueltita m\u00e1s<\/strong><\/h2>\n<p>Esos resultados ya muestran una clara diferencia t\u00e9rmica entre ambos modelos, pero hemos dado un paso m\u00e1s.<\/p>\n<p>Durante los minutos finales de cada test hemos a\u00f1adido, mediante un ventilador, una corriente de aire lateral, con una velocidad de 17,2 Km\/h, medida mediante anem\u00f3metro digital.<\/p>\n<p><strong>Bajo el efecto del viento suave, la temperatura de la espalda, utilizando la mochila pegada, apenas descend\u00eda 0,36\u00baC<\/strong>, tal como cab\u00eda esperar al bloquear la ropa los canales de su espaldera, te\u00f3ricamente dise\u00f1ados para permitir el paso del aire.<\/p>\n<p>En cambio, <strong>en tan solo 2 minutos, bajaba de 27,44\u00baC a 25,3\u00baC en el caso de la mochila separada de la espalda mediante una rejilla<\/strong>.<\/p>\n<p><strong>En presencia de aire lateral, <\/strong>la mochila de espaldera ventilada <strong>nos permitir\u00eda disfrutar de una temperatura 5,5\u00baC m\u00e1s fresca que la opci\u00f3n de espaldera pegada<\/strong>.<\/p>\n<p>&nbsp;<\/p>\n<p><a href=\"\/es-es\/blogs\/montana\/wp-content\/uploads\/sites\/3\/2022\/06\/mochila_espalda.jpg\"><img loading=\"lazy\" decoding=\"async\" data-attachment-id=\"11176\" data-permalink=\"\/es-es\/blogs\/montana\/como-llevar-la-mochila-pegada-o-separada-de-la-espalda\/mochila_espalda\/\" data-orig-file=\"\/es-es\/blogs\/montana\/wp-content\/uploads\/sites\/3\/2022\/06\/mochila_espalda.jpg\" data-orig-size=\"800,600\" data-comments-opened=\"1\" data-image-meta=\"{&quot;aperture&quot;:&quot;0&quot;,&quot;credit&quot;:&quot;&quot;,&quot;camera&quot;:&quot;&quot;,&quot;caption&quot;:&quot;&quot;,&quot;created_timestamp&quot;:&quot;0&quot;,&quot;copyright&quot;:&quot;&quot;,&quot;focal_length&quot;:&quot;0&quot;,&quot;iso&quot;:&quot;0&quot;,&quot;shutter_speed&quot;:&quot;0&quot;,&quot;title&quot;:&quot;&quot;,&quot;orientation&quot;:&quot;0&quot;}\" data-image-title=\"mochila_espalda\" data-image-description=\"\" data-image-caption=\"\" data-medium-file=\"\/es-es\/blogs\/montana\/wp-content\/uploads\/sites\/3\/2022\/06\/mochila_espalda-300x225.jpg\" data-large-file=\"\/es-es\/blogs\/montana\/wp-content\/uploads\/sites\/3\/2022\/06\/mochila_espalda.jpg\" class=\"alignnone size-full wp-image-11176\" src=\"\/es-es\/blogs\/montana\/wp-content\/uploads\/sites\/3\/2022\/06\/mochila_espalda.jpg\" alt=\"c\u00f3mo llevar la mochila\" width=\"800\" height=\"600\" srcset=\"\/es-es\/blogs\/montana\/wp-content\/uploads\/sites\/3\/2022\/06\/mochila_espalda.jpg 800w, \/es-es\/blogs\/montana\/wp-content\/uploads\/sites\/3\/2022\/06\/mochila_espalda-300x225.jpg 300w, \/es-es\/blogs\/montana\/wp-content\/uploads\/sites\/3\/2022\/06\/mochila_espalda-768x576.jpg 768w\" sizes=\"auto, (max-width: 800px) 100vw, 800px\" \/><\/a><\/p>\n<p>&nbsp;<\/p>\n<h2><strong>C\u00f3mo llevar la mochila: conclusiones<\/strong><\/h2>\n<p>Por lo tanto, desde un punto de vista t\u00e9rmico est\u00e1 clara la ventaja de utilizar <strong>mochilas con cierto espacio libre entre su espaldera y el cuerpo<\/strong>, ya que <strong>reducen la sudoraci\u00f3n local y mantienen la capacidad aislante de la ropa.<\/strong><\/p>\n<p>Tema aparte ser\u00e1 el de valorar la influencia de ambos sistemas en el centro de gravedad del conjunto persona-mochila, y el coste energ\u00e9tico de la marcha\u2026 pero eso lo dejamos para otro post \ud83d\ude42 .<\/p>\n<p>&nbsp;<\/p>\n<p><a href=\"\/es-es\/blogs\/montana\/wp-content\/uploads\/sites\/3\/2022\/06\/outdoor_mochila_pegada_o_separada_6.jpg\"><img loading=\"lazy\" decoding=\"async\" data-attachment-id=\"11167\" data-permalink=\"\/es-es\/blogs\/montana\/como-llevar-la-mochila-pegada-o-separada-de-la-espalda\/outdoor_mochila_pegada_o_separada_6\/\" data-orig-file=\"\/es-es\/blogs\/montana\/wp-content\/uploads\/sites\/3\/2022\/06\/outdoor_mochila_pegada_o_separada_6.jpg\" data-orig-size=\"400,600\" data-comments-opened=\"1\" data-image-meta=\"{&quot;aperture&quot;:&quot;0&quot;,&quot;credit&quot;:&quot;&quot;,&quot;camera&quot;:&quot;&quot;,&quot;caption&quot;:&quot;&quot;,&quot;created_timestamp&quot;:&quot;0&quot;,&quot;copyright&quot;:&quot;&quot;,&quot;focal_length&quot;:&quot;0&quot;,&quot;iso&quot;:&quot;0&quot;,&quot;shutter_speed&quot;:&quot;0&quot;,&quot;title&quot;:&quot;&quot;,&quot;orientation&quot;:&quot;0&quot;}\" data-image-title=\"outdoor_mochila_pegada_o_separada_6\" data-image-description=\"\" data-image-caption=\"\" data-medium-file=\"\/es-es\/blogs\/montana\/wp-content\/uploads\/sites\/3\/2022\/06\/outdoor_mochila_pegada_o_separada_6-200x300.jpg\" data-large-file=\"\/es-es\/blogs\/montana\/wp-content\/uploads\/sites\/3\/2022\/06\/outdoor_mochila_pegada_o_separada_6.jpg\" class=\"size-full wp-image-11167 aligncenter\" src=\"\/es-es\/blogs\/montana\/wp-content\/uploads\/sites\/3\/2022\/06\/outdoor_mochila_pegada_o_separada_6.jpg\" alt=\"c\u00f3mo llevar la mochila\" width=\"400\" height=\"600\" srcset=\"\/es-es\/blogs\/montana\/wp-content\/uploads\/sites\/3\/2022\/06\/outdoor_mochila_pegada_o_separada_6.jpg 400w, \/es-es\/blogs\/montana\/wp-content\/uploads\/sites\/3\/2022\/06\/outdoor_mochila_pegada_o_separada_6-200x300.jpg 200w\" sizes=\"auto, (max-width: 400px) 100vw, 400px\" \/><\/a><\/p>\n<p>&nbsp;<\/p>\n<p>Ahora que ya tienes la informaci\u00f3n necesaria para decidir c\u00f3mo llevar la mochila, s\u00f3lo te queda escoger tu <a href=\"https:\/\/www.forumsport.com\/es-es\/montana\/material-de-montana\/mochilas-montana-30182-c\" target=\"_blank\" rel=\"noopener\">mochila de monta\u00f1a<\/a> \u00a1y lanzarte a la aventura! J<\/p>\n<p>&nbsp;<\/p>\n<p><em>Por&nbsp;<\/em><a href=\"\/es-es\/blogs\/montana\/?s=Por+Kepa+Lizarraga%2C+especialista+en+Medicina+del+Deporte+y+Mikel+Lizarraga&amp;submit=Buscar\" target=\"_blank\" rel=\"noopener\"><strong><span style=\"color: blue;\">Kepa Lizarraga<\/span><\/strong>, <\/a><em><a href=\"\/es-es\/blogs\/montana\/?s=Por+Kepa+Lizarraga%2C+especialista+en+Medicina+del+Deporte+y+Mikel+Lizarraga&amp;submit=Buscar\" target=\"_blank\" rel=\"noopener\">especialista en Medicina del Deporte y <\/a><\/em><a href=\"\/es-es\/blogs\/montana\/?s=Por+Kepa+Lizarraga%2C+especialista+en+Medicina+del+Deporte+y+Mikel+Lizarraga&amp;submit=Buscar\" target=\"_blank\" rel=\"noopener\"><strong><span style=\"color: blue;\">Mikel Lizarraga<\/span><\/strong><\/a><em><a href=\"\/es-es\/blogs\/montana\/?s=Por+Kepa+Lizarraga%2C+especialista+en+Medicina+del+Deporte+y+Mikel+Lizarraga&amp;submit=Buscar\" target=\"_blank\" rel=\"noopener\">, Analista f\u00edsico-qu\u00edmico. <\/a><\/em>Ambos colaboradores de <a href=\"https:\/\/www.forumsport.com\/es-es\/\" target=\"_blank\" rel=\"noopener\">Forum Sport<\/a><\/p>\n<p>&nbsp;<\/p>\n<p>Otras dudas que podemos ayudarte a resolver:<\/p>\n<ul>\n<li class=\"entry-title\"><a href=\"\/es-es\/blogs\/montana\/como-elegir-tu-tienda-de-campana\/\" target=\"_blank\" rel=\"bookmark noopener\">C\u00d3MO ELEGIR TU TIENDA DE CAMPA\u00d1A (ACTUALIZADO 2022)<\/a><\/li>\n<li class=\"entry-title\"><a href=\"\/es-es\/blogs\/montana\/como-aligerar-la-mochila-quitando-peso-a-la-comida\/\" target=\"_blank\" rel=\"bookmark noopener\">C\u00d3MO ALIGERAR LA MOCHILA QUITANDO PESO A LA COMIDA<\/a><\/li>\n<li class=\"entry-title\"><a href=\"\/es-es\/blogs\/montana\/bano-de-bosque-como-se-hace-por-que-ayuda-a-sentirnos-mejor\/\" target=\"_blank\" rel=\"bookmark noopener\">BA\u00d1O DE BOSQUE: C\u00d3MO SE HACE Y POR QU\u00c9 NOS AYUDA A SENTIRNOS MEJOR<\/a><\/li>\n<\/ul>\n<p>&nbsp;<\/p>\n","protected":false},"excerpt":{"rendered":"<p>Hoy nos preguntamos c\u00f3mo llevar la mochila: \u00bfEs mejor llevarla pegada a la espalda o separada? Hemos realizado un peque\u00f1o experimento con algunas mediciones para que puedas sacar tus conclusiones&#8230; [&#8230;]<\/p>\n<p><a class=\"btn btn-secondary understrap-read-more-link\" href=\"\/es-es\/blogs\/montana\/como-llevar-la-mochila-pegada-o-separada-de-la-espalda\/\">Conocer m\u00e1s<\/a><\/p>\n","protected":false},"author":599,"featured_media":17148,"comment_status":"open","ping_status":"open","sticky":false,"template":"","format":"standard","meta":{"_seopress_robots_primary_cat":"6","ngg_post_thumbnail":0,"jetpack_post_was_ever_published":false,"_jetpack_newsletter_access":"","_jetpack_dont_email_post_to_subs":false,"_jetpack_newsletter_tier_id":0,"_jetpack_memberships_contains_paywalled_content":false,"_jetpack_memberships_contains_paid_content":false,"footnotes":"","jetpack_publicize_message":"","jetpack_publicize_feature_enabled":true,"jetpack_social_post_already_shared":true,"jetpack_social_options":{"image_generator_settings":{"template":"highway","enabled":false},"version":2}},"categories":[6,11],"tags":[],"class_list":{"0":"post-11156","1":"post","2":"type-post","3":"status-publish","4":"format-standard","5":"has-post-thumbnail","7":"category-material","8":"category-outdoor-outdoor"},"jetpack_publicize_connections":[],"acf":[],"jetpack_sharing_enabled":true,"jetpack_featured_media_url":"\/es-es\/blogs\/montana\/wp-content\/uploads\/sites\/3\/2022\/06\/ternua_summer_2025_altas-113.jpg","jetpack_shortlink":"https:\/\/wp.me\/p8n7Aj-2TW","jetpack-related-posts":[],"_links":{"self":[{"href":"\/es-es\/blogs\/montana\/wp-json\/wp\/v2\/posts\/11156","targetHints":{"allow":["GET"]}}],"collection":[{"href":"\/es-es\/blogs\/montana\/wp-json\/wp\/v2\/posts"}],"about":[{"href":"\/es-es\/blogs\/montana\/wp-json\/wp\/v2\/types\/post"}],"author":[{"embeddable":true,"href":"\/es-es\/blogs\/montana\/wp-json\/wp\/v2\/users\/599"}],"replies":[{"embeddable":true,"href":"\/es-es\/blogs\/montana\/wp-json\/wp\/v2\/comments?post=11156"}],"version-history":[{"count":8,"href":"\/es-es\/blogs\/montana\/wp-json\/wp\/v2\/posts\/11156\/revisions"}],"predecessor-version":[{"id":14808,"href":"\/es-es\/blogs\/montana\/wp-json\/wp\/v2\/posts\/11156\/revisions\/14808"}],"wp:featuredmedia":[{"embeddable":true,"href":"\/es-es\/blogs\/montana\/wp-json\/wp\/v2\/media\/17148"}],"wp:attachment":[{"href":"\/es-es\/blogs\/montana\/wp-json\/wp\/v2\/media?parent=11156"}],"wp:term":[{"taxonomy":"category","embeddable":true,"href":"\/es-es\/blogs\/montana\/wp-json\/wp\/v2\/categories?post=11156"},{"taxonomy":"post_tag","embeddable":true,"href":"\/es-es\/blogs\/montana\/wp-json\/wp\/v2\/tags?post=11156"}],"curies":[{"name":"wp","href":"https:\/\/api.w.org\/{rel}","templated":true}]}}