{"id":550,"date":"2025-12-17T08:54:37","date_gmt":"2025-12-17T08:54:37","guid":{"rendered":"\/es-es\/blogs\/montana\/?p=550"},"modified":"2025-12-18T09:44:33","modified_gmt":"2025-12-18T09:44:33","slug":"como-vestirse-para-la-montana-en-invierno-tres-capas","status":"publish","type":"post","link":"\/es-es\/blogs\/montana\/como-vestirse-para-la-montana-en-invierno-tres-capas\/","title":{"rendered":"C\u00f3mo vestirse para la monta\u00f1a en invierno: Las tres capas"},"content":{"rendered":"<p>El ser humano debe procurar mantener su temperatura corporal de 37\u00baC aunque la temperatura que le rodee sea inferior. De ah\u00ed la importancia de protegerlos del fr\u00edo y por eso es importante saber <strong>c\u00f3mo vestirse para la monta\u00f1a en&nbsp;invierno&nbsp;<\/strong>mediante el concepto de&nbsp;las&nbsp;<strong>tres capas. En este post te contamos paso a paso c\u00f3mo funciona y te recomendamos algunas prendas con las que protegerte en tus salidas invernales a la monta\u00f1a. <\/strong><\/p>\n<p>En condiciones de mucho fr\u00edo, nuestro cuerpo tiende a proteger los \u00f3rganos de vital importancia situados en el centro del cuerpo (coraz\u00f3n, pulmones, h\u00edgado, ri\u00f1ones), por lo que en las zonas m\u00e1s alejadas del coraz\u00f3n como son manos, pies y orejas la sensaci\u00f3n de fr\u00edo es mayor (el riego sangu\u00edneo se reduce en estas zonas).<\/p>\n<p>&nbsp;<\/p>\n<p><a href=\"\/es-es\/blogs\/montana\/wp-content\/uploads\/sites\/3\/2020\/12\/1-8.jpg\"><img loading=\"lazy\" decoding=\"async\" data-attachment-id=\"16314\" data-permalink=\"\/es-es\/blogs\/montana\/como-vestirse-para-la-montana-en-invierno-tres-capas\/1-8-2\/\" data-orig-file=\"\/es-es\/blogs\/montana\/wp-content\/uploads\/sites\/3\/2020\/12\/1-8.jpg\" data-orig-size=\"800,600\" data-comments-opened=\"1\" data-image-meta=\"{&quot;aperture&quot;:&quot;0&quot;,&quot;credit&quot;:&quot;&quot;,&quot;camera&quot;:&quot;&quot;,&quot;caption&quot;:&quot;&quot;,&quot;created_timestamp&quot;:&quot;0&quot;,&quot;copyright&quot;:&quot;&quot;,&quot;focal_length&quot;:&quot;0&quot;,&quot;iso&quot;:&quot;0&quot;,&quot;shutter_speed&quot;:&quot;0&quot;,&quot;title&quot;:&quot;&quot;,&quot;orientation&quot;:&quot;0&quot;}\" data-image-title=\"1 8\" data-image-description=\"\" data-image-caption=\"\" data-medium-file=\"\/es-es\/blogs\/montana\/wp-content\/uploads\/sites\/3\/2020\/12\/1-8-300x225.jpg\" data-large-file=\"\/es-es\/blogs\/montana\/wp-content\/uploads\/sites\/3\/2020\/12\/1-8.jpg\" class=\"size-full wp-image-16314 aligncenter\" src=\"\/es-es\/blogs\/montana\/wp-content\/uploads\/sites\/3\/2020\/12\/1-8.jpg\" alt=\"1 8\" width=\"800\" height=\"600\" srcset=\"\/es-es\/blogs\/montana\/wp-content\/uploads\/sites\/3\/2020\/12\/1-8.jpg 800w, \/es-es\/blogs\/montana\/wp-content\/uploads\/sites\/3\/2020\/12\/1-8-300x225.jpg 300w, \/es-es\/blogs\/montana\/wp-content\/uploads\/sites\/3\/2020\/12\/1-8-768x576.jpg 768w\" sizes=\"auto, (max-width: 800px) 100vw, 800px\" \/><\/a><\/p>\n<p>&nbsp;<\/p>\n<h2><strong>Vestirse para la monta\u00f1a en invierno, primera capa: segunda piel y expulsi\u00f3n del sudor<\/strong><\/h2>\n<p>&nbsp;<\/p>\n<p>La primera capa de tejidos es la que estar\u00e1 en contacto directo con nuestra piel. <strong>Su funci\u00f3n principal es la de absorber la humedad de la piel y evacuarla al exterior<\/strong>, hacia la siguiente capa, o tambi\u00e9n repartirla sobre una amplia superficie que facilite su secado.<\/p>\n<p>Tiene que ir bien pegada al cuerpo, por lo que la confecci\u00f3n de dichas prendas tendr\u00e1 <strong>costuras planas<\/strong> para evitar rozaduras. Los tejidos con los que est\u00e9n fabricados deben absorber el sudor que generemos para poder expulsarlo hacia la siguiente capa y que nos mantengamos siempre secos.<\/p>\n<p>&nbsp;<\/p>\n<p><a href=\"\/es-es\/blogs\/montana\/wp-content\/uploads\/sites\/3\/2020\/12\/2-8.jpg\"><img loading=\"lazy\" decoding=\"async\" data-attachment-id=\"16315\" data-permalink=\"\/es-es\/blogs\/montana\/como-vestirse-para-la-montana-en-invierno-tres-capas\/2-8-2\/\" data-orig-file=\"\/es-es\/blogs\/montana\/wp-content\/uploads\/sites\/3\/2020\/12\/2-8.jpg\" data-orig-size=\"800,600\" data-comments-opened=\"1\" data-image-meta=\"{&quot;aperture&quot;:&quot;0&quot;,&quot;credit&quot;:&quot;&quot;,&quot;camera&quot;:&quot;&quot;,&quot;caption&quot;:&quot;&quot;,&quot;created_timestamp&quot;:&quot;0&quot;,&quot;copyright&quot;:&quot;&quot;,&quot;focal_length&quot;:&quot;0&quot;,&quot;iso&quot;:&quot;0&quot;,&quot;shutter_speed&quot;:&quot;0&quot;,&quot;title&quot;:&quot;&quot;,&quot;orientation&quot;:&quot;0&quot;}\" data-image-title=\"2 8\" data-image-description=\"\" data-image-caption=\"\" data-medium-file=\"\/es-es\/blogs\/montana\/wp-content\/uploads\/sites\/3\/2020\/12\/2-8-300x225.jpg\" data-large-file=\"\/es-es\/blogs\/montana\/wp-content\/uploads\/sites\/3\/2020\/12\/2-8.jpg\" class=\"size-full wp-image-16315 aligncenter\" src=\"\/es-es\/blogs\/montana\/wp-content\/uploads\/sites\/3\/2020\/12\/2-8.jpg\" alt=\"2 8\" width=\"800\" height=\"600\" srcset=\"\/es-es\/blogs\/montana\/wp-content\/uploads\/sites\/3\/2020\/12\/2-8.jpg 800w, \/es-es\/blogs\/montana\/wp-content\/uploads\/sites\/3\/2020\/12\/2-8-300x225.jpg 300w, \/es-es\/blogs\/montana\/wp-content\/uploads\/sites\/3\/2020\/12\/2-8-768x576.jpg 768w\" sizes=\"auto, (max-width: 800px) 100vw, 800px\" \/><\/a><\/p>\n<p>&nbsp;<\/p>\n<p><strong>Evitaremos materiales como el algod\u00f3n<\/strong>, puesto que una vez que comenzamos a hacer actividad, el cuerpo mediante el sudor nos termo regula, y ese sudor se queda empapado en el algod\u00f3n evitando su expulsi\u00f3n y enfri\u00e1ndonos<\/p>\n<p><strong>Materiales como el poli\u00e9ster, o la lana merino son los m\u00e1s usados en este tipo de prendas<\/strong>.<\/p>\n<p>En condiciones de fr\u00edo intenso se suele usar la lana merino en diferentes gramajes ya que, aparte del punto t\u00e9rmico, no huele tras usarlo varios d\u00edas, retiene calor incluso mojada y su tacto es muy agradable.<\/p>\n<p>&nbsp;<\/p>\n<p><a href=\"\/es-es\/blogs\/montana\/wp-content\/uploads\/sites\/3\/2020\/12\/3-8.jpg\"><img loading=\"lazy\" decoding=\"async\" data-attachment-id=\"16316\" data-permalink=\"\/es-es\/blogs\/montana\/como-vestirse-para-la-montana-en-invierno-tres-capas\/3-8-2\/\" data-orig-file=\"\/es-es\/blogs\/montana\/wp-content\/uploads\/sites\/3\/2020\/12\/3-8.jpg\" data-orig-size=\"800,600\" data-comments-opened=\"1\" data-image-meta=\"{&quot;aperture&quot;:&quot;0&quot;,&quot;credit&quot;:&quot;&quot;,&quot;camera&quot;:&quot;&quot;,&quot;caption&quot;:&quot;&quot;,&quot;created_timestamp&quot;:&quot;0&quot;,&quot;copyright&quot;:&quot;&quot;,&quot;focal_length&quot;:&quot;0&quot;,&quot;iso&quot;:&quot;0&quot;,&quot;shutter_speed&quot;:&quot;0&quot;,&quot;title&quot;:&quot;&quot;,&quot;orientation&quot;:&quot;0&quot;}\" data-image-title=\"3 8\" data-image-description=\"\" data-image-caption=\"\" data-medium-file=\"\/es-es\/blogs\/montana\/wp-content\/uploads\/sites\/3\/2020\/12\/3-8-300x225.jpg\" data-large-file=\"\/es-es\/blogs\/montana\/wp-content\/uploads\/sites\/3\/2020\/12\/3-8.jpg\" class=\"size-full wp-image-16316 aligncenter\" src=\"\/es-es\/blogs\/montana\/wp-content\/uploads\/sites\/3\/2020\/12\/3-8.jpg\" alt=\"3 8\" width=\"800\" height=\"600\" srcset=\"\/es-es\/blogs\/montana\/wp-content\/uploads\/sites\/3\/2020\/12\/3-8.jpg 800w, \/es-es\/blogs\/montana\/wp-content\/uploads\/sites\/3\/2020\/12\/3-8-300x225.jpg 300w, \/es-es\/blogs\/montana\/wp-content\/uploads\/sites\/3\/2020\/12\/3-8-768x576.jpg 768w\" sizes=\"auto, (max-width: 800px) 100vw, 800px\" \/><\/a><\/p>\n<p>&nbsp;<\/p>\n<p>Por el contrario, el poli\u00e9ster transpira mejor, tiene un secado m\u00e1s r\u00e1pido y suele ser m\u00e1s ligero.<\/p>\n<p>&nbsp;<\/p>\n<p><span style=\"font-weight: 400;\">Entrando en detalle, el modelo <\/span><a href=\"https:\/\/www.forumsport.com\/es-es\/helly-hansen-camiseta-termica-manga-larga-hombre-lifa-active-crew-49389-1000982054-p\" target=\"_blank\" rel=\"noopener\"><span style=\"font-weight: 400;\">LIFA ACTIVE<\/span><\/a><span style=\"font-weight: 400;\"> de la casa sueca <\/span><b>Helly Hansen<\/b><span style=\"font-weight: 400;\"> es una camiseta t\u00e9rmica destinada a primera capa ofreciendo un extra de transpiraci\u00f3n y un aislamiento al frio.<\/span><\/p>\n<p><span style=\"font-weight: 400;\">Perteneciente a la linea Active<\/span><b>, su gesti\u00f3n de la humedad es excepcional gracias a su tecnolog\u00eda de 2 capas<\/b><span style=\"font-weight: 400;\">. Las fibras 100% LIFA en contacto directo con la piel y otras fibras t\u00e9cnicas absorben la humedad hacia el exterior para mantenernos secos.<\/span><\/p>\n<p>&nbsp;<\/p>\n<p class=\"jetpack-slideshow-noscript robots-nocontent\">El pase de diapositivas requiere JavaScript.<\/p><div id=\"gallery-550-1-slideshow\" class=\"jetpack-slideshow-window jetpack-slideshow jetpack-slideshow-black\" data-trans=\"fade\" data-autostart=\"1\" data-gallery=\"[{&quot;src&quot;:&quot;https:\\\/\\\/blogs.forumsport.com\\\/es-es\\\/blogs\\\/montana\\\/wp-content\\\/uploads\\\/sites\\\/3\\\/2024\\\/12\\\/helly-hansen-camiseta-termica-manga-larga-hombre-lifa-active-crew-03-1000982054-1000x1000-f.jpg&quot;,&quot;id&quot;:&quot;18510&quot;,&quot;title&quot;:&quot;&quot;,&quot;alt&quot;:&quot;&quot;,&quot;caption&quot;:&quot;&quot;,&quot;itemprop&quot;:&quot;image&quot;},{&quot;src&quot;:&quot;https:\\\/\\\/blogs.forumsport.com\\\/es-es\\\/blogs\\\/montana\\\/wp-content\\\/uploads\\\/sites\\\/3\\\/2024\\\/12\\\/helly-hansen-camiseta-termica-manga-larga-hombre-lifa-active-crew-04-1000982054-1000x1000-f.jpg&quot;,&quot;id&quot;:&quot;18511&quot;,&quot;title&quot;:&quot;helly hansen camiseta termica manga larga hombre lifa active crew 04 1000982054 1000\\u0026#215;1000 f&quot;,&quot;alt&quot;:&quot;helly hansen camiseta termica manga larga hombre lifa active crew 04 1000982054 1000x1000 f&quot;,&quot;caption&quot;:&quot;&quot;,&quot;itemprop&quot;:&quot;image&quot;}]\" itemscope itemtype=\"https:\/\/schema.org\/ImageGallery\"><\/div>\n<p><a href=\"https:\/\/www.forumsport.com\/es-es\/helly-hansen-camiseta-termica-manga-larga-hombre-lifa-active-crew-49389-1000982054-p\" target=\"_blank\" rel=\"noopener\"><img loading=\"lazy\" decoding=\"async\" data-attachment-id=\"5181\" data-permalink=\"\/es-es\/blogs\/montana\/pantalones-ligeros-de-montana-una-apuesta-segura-para-todo-el-ano\/boton-ver-producto\/\" data-orig-file=\"\/es-es\/blogs\/montana\/wp-content\/uploads\/sites\/3\/2019\/10\/BOT\u00d3N-ver-producto.jpg\" data-orig-size=\"105,30\" data-comments-opened=\"1\" data-image-meta=\"{&quot;aperture&quot;:&quot;0&quot;,&quot;credit&quot;:&quot;&quot;,&quot;camera&quot;:&quot;&quot;,&quot;caption&quot;:&quot;&quot;,&quot;created_timestamp&quot;:&quot;0&quot;,&quot;copyright&quot;:&quot;&quot;,&quot;focal_length&quot;:&quot;0&quot;,&quot;iso&quot;:&quot;0&quot;,&quot;shutter_speed&quot;:&quot;0&quot;,&quot;title&quot;:&quot;&quot;,&quot;orientation&quot;:&quot;0&quot;}\" data-image-title=\"BOT\u00d3N&#8211;ver-producto\" data-image-description=\"\" data-image-caption=\"\" data-medium-file=\"\/es-es\/blogs\/montana\/wp-content\/uploads\/sites\/3\/2019\/10\/BOT\u00d3N-ver-producto.jpg\" data-large-file=\"\/es-es\/blogs\/montana\/wp-content\/uploads\/sites\/3\/2019\/10\/BOT\u00d3N-ver-producto.jpg\" class=\"aligncenter wp-image-5181 size-full\" src=\"\/es-es\/blogs\/montana\/wp-content\/uploads\/sites\/3\/2019\/10\/BOT\u00d3N-ver-producto.jpg\" alt=\"vestirse para la monta\u00f1a en invierno\" width=\"105\" height=\"30\"><\/a><\/p>\n<p>&nbsp;<\/p>\n<p><span style=\"font-weight: 400;\">Una <\/span><b>alternativa de primera capa en lana merino<\/b><span style=\"font-weight: 400;\"> la encontramos <\/span><a href=\"https:\/\/www.forumsport.com\/es-es\/odlo-camiseta-termica-manga-larga-mujer-bl-top-crew-neck-ls-merino-200-111601-1000899823-p\" target=\"_blank\" rel=\"noopener\"><span style=\"font-weight: 400;\">en la marca <\/span><b>Odlo<\/b><\/a><span style=\"font-weight: 400;\">.<\/span><\/p>\n<p><span style=\"font-weight: 400;\">Fabricada 100% en lana merino, ofrece una <\/span><b>comodidad y confort t\u00e9rmicos excelentes<\/b><span style=\"font-weight: 400;\">, aportando una \u00f3ptima termorregulaci\u00f3n y propiedades antimicrobianas para no coger olores durante la actividad.&nbsp;<\/span><\/p>\n<p><span style=\"font-weight: 400;\">Orientada a trekking en invierno y ski gracias a su gramaje de 200g\/m2, cuenta con un cuello redondo buscando tambi\u00e9n la comodidad.<\/span><\/p>\n<p>&nbsp;<\/p>\n<p class=\"jetpack-slideshow-noscript robots-nocontent\">El pase de diapositivas requiere JavaScript.<\/p><div id=\"gallery-550-2-slideshow\" class=\"jetpack-slideshow-window jetpack-slideshow jetpack-slideshow-black\" data-trans=\"fade\" data-autostart=\"1\" data-gallery=\"[{&quot;src&quot;:&quot;https:\\\/\\\/blogs.forumsport.com\\\/es-es\\\/blogs\\\/montana\\\/wp-content\\\/uploads\\\/sites\\\/3\\\/2024\\\/12\\\/medias-1000899823-00-s-m-20230905142353.jpg&quot;,&quot;id&quot;:&quot;18512&quot;,&quot;title&quot;:&quot;&quot;,&quot;alt&quot;:&quot;&quot;,&quot;caption&quot;:&quot;&quot;,&quot;itemprop&quot;:&quot;image&quot;},{&quot;src&quot;:&quot;https:\\\/\\\/blogs.forumsport.com\\\/es-es\\\/blogs\\\/montana\\\/wp-content\\\/uploads\\\/sites\\\/3\\\/2024\\\/12\\\/medias-1000899823-03-p-x-20230905142353.jpg&quot;,&quot;id&quot;:&quot;18513&quot;,&quot;title&quot;:&quot;medias 1000899823 03 p x 20230905142353&quot;,&quot;alt&quot;:&quot;medias 1000899823 03 p x 20230905142353&quot;,&quot;caption&quot;:&quot;&quot;,&quot;itemprop&quot;:&quot;image&quot;},{&quot;src&quot;:&quot;https:\\\/\\\/blogs.forumsport.com\\\/es-es\\\/blogs\\\/montana\\\/wp-content\\\/uploads\\\/sites\\\/3\\\/2024\\\/12\\\/medias-1000899823-04-x-x-20230905142353.jpg&quot;,&quot;id&quot;:&quot;18514&quot;,&quot;title&quot;:&quot;medias 1000899823 04 x x 20230905142353&quot;,&quot;alt&quot;:&quot;medias 1000899823 04 x x 20230905142353&quot;,&quot;caption&quot;:&quot;&quot;,&quot;itemprop&quot;:&quot;image&quot;},{&quot;src&quot;:&quot;https:\\\/\\\/blogs.forumsport.com\\\/es-es\\\/blogs\\\/montana\\\/wp-content\\\/uploads\\\/sites\\\/3\\\/2024\\\/12\\\/medias-1000899823-02-x-m-20230905142353.jpg&quot;,&quot;id&quot;:&quot;18515&quot;,&quot;title&quot;:&quot;medias 1000899823 02 x m 20230905142353&quot;,&quot;alt&quot;:&quot;medias 1000899823 02 x m 20230905142353&quot;,&quot;caption&quot;:&quot;&quot;,&quot;itemprop&quot;:&quot;image&quot;}]\" itemscope itemtype=\"https:\/\/schema.org\/ImageGallery\"><\/div>\n<p>&nbsp;<\/p>\n<p><a href=\"https:\/\/www.forumsport.com\/es-es\/odlo-camiseta-termica-manga-larga-mujer-bl-top-crew-neck-ls-merino-200-111601-1000899823-p\" target=\"_blank\" rel=\"noopener\"><img loading=\"lazy\" decoding=\"async\" data-attachment-id=\"5181\" data-permalink=\"\/es-es\/blogs\/montana\/pantalones-ligeros-de-montana-una-apuesta-segura-para-todo-el-ano\/boton-ver-producto\/\" data-orig-file=\"\/es-es\/blogs\/montana\/wp-content\/uploads\/sites\/3\/2019\/10\/BOT\u00d3N-ver-producto.jpg\" data-orig-size=\"105,30\" data-comments-opened=\"1\" data-image-meta=\"{&quot;aperture&quot;:&quot;0&quot;,&quot;credit&quot;:&quot;&quot;,&quot;camera&quot;:&quot;&quot;,&quot;caption&quot;:&quot;&quot;,&quot;created_timestamp&quot;:&quot;0&quot;,&quot;copyright&quot;:&quot;&quot;,&quot;focal_length&quot;:&quot;0&quot;,&quot;iso&quot;:&quot;0&quot;,&quot;shutter_speed&quot;:&quot;0&quot;,&quot;title&quot;:&quot;&quot;,&quot;orientation&quot;:&quot;0&quot;}\" data-image-title=\"BOT\u00d3N&#8211;ver-producto\" data-image-description=\"\" data-image-caption=\"\" data-medium-file=\"\/es-es\/blogs\/montana\/wp-content\/uploads\/sites\/3\/2019\/10\/BOT\u00d3N-ver-producto.jpg\" data-large-file=\"\/es-es\/blogs\/montana\/wp-content\/uploads\/sites\/3\/2019\/10\/BOT\u00d3N-ver-producto.jpg\" class=\"aligncenter wp-image-5181 size-full\" src=\"\/es-es\/blogs\/montana\/wp-content\/uploads\/sites\/3\/2019\/10\/BOT\u00d3N-ver-producto.jpg\" alt=\"vestirse para la monta\u00f1a en invierno\" width=\"105\" height=\"30\"><\/a><\/p>\n<p>&nbsp;<\/p>\n<h2><strong>Segunda capa: retenci\u00f3n del calor<\/strong><\/h2>\n<p>&nbsp;<\/p>\n<p>La segunda capa para vestirse para la monta\u00f1a en invierno tiene como misi\u00f3n principal la de acumular entre sus fibras la m\u00e1xima cantidad de aire que sea posible.<\/p>\n<p>Este tipo de prenda <strong>conserva el calor que genera nuestro cuerpo<\/strong>, reteniendo ese aire y formando una especie de tabicado que nos protege del fr\u00edo exterior.<\/p>\n<p>No deja de ser un patr\u00f3n que intentamos imitar de c\u00f3mo los animales se protegen del fr\u00edo, poniendo como ejemplo el plum\u00f3n de las aves o el pelo hueco de los animales polares como el oso.<\/p>\n<p>&nbsp;<\/p>\n<p><a href=\"\/es-es\/blogs\/montana\/wp-content\/uploads\/sites\/3\/2020\/12\/4-9.jpg\"><img loading=\"lazy\" decoding=\"async\" data-attachment-id=\"16330\" data-permalink=\"\/es-es\/blogs\/montana\/como-vestirse-para-la-montana-en-invierno-tres-capas\/4-9-2\/\" data-orig-file=\"\/es-es\/blogs\/montana\/wp-content\/uploads\/sites\/3\/2020\/12\/4-9.jpg\" data-orig-size=\"800,600\" data-comments-opened=\"1\" data-image-meta=\"{&quot;aperture&quot;:&quot;0&quot;,&quot;credit&quot;:&quot;&quot;,&quot;camera&quot;:&quot;&quot;,&quot;caption&quot;:&quot;&quot;,&quot;created_timestamp&quot;:&quot;0&quot;,&quot;copyright&quot;:&quot;&quot;,&quot;focal_length&quot;:&quot;0&quot;,&quot;iso&quot;:&quot;0&quot;,&quot;shutter_speed&quot;:&quot;0&quot;,&quot;title&quot;:&quot;&quot;,&quot;orientation&quot;:&quot;0&quot;}\" data-image-title=\"4 9\" data-image-description=\"\" data-image-caption=\"\" data-medium-file=\"\/es-es\/blogs\/montana\/wp-content\/uploads\/sites\/3\/2020\/12\/4-9-300x225.jpg\" data-large-file=\"\/es-es\/blogs\/montana\/wp-content\/uploads\/sites\/3\/2020\/12\/4-9.jpg\" class=\"size-full wp-image-16330 aligncenter\" src=\"\/es-es\/blogs\/montana\/wp-content\/uploads\/sites\/3\/2020\/12\/4-9.jpg\" alt=\"4 9\" width=\"800\" height=\"600\" srcset=\"\/es-es\/blogs\/montana\/wp-content\/uploads\/sites\/3\/2020\/12\/4-9.jpg 800w, \/es-es\/blogs\/montana\/wp-content\/uploads\/sites\/3\/2020\/12\/4-9-300x225.jpg 300w, \/es-es\/blogs\/montana\/wp-content\/uploads\/sites\/3\/2020\/12\/4-9-768x576.jpg 768w\" sizes=\"auto, (max-width: 800px) 100vw, 800px\" \/><\/a><\/p>\n<p>&nbsp;<\/p>\n<p><strong>Cuanto m\u00e1s gruesa sea la prenda, mayor aire puede retener y m\u00e1s abrigo nos proporcionar\u00e1<\/strong>. Eso s\u00ed: &nbsp;un tabicado demasiado grueso puede hacer que sudemos demasiado en ciertas condiciones, lo cual tampoco es demasiado recomendable.<\/p>\n<p>Por eso, conviene escoger en funci\u00f3n de nuestras caracter\u00edsticas y del tipo e <strong>intensidad de esfuerzo<\/strong> que realicemos habitualmente.<\/p>\n<p>De vital importancia que la parte exterior de estas prendas sea lo m\u00e1s cortavientos posible para que no penetre el aire fr\u00edo del exterior entre las fibras de la prenda. Si lo hiciera, expulsar\u00eda el aire templado y nuestra sensaci\u00f3n t\u00e9rmica ser\u00eda mucho menor.<\/p>\n<p>&nbsp;<\/p>\n<p><a href=\"\/es-es\/blogs\/montana\/wp-content\/uploads\/sites\/3\/2020\/12\/5-8.jpg\"><img loading=\"lazy\" decoding=\"async\" data-attachment-id=\"16331\" data-permalink=\"\/es-es\/blogs\/montana\/como-vestirse-para-la-montana-en-invierno-tres-capas\/5-8-2\/\" data-orig-file=\"\/es-es\/blogs\/montana\/wp-content\/uploads\/sites\/3\/2020\/12\/5-8.jpg\" data-orig-size=\"800,600\" data-comments-opened=\"1\" data-image-meta=\"{&quot;aperture&quot;:&quot;0&quot;,&quot;credit&quot;:&quot;&quot;,&quot;camera&quot;:&quot;&quot;,&quot;caption&quot;:&quot;&quot;,&quot;created_timestamp&quot;:&quot;0&quot;,&quot;copyright&quot;:&quot;&quot;,&quot;focal_length&quot;:&quot;0&quot;,&quot;iso&quot;:&quot;0&quot;,&quot;shutter_speed&quot;:&quot;0&quot;,&quot;title&quot;:&quot;&quot;,&quot;orientation&quot;:&quot;0&quot;}\" data-image-title=\"5 8\" data-image-description=\"\" data-image-caption=\"\" data-medium-file=\"\/es-es\/blogs\/montana\/wp-content\/uploads\/sites\/3\/2020\/12\/5-8-300x225.jpg\" data-large-file=\"\/es-es\/blogs\/montana\/wp-content\/uploads\/sites\/3\/2020\/12\/5-8.jpg\" class=\"size-full wp-image-16331 aligncenter\" src=\"\/es-es\/blogs\/montana\/wp-content\/uploads\/sites\/3\/2020\/12\/5-8.jpg\" alt=\"5 8\" width=\"800\" height=\"600\" srcset=\"\/es-es\/blogs\/montana\/wp-content\/uploads\/sites\/3\/2020\/12\/5-8.jpg 800w, \/es-es\/blogs\/montana\/wp-content\/uploads\/sites\/3\/2020\/12\/5-8-300x225.jpg 300w, \/es-es\/blogs\/montana\/wp-content\/uploads\/sites\/3\/2020\/12\/5-8-768x576.jpg 768w\" sizes=\"auto, (max-width: 800px) 100vw, 800px\" \/><\/a><\/p>\n<p>&nbsp;<\/p>\n<p>Para evitarlo, muchas de estas prendas de segunda capa son mejoradas mediante la adici\u00f3n de capas o membranas \u201ccortavientos\u201d en su cara externa.<\/p>\n<p><strong>En cuanto a la talla, comprarla holgada nos permitir\u00e1 introducir otra camiseta interior debajo o a\u00f1adir un forro polar m\u00e1s fino si el term\u00f3metro es muy severo<\/strong>, pero tambi\u00e9n har\u00e1 que nos cueste m\u00e1s calentarnos debido al mayor aire del interior.<\/p>\n<p>Materiales en fibras sint\u00e9ticas como la <strong>poliamida, poli\u00e9ster o propileno<\/strong> son las m\u00e1s utilizadas en este tipo de prendas.<\/p>\n<p>Utilizar materiales naturales como el plum\u00f3n de las aves sigue siendo a d\u00eda de hoy lo que m\u00e1s nos a\u00edsla, siendo adem\u00e1s m\u00e1s ligeras y compresibles.<\/p>\n<p>&nbsp;<\/p>\n<p><a href=\"\/es-es\/blogs\/montana\/wp-content\/uploads\/sites\/3\/2020\/12\/6-8.jpg\"><img loading=\"lazy\" decoding=\"async\" data-attachment-id=\"16332\" data-permalink=\"\/es-es\/blogs\/montana\/como-vestirse-para-la-montana-en-invierno-tres-capas\/6-8\/\" data-orig-file=\"\/es-es\/blogs\/montana\/wp-content\/uploads\/sites\/3\/2020\/12\/6-8.jpg\" data-orig-size=\"800,600\" data-comments-opened=\"1\" data-image-meta=\"{&quot;aperture&quot;:&quot;0&quot;,&quot;credit&quot;:&quot;&quot;,&quot;camera&quot;:&quot;&quot;,&quot;caption&quot;:&quot;&quot;,&quot;created_timestamp&quot;:&quot;0&quot;,&quot;copyright&quot;:&quot;&quot;,&quot;focal_length&quot;:&quot;0&quot;,&quot;iso&quot;:&quot;0&quot;,&quot;shutter_speed&quot;:&quot;0&quot;,&quot;title&quot;:&quot;&quot;,&quot;orientation&quot;:&quot;0&quot;}\" data-image-title=\"6 8\" data-image-description=\"\" data-image-caption=\"\" data-medium-file=\"\/es-es\/blogs\/montana\/wp-content\/uploads\/sites\/3\/2020\/12\/6-8-300x225.jpg\" data-large-file=\"\/es-es\/blogs\/montana\/wp-content\/uploads\/sites\/3\/2020\/12\/6-8.jpg\" class=\"size-full wp-image-16332 aligncenter\" src=\"\/es-es\/blogs\/montana\/wp-content\/uploads\/sites\/3\/2020\/12\/6-8.jpg\" alt=\"6 8\" width=\"800\" height=\"600\" srcset=\"\/es-es\/blogs\/montana\/wp-content\/uploads\/sites\/3\/2020\/12\/6-8.jpg 800w, \/es-es\/blogs\/montana\/wp-content\/uploads\/sites\/3\/2020\/12\/6-8-300x225.jpg 300w, \/es-es\/blogs\/montana\/wp-content\/uploads\/sites\/3\/2020\/12\/6-8-768x576.jpg 768w\" sizes=\"auto, (max-width: 800px) 100vw, 800px\" \/><\/a><\/p>\n<p>&nbsp;<\/p>\n<p>Las nuevas fibras de estas prendas para vestirse para la monta\u00f1a en invierno tienen mucha menor absorci\u00f3n del sudor, un secado m\u00e1s r\u00e1pido y mejor capacidad de aislamiento t\u00e9rmico a igualdad de peso. Esto nos permite abrigarnos igual sin ir tan cargados.<\/p>\n<p>Un <a href=\"https:\/\/www.forumsport.com\/es-es\/montana\/ropa-montana\/ropa-montana-hombre\/forros-polares-montana-hombre-30148-c\" target=\"_blank\" rel=\"noopener\">forro polar<\/a> con una buena densidad de gramaje ser\u00eda lo ideal para ponernos encima de nuestra camiseta t\u00e9rmica.<\/p>\n<p>&nbsp;<\/p>\n<p><a href=\"\/es-es\/blogs\/montana\/wp-content\/uploads\/sites\/3\/2020\/12\/7-8.jpg\"><img loading=\"lazy\" decoding=\"async\" data-attachment-id=\"16333\" data-permalink=\"\/es-es\/blogs\/montana\/como-vestirse-para-la-montana-en-invierno-tres-capas\/7-8\/\" data-orig-file=\"\/es-es\/blogs\/montana\/wp-content\/uploads\/sites\/3\/2020\/12\/7-8.jpg\" data-orig-size=\"800,600\" data-comments-opened=\"1\" data-image-meta=\"{&quot;aperture&quot;:&quot;0&quot;,&quot;credit&quot;:&quot;&quot;,&quot;camera&quot;:&quot;&quot;,&quot;caption&quot;:&quot;&quot;,&quot;created_timestamp&quot;:&quot;0&quot;,&quot;copyright&quot;:&quot;&quot;,&quot;focal_length&quot;:&quot;0&quot;,&quot;iso&quot;:&quot;0&quot;,&quot;shutter_speed&quot;:&quot;0&quot;,&quot;title&quot;:&quot;&quot;,&quot;orientation&quot;:&quot;0&quot;}\" data-image-title=\"7 8\" data-image-description=\"\" data-image-caption=\"\" data-medium-file=\"\/es-es\/blogs\/montana\/wp-content\/uploads\/sites\/3\/2020\/12\/7-8-300x225.jpg\" data-large-file=\"\/es-es\/blogs\/montana\/wp-content\/uploads\/sites\/3\/2020\/12\/7-8.jpg\" class=\"size-full wp-image-16333 aligncenter\" src=\"\/es-es\/blogs\/montana\/wp-content\/uploads\/sites\/3\/2020\/12\/7-8.jpg\" alt=\"7 8\" width=\"800\" height=\"600\" srcset=\"\/es-es\/blogs\/montana\/wp-content\/uploads\/sites\/3\/2020\/12\/7-8.jpg 800w, \/es-es\/blogs\/montana\/wp-content\/uploads\/sites\/3\/2020\/12\/7-8-300x225.jpg 300w, \/es-es\/blogs\/montana\/wp-content\/uploads\/sites\/3\/2020\/12\/7-8-768x576.jpg 768w\" sizes=\"auto, (max-width: 800px) 100vw, 800px\" \/><\/a><\/p>\n<p>&nbsp;<\/p>\n<p><span style=\"font-weight: 400;\">Destacamos el forro polar de <\/span><a href=\"https:\/\/www.forumsport.com\/es-es\/adidas-forro-polar-hombre-xpr-lt-fl-j-jm0115-1001049087-p\" target=\"_blank\" rel=\"noopener\"><span style=\"font-weight: 400;\">adidas Terrex Xperior Climawarm Light<\/span><\/a><span style=\"font-weight: 400;\">, que cuenta <\/span><span style=\"font-weight: 400;\">con un tabicado m\u00e1s fino buscando <\/span><b>transpirabilidad y adaptaci\u00f3n de movimientos.<\/b><\/p>\n<p><span style=\"font-weight: 400;\">Fabricado en poli\u00e9ster reciclado, su <\/span><b>tejido Climawarm<\/b><span style=\"font-weight: 400;\"> es <\/span><b>ligero<\/b><span style=\"font-weight: 400;\"> e incorpora materiales para conseguir una <\/span><b>temperatura corporal \u00f3ptima<\/b><span style=\"font-weight: 400;\"> en actividades aer\u00f3bicas de intensidad alta.&nbsp;<\/span><\/p>\n<p><span style=\"font-weight: 400;\">Sus fibras transpirables tienen una excelente gesti\u00f3n del sudor manteni\u00e9ndonos secos. Incorpora 2 bolsillos laterales y cremallera con apertura total<\/span><\/p>\n<p>&nbsp;<\/p>\n<p class=\"jetpack-slideshow-noscript robots-nocontent\">El pase de diapositivas requiere JavaScript.<\/p><div id=\"gallery-550-3-slideshow\" class=\"jetpack-slideshow-window jetpack-slideshow jetpack-slideshow-black\" data-trans=\"fade\" data-autostart=\"1\" data-gallery=\"[{&quot;src&quot;:&quot;https:\\\/\\\/blogs.forumsport.com\\\/es-es\\\/blogs\\\/montana\\\/wp-content\\\/uploads\\\/sites\\\/3\\\/2024\\\/12\\\/adidas-forro-polar-hombre-xpr-lt-fl-j-05-1001049087-1000x1000-f.jpg&quot;,&quot;id&quot;:&quot;18516&quot;,&quot;title&quot;:&quot;&quot;,&quot;alt&quot;:&quot;&quot;,&quot;caption&quot;:&quot;&quot;,&quot;itemprop&quot;:&quot;image&quot;},{&quot;src&quot;:&quot;https:\\\/\\\/blogs.forumsport.com\\\/es-es\\\/blogs\\\/montana\\\/wp-content\\\/uploads\\\/sites\\\/3\\\/2024\\\/12\\\/adidas-forro-polar-hombre-xpr-lt-fl-j-03-1001049087-1000x1500-f.jpg&quot;,&quot;id&quot;:&quot;18517&quot;,&quot;title&quot;:&quot;adidas forro polar hombre xpr lt fl j 03 1001049087 1000\\u0026#215;1500 f&quot;,&quot;alt&quot;:&quot;adidas forro polar hombre xpr lt fl j 03 1001049087 1000x1500 f&quot;,&quot;caption&quot;:&quot;&quot;,&quot;itemprop&quot;:&quot;image&quot;},{&quot;src&quot;:&quot;https:\\\/\\\/blogs.forumsport.com\\\/es-es\\\/blogs\\\/montana\\\/wp-content\\\/uploads\\\/sites\\\/3\\\/2024\\\/12\\\/adidas-forro-polar-hombre-xpr-lt-fl-j-04-1001049087-1000x1500-f.jpg&quot;,&quot;id&quot;:&quot;18518&quot;,&quot;title&quot;:&quot;adidas forro polar hombre xpr lt fl j 04 1001049087 1000\\u0026#215;1500 f&quot;,&quot;alt&quot;:&quot;adidas forro polar hombre xpr lt fl j 04 1001049087 1000x1500 f&quot;,&quot;caption&quot;:&quot;&quot;,&quot;itemprop&quot;:&quot;image&quot;},{&quot;src&quot;:&quot;https:\\\/\\\/blogs.forumsport.com\\\/es-es\\\/blogs\\\/montana\\\/wp-content\\\/uploads\\\/sites\\\/3\\\/2024\\\/12\\\/adidas-forro-polar-hombre-xpr-lt-fl-j-vista-frontal-1001049087-1000x1500-f.jpg&quot;,&quot;id&quot;:&quot;18519&quot;,&quot;title&quot;:&quot;adidas forro polar hombre xpr lt fl j vista frontal 1001049087 1000\\u0026#215;1500 f&quot;,&quot;alt&quot;:&quot;adidas forro polar hombre xpr lt fl j vista frontal 1001049087 1000x1500 f&quot;,&quot;caption&quot;:&quot;&quot;,&quot;itemprop&quot;:&quot;image&quot;}]\" itemscope itemtype=\"https:\/\/schema.org\/ImageGallery\"><\/div>\n<p>&nbsp;<\/p>\n<p><a href=\"https:\/\/www.forumsport.com\/es-es\/adidas-forro-polar-hombre-xpr-lt-fl-j-jm0115-1001049087-p\" target=\"_blank\" rel=\"noopener\"><img loading=\"lazy\" decoding=\"async\" data-attachment-id=\"5181\" data-permalink=\"\/es-es\/blogs\/montana\/pantalones-ligeros-de-montana-una-apuesta-segura-para-todo-el-ano\/boton-ver-producto\/\" data-orig-file=\"\/es-es\/blogs\/montana\/wp-content\/uploads\/sites\/3\/2019\/10\/BOT\u00d3N-ver-producto.jpg\" data-orig-size=\"105,30\" data-comments-opened=\"1\" data-image-meta=\"{&quot;aperture&quot;:&quot;0&quot;,&quot;credit&quot;:&quot;&quot;,&quot;camera&quot;:&quot;&quot;,&quot;caption&quot;:&quot;&quot;,&quot;created_timestamp&quot;:&quot;0&quot;,&quot;copyright&quot;:&quot;&quot;,&quot;focal_length&quot;:&quot;0&quot;,&quot;iso&quot;:&quot;0&quot;,&quot;shutter_speed&quot;:&quot;0&quot;,&quot;title&quot;:&quot;&quot;,&quot;orientation&quot;:&quot;0&quot;}\" data-image-title=\"BOT\u00d3N&#8211;ver-producto\" data-image-description=\"\" data-image-caption=\"\" data-medium-file=\"\/es-es\/blogs\/montana\/wp-content\/uploads\/sites\/3\/2019\/10\/BOT\u00d3N-ver-producto.jpg\" data-large-file=\"\/es-es\/blogs\/montana\/wp-content\/uploads\/sites\/3\/2019\/10\/BOT\u00d3N-ver-producto.jpg\" class=\"aligncenter wp-image-5181 size-full\" src=\"\/es-es\/blogs\/montana\/wp-content\/uploads\/sites\/3\/2019\/10\/BOT\u00d3N-ver-producto.jpg\" alt=\"vestirse para la monta\u00f1a en invierno\" width=\"105\" height=\"30\"><\/a><\/p>\n<p>&nbsp;<\/p>\n<p><span style=\"font-weight: 400;\">Una excelente alternativa como segunda capa es el <\/span><a href=\"https:\/\/www.forumsport.com\/es-es\/the-north-face-forro-polar-mujer-w-mistyescape-fleece-nf0a8brk-1001023786-p\" target=\"_blank\" rel=\"noopener\"><span style=\"font-weight: 400;\">forro polar Mistyescape, de The North Face<\/span><\/a><span style=\"font-weight: 400;\">. Confeccionado en poli\u00e9ster reciclado, ofrece mayor punto t\u00e9rmico, con un <\/span><b>cuello de doble capa para mayor protecci\u00f3n frente al fr\u00edo<\/b><span style=\"font-weight: 400;\">.&nbsp;<\/span><\/p>\n<p><span style=\"font-weight: 400;\">Su tejido es biel\u00e1stico, adapt\u00e1ndose perfectamente a los movimientos. Tiene un <\/span><b>entallado m\u00e1s t\u00e9cnico y alpino para un mejor ajuste durante la actividad<\/b><span style=\"font-weight: 400;\">.<\/span><\/p>\n<p><span style=\"font-weight: 400;\">Equipada con bolsillos calientamanos y un peque\u00f1o bolsillo en el brazo<\/span><\/p>\n<p>&nbsp;<\/p>\n<p class=\"jetpack-slideshow-noscript robots-nocontent\">El pase de diapositivas requiere JavaScript.<\/p><div id=\"gallery-550-4-slideshow\" class=\"jetpack-slideshow-window jetpack-slideshow jetpack-slideshow-black\" data-trans=\"fade\" data-autostart=\"1\" data-gallery=\"[{&quot;src&quot;:&quot;https:\\\/\\\/blogs.forumsport.com\\\/es-es\\\/blogs\\\/montana\\\/wp-content\\\/uploads\\\/sites\\\/3\\\/2024\\\/12\\\/the-north-face-forro-polar-mujer-w-mistyescape-fleece-03-1001023786-1000x1000-f.jpg&quot;,&quot;id&quot;:&quot;18520&quot;,&quot;title&quot;:&quot;&quot;,&quot;alt&quot;:&quot;&quot;,&quot;caption&quot;:&quot;&quot;,&quot;itemprop&quot;:&quot;image&quot;},{&quot;src&quot;:&quot;https:\\\/\\\/blogs.forumsport.com\\\/es-es\\\/blogs\\\/montana\\\/wp-content\\\/uploads\\\/sites\\\/3\\\/2024\\\/12\\\/the-north-face-forro-polar-mujer-w-mistyescape-fleece-04-1001023786-1000x1000-f.jpg&quot;,&quot;id&quot;:&quot;18521&quot;,&quot;title&quot;:&quot;the north face forro polar mujer w mistyescape fleece 04 1001023786 1000\\u0026#215;1000 f&quot;,&quot;alt&quot;:&quot;the north face forro polar mujer w mistyescape fleece 04 1001023786 1000x1000 f&quot;,&quot;caption&quot;:&quot;&quot;,&quot;itemprop&quot;:&quot;image&quot;},{&quot;src&quot;:&quot;https:\\\/\\\/blogs.forumsport.com\\\/es-es\\\/blogs\\\/montana\\\/wp-content\\\/uploads\\\/sites\\\/3\\\/2024\\\/12\\\/the-north-face-forro-polar-mujer-w-mistyescape-fleece-vista-frontal-1001023786-1000x1500-f.jpg&quot;,&quot;id&quot;:&quot;18522&quot;,&quot;title&quot;:&quot;the north face forro polar mujer w mistyescape fleece vista frontal 1001023786 1000\\u0026#215;1500 f&quot;,&quot;alt&quot;:&quot;the north face forro polar mujer w mistyescape fleece vista frontal 1001023786 1000x1500 f&quot;,&quot;caption&quot;:&quot;&quot;,&quot;itemprop&quot;:&quot;image&quot;},{&quot;src&quot;:&quot;https:\\\/\\\/blogs.forumsport.com\\\/es-es\\\/blogs\\\/montana\\\/wp-content\\\/uploads\\\/sites\\\/3\\\/2024\\\/12\\\/the-north-face-forro-polar-mujer-w-mistyescape-fleece-vista-trasera-1001023786-1000x1500-f.jpg&quot;,&quot;id&quot;:&quot;18523&quot;,&quot;title&quot;:&quot;the north face forro polar mujer w mistyescape fleece vista trasera 1001023786 1000\\u0026#215;1500 f&quot;,&quot;alt&quot;:&quot;the north face forro polar mujer w mistyescape fleece vista trasera 1001023786 1000x1500 f&quot;,&quot;caption&quot;:&quot;&quot;,&quot;itemprop&quot;:&quot;image&quot;}]\" itemscope itemtype=\"https:\/\/schema.org\/ImageGallery\"><\/div>\n<p><a href=\"https:\/\/www.forumsport.com\/es-es\/the-north-face-forro-polar-mujer-w-mistyescape-fleece-nf0a8brk-1001023786-p\" target=\"_blank\" rel=\"noopener\"><img loading=\"lazy\" decoding=\"async\" data-attachment-id=\"5181\" data-permalink=\"\/es-es\/blogs\/montana\/pantalones-ligeros-de-montana-una-apuesta-segura-para-todo-el-ano\/boton-ver-producto\/\" data-orig-file=\"\/es-es\/blogs\/montana\/wp-content\/uploads\/sites\/3\/2019\/10\/BOT\u00d3N-ver-producto.jpg\" data-orig-size=\"105,30\" data-comments-opened=\"1\" data-image-meta=\"{&quot;aperture&quot;:&quot;0&quot;,&quot;credit&quot;:&quot;&quot;,&quot;camera&quot;:&quot;&quot;,&quot;caption&quot;:&quot;&quot;,&quot;created_timestamp&quot;:&quot;0&quot;,&quot;copyright&quot;:&quot;&quot;,&quot;focal_length&quot;:&quot;0&quot;,&quot;iso&quot;:&quot;0&quot;,&quot;shutter_speed&quot;:&quot;0&quot;,&quot;title&quot;:&quot;&quot;,&quot;orientation&quot;:&quot;0&quot;}\" data-image-title=\"BOT\u00d3N&#8211;ver-producto\" data-image-description=\"\" data-image-caption=\"\" data-medium-file=\"\/es-es\/blogs\/montana\/wp-content\/uploads\/sites\/3\/2019\/10\/BOT\u00d3N-ver-producto.jpg\" data-large-file=\"\/es-es\/blogs\/montana\/wp-content\/uploads\/sites\/3\/2019\/10\/BOT\u00d3N-ver-producto.jpg\" class=\"aligncenter wp-image-5181 size-full\" src=\"\/es-es\/blogs\/montana\/wp-content\/uploads\/sites\/3\/2019\/10\/BOT\u00d3N-ver-producto.jpg\" alt=\"vestirse para la monta\u00f1a en invierno\" width=\"105\" height=\"30\"><\/a><\/p>\n<p>&nbsp;<\/p>\n<p>Cuando las condiciones son m\u00e1s adversas en cuanto a temperaturas necesitamos otra segunda capa extra para aislarnos mejor. En esta segunda opci\u00f3n entran en juegos las <strong>chaquetas de fibra<\/strong> o <a href=\"\/es-es\/blogs\/montana\/plumiferos-para-este-invierno\/\" target=\"_blank\" rel=\"noopener\"><strong>plumas<\/strong><\/a>.<\/p>\n<p>&nbsp;<\/p>\n<p><a href=\"\/es-es\/blogs\/montana\/wp-content\/uploads\/sites\/3\/2020\/12\/8-8.jpg\"><img loading=\"lazy\" decoding=\"async\" data-attachment-id=\"16349\" data-permalink=\"\/es-es\/blogs\/montana\/como-vestirse-para-la-montana-en-invierno-tres-capas\/8-8\/\" data-orig-file=\"\/es-es\/blogs\/montana\/wp-content\/uploads\/sites\/3\/2020\/12\/8-8.jpg\" data-orig-size=\"800,600\" data-comments-opened=\"1\" data-image-meta=\"{&quot;aperture&quot;:&quot;0&quot;,&quot;credit&quot;:&quot;&quot;,&quot;camera&quot;:&quot;&quot;,&quot;caption&quot;:&quot;&quot;,&quot;created_timestamp&quot;:&quot;0&quot;,&quot;copyright&quot;:&quot;&quot;,&quot;focal_length&quot;:&quot;0&quot;,&quot;iso&quot;:&quot;0&quot;,&quot;shutter_speed&quot;:&quot;0&quot;,&quot;title&quot;:&quot;&quot;,&quot;orientation&quot;:&quot;0&quot;}\" data-image-title=\"8 8\" data-image-description=\"\" data-image-caption=\"\" data-medium-file=\"\/es-es\/blogs\/montana\/wp-content\/uploads\/sites\/3\/2020\/12\/8-8-300x225.jpg\" data-large-file=\"\/es-es\/blogs\/montana\/wp-content\/uploads\/sites\/3\/2020\/12\/8-8.jpg\" class=\"size-full wp-image-16349 aligncenter\" src=\"\/es-es\/blogs\/montana\/wp-content\/uploads\/sites\/3\/2020\/12\/8-8.jpg\" alt=\"8 8\" width=\"800\" height=\"600\" srcset=\"\/es-es\/blogs\/montana\/wp-content\/uploads\/sites\/3\/2020\/12\/8-8.jpg 800w, \/es-es\/blogs\/montana\/wp-content\/uploads\/sites\/3\/2020\/12\/8-8-300x225.jpg 300w, \/es-es\/blogs\/montana\/wp-content\/uploads\/sites\/3\/2020\/12\/8-8-768x576.jpg 768w\" sizes=\"auto, (max-width: 800px) 100vw, 800px\" \/><\/a><\/p>\n<p>&nbsp;<\/p>\n<p><span style=\"font-weight: 400;\">Nos gusta mucho el modelo <\/span><a href=\"https:\/\/www.forumsport.com\/es-es\/ternua-chaqueta-outdoor-hombre-bionik-hood-jkt-m-1644317-1001048655-p\" target=\"_blank\" rel=\"noopener\"><b>Bionik<\/b><span style=\"font-weight: 400;\"> de Ternua<\/span><\/a><span style=\"font-weight: 400;\">, una <\/span><b>chaqueta t\u00e9cnica fabricada con relleno sint\u00e9tico Primaloft Gold de 200g\/m2<\/b><span style=\"font-weight: 400;\">. Una prenda que nos aporta un buen aislamiento buscando transpirabilidad para actividades aer\u00f3bicas en ambientes fr\u00edos.<\/span><\/p>\n<p><span style=\"font-weight: 400;\">Su tejido exterior de Microshell nos hace funci\u00f3n <\/span><b>cortavientos,<\/b><span style=\"font-weight: 400;\"> aparte de la ligereza que nos aporta. Cuenta con tratamiento de repelencia al agua DWR.<\/span><\/p>\n<p><span style=\"font-weight: 400;\">Cuenta con 2 bolsillos laterales y capucha ajustable. Bajos y pu\u00f1os con ribete el\u00e1stico para evitar la p\u00e9rdida de calor.<\/span><\/p>\n<p>&nbsp;<\/p>\n<p class=\"jetpack-slideshow-noscript robots-nocontent\">El pase de diapositivas requiere JavaScript.<\/p><div id=\"gallery-550-5-slideshow\" class=\"jetpack-slideshow-window jetpack-slideshow jetpack-slideshow-black\" data-trans=\"fade\" data-autostart=\"1\" data-gallery=\"[{&quot;src&quot;:&quot;https:\\\/\\\/blogs.forumsport.com\\\/es-es\\\/blogs\\\/montana\\\/wp-content\\\/uploads\\\/sites\\\/3\\\/2024\\\/12\\\/ternua-chaqueta-outdoor-hombre-bionik-hood-jkt-m-vista-frontal-1001048655-1000x1000-f.jpg&quot;,&quot;id&quot;:&quot;18524&quot;,&quot;title&quot;:&quot;&quot;,&quot;alt&quot;:&quot;&quot;,&quot;caption&quot;:&quot;&quot;,&quot;itemprop&quot;:&quot;image&quot;},{&quot;src&quot;:&quot;https:\\\/\\\/blogs.forumsport.com\\\/es-es\\\/blogs\\\/montana\\\/wp-content\\\/uploads\\\/sites\\\/3\\\/2024\\\/12\\\/ternua-chaqueta-outdoor-hombre-bionik-hood-jkt-m-vista-trasera-1001048655-1000x1000-f.jpg&quot;,&quot;id&quot;:&quot;18525&quot;,&quot;title&quot;:&quot;ternua chaqueta outdoor hombre bionik hood jkt m vista trasera 1001048655 1000\\u0026#215;1000 f&quot;,&quot;alt&quot;:&quot;ternua chaqueta outdoor hombre bionik hood jkt m vista trasera 1001048655 1000x1000 f&quot;,&quot;caption&quot;:&quot;&quot;,&quot;itemprop&quot;:&quot;image&quot;}]\" itemscope itemtype=\"https:\/\/schema.org\/ImageGallery\"><\/div>\n<p>&nbsp;<\/p>\n<p><a href=\"https:\/\/www.forumsport.com\/es-es\/ternua-chaqueta-outdoor-hombre-bionik-hood-jkt-m-1644317-1001048655-p\" target=\"_blank\" rel=\"noopener\"><img loading=\"lazy\" decoding=\"async\" data-attachment-id=\"5181\" data-permalink=\"\/es-es\/blogs\/montana\/pantalones-ligeros-de-montana-una-apuesta-segura-para-todo-el-ano\/boton-ver-producto\/\" data-orig-file=\"\/es-es\/blogs\/montana\/wp-content\/uploads\/sites\/3\/2019\/10\/BOT\u00d3N-ver-producto.jpg\" data-orig-size=\"105,30\" data-comments-opened=\"1\" data-image-meta=\"{&quot;aperture&quot;:&quot;0&quot;,&quot;credit&quot;:&quot;&quot;,&quot;camera&quot;:&quot;&quot;,&quot;caption&quot;:&quot;&quot;,&quot;created_timestamp&quot;:&quot;0&quot;,&quot;copyright&quot;:&quot;&quot;,&quot;focal_length&quot;:&quot;0&quot;,&quot;iso&quot;:&quot;0&quot;,&quot;shutter_speed&quot;:&quot;0&quot;,&quot;title&quot;:&quot;&quot;,&quot;orientation&quot;:&quot;0&quot;}\" data-image-title=\"BOT\u00d3N&#8211;ver-producto\" data-image-description=\"\" data-image-caption=\"\" data-medium-file=\"\/es-es\/blogs\/montana\/wp-content\/uploads\/sites\/3\/2019\/10\/BOT\u00d3N-ver-producto.jpg\" data-large-file=\"\/es-es\/blogs\/montana\/wp-content\/uploads\/sites\/3\/2019\/10\/BOT\u00d3N-ver-producto.jpg\" class=\"aligncenter wp-image-5181 size-full\" src=\"\/es-es\/blogs\/montana\/wp-content\/uploads\/sites\/3\/2019\/10\/BOT\u00d3N-ver-producto.jpg\" alt=\"vestirse para la monta\u00f1a en invierno\" width=\"105\" height=\"30\"><\/a><\/p>\n<p><strong>&nbsp;<\/strong><\/p>\n<p>&nbsp;<\/p>\n<p><span style=\"font-weight: 400;\">La marca norteamericana Columbia cuenta en su colecci\u00f3n con el modelo <\/span><a href=\"https:\/\/www.forumsport.com\/es-es\/columbia-chaqueta-outdoor-hombre-labyrinth-loop-ii-hooded-jacket-2085294-1001011257-p\" target=\"_blank\" rel=\"noopener\"><span style=\"font-weight: 400;\">Labyrinth Loop<\/span><\/a><span style=\"font-weight: 400;\">, una <\/span><b>chaqueta insulada para actividades en climas fr\u00edos<\/b><span style=\"font-weight: 400;\">.&nbsp;<\/span><\/p>\n<p><span style=\"font-weight: 400;\">Su relleno es de <\/span><b>plum\u00f3n sint\u00e9tico reciclado<\/b><span style=\"font-weight: 400;\">. Cuenta con la tecnolog\u00eda refractaria <\/span><b>Omni-heat Infinity<\/b><span style=\"font-weight: 400;\">, que con sus puntos dorados rebota nuestro calor para mantenernos calientes durante la actividad.<\/span><\/p>\n<p><span style=\"font-weight: 400;\">Sus detalles de ajuste en la capucha, la protecci\u00f3n que tiene en la zona de ment\u00f3n, y sus pu\u00f1os el\u00e1sticos hacen que conservemos \u00f3ptimamente el calor.<\/span><\/p>\n<p><span style=\"font-weight: 400;\">Cuenta con bolsillos laterales y otro en el pecho. La capa exterior es deperlante al agua<\/span><\/p>\n<p>&nbsp;<\/p>\n<p class=\"jetpack-slideshow-noscript robots-nocontent\">El pase de diapositivas requiere JavaScript.<\/p><div id=\"gallery-550-6-slideshow\" class=\"jetpack-slideshow-window jetpack-slideshow jetpack-slideshow-black\" data-trans=\"fade\" data-autostart=\"1\" data-gallery=\"[{&quot;src&quot;:&quot;https:\\\/\\\/blogs.forumsport.com\\\/es-es\\\/blogs\\\/montana\\\/wp-content\\\/uploads\\\/sites\\\/3\\\/2024\\\/12\\\/columbia-chaqueta-outdoor-hombre-labyrinth-loop-ii-hooded-jacket-vista-frontal-1001011257-1000x1000-f.jpg&quot;,&quot;id&quot;:&quot;18526&quot;,&quot;title&quot;:&quot;&quot;,&quot;alt&quot;:&quot;&quot;,&quot;caption&quot;:&quot;&quot;,&quot;itemprop&quot;:&quot;image&quot;},{&quot;src&quot;:&quot;https:\\\/\\\/blogs.forumsport.com\\\/es-es\\\/blogs\\\/montana\\\/wp-content\\\/uploads\\\/sites\\\/3\\\/2024\\\/12\\\/columbia-chaqueta-outdoor-hombre-labyrinth-loop-ii-hooded-jacket-vista-trasera-1001011257-1000x1000-f.jpg&quot;,&quot;id&quot;:&quot;18527&quot;,&quot;title&quot;:&quot;columbia chaqueta outdoor hombre labyrinth loop ii hooded jacket vista trasera 1001011257 1000\\u0026#215;1000 f&quot;,&quot;alt&quot;:&quot;columbia chaqueta outdoor hombre labyrinth loop ii hooded jacket vista trasera 1001011257 1000x1000 f&quot;,&quot;caption&quot;:&quot;&quot;,&quot;itemprop&quot;:&quot;image&quot;},{&quot;src&quot;:&quot;https:\\\/\\\/blogs.forumsport.com\\\/es-es\\\/blogs\\\/montana\\\/wp-content\\\/uploads\\\/sites\\\/3\\\/2024\\\/12\\\/columbia-chaqueta-outdoor-hombre-labyrinth-loop-ii-hooded-jacket-vista-detalle-1001011257-1000x1000-f.jpg&quot;,&quot;id&quot;:&quot;18528&quot;,&quot;title&quot;:&quot;columbia chaqueta outdoor hombre labyrinth loop ii hooded jacket vista detalle 1001011257 1000\\u0026#215;1000 f&quot;,&quot;alt&quot;:&quot;columbia chaqueta outdoor hombre labyrinth loop ii hooded jacket vista detalle 1001011257 1000x1000 f&quot;,&quot;caption&quot;:&quot;&quot;,&quot;itemprop&quot;:&quot;image&quot;},{&quot;src&quot;:&quot;https:\\\/\\\/blogs.forumsport.com\\\/es-es\\\/blogs\\\/montana\\\/wp-content\\\/uploads\\\/sites\\\/3\\\/2024\\\/12\\\/columbia-chaqueta-outdoor-hombre-labyrinth-loop-ii-hooded-jacket-05-1001011257-1000x1000-f.jpg&quot;,&quot;id&quot;:&quot;18529&quot;,&quot;title&quot;:&quot;columbia chaqueta outdoor hombre labyrinth loop ii hooded jacket 05 1001011257 1000\\u0026#215;1000 f&quot;,&quot;alt&quot;:&quot;columbia chaqueta outdoor hombre labyrinth loop ii hooded jacket 05 1001011257 1000x1000 f&quot;,&quot;caption&quot;:&quot;&quot;,&quot;itemprop&quot;:&quot;image&quot;}]\" itemscope itemtype=\"https:\/\/schema.org\/ImageGallery\"><\/div>\n<p>&nbsp;<\/p>\n<p><a href=\"https:\/\/www.forumsport.com\/es-es\/columbia-chaqueta-outdoor-hombre-labyrinth-loop-ii-hooded-jacket-2085294-1001011257-p\" target=\"_blank\" rel=\"noopener\"><img loading=\"lazy\" decoding=\"async\" data-attachment-id=\"5181\" data-permalink=\"\/es-es\/blogs\/montana\/pantalones-ligeros-de-montana-una-apuesta-segura-para-todo-el-ano\/boton-ver-producto\/\" data-orig-file=\"\/es-es\/blogs\/montana\/wp-content\/uploads\/sites\/3\/2019\/10\/BOT\u00d3N-ver-producto.jpg\" data-orig-size=\"105,30\" data-comments-opened=\"1\" data-image-meta=\"{&quot;aperture&quot;:&quot;0&quot;,&quot;credit&quot;:&quot;&quot;,&quot;camera&quot;:&quot;&quot;,&quot;caption&quot;:&quot;&quot;,&quot;created_timestamp&quot;:&quot;0&quot;,&quot;copyright&quot;:&quot;&quot;,&quot;focal_length&quot;:&quot;0&quot;,&quot;iso&quot;:&quot;0&quot;,&quot;shutter_speed&quot;:&quot;0&quot;,&quot;title&quot;:&quot;&quot;,&quot;orientation&quot;:&quot;0&quot;}\" data-image-title=\"BOT\u00d3N&#8211;ver-producto\" data-image-description=\"\" data-image-caption=\"\" data-medium-file=\"\/es-es\/blogs\/montana\/wp-content\/uploads\/sites\/3\/2019\/10\/BOT\u00d3N-ver-producto.jpg\" data-large-file=\"\/es-es\/blogs\/montana\/wp-content\/uploads\/sites\/3\/2019\/10\/BOT\u00d3N-ver-producto.jpg\" class=\"aligncenter wp-image-5181 size-full\" src=\"\/es-es\/blogs\/montana\/wp-content\/uploads\/sites\/3\/2019\/10\/BOT\u00d3N-ver-producto.jpg\" alt=\"vestirse para la monta\u00f1a en invierno\" width=\"105\" height=\"30\"><\/a><\/p>\n<h2>&nbsp;<\/h2>\n<h2><strong>Vestirse para la monta\u00f1a en invierno, tercera capa: protecci\u00f3n contra los elementos<\/strong><\/h2>\n<p>&nbsp;<\/p>\n<p>El objetivo de la tercera capa es el de <strong>hacernos de escudo contra las inclemencias meteorol\u00f3gicas, ya sea lluvia, viento o nieve<\/strong>.<\/p>\n<p>De nada vale mantener nuestro cuerpo caliente si acabamos empapados, ya que la temperatura corporal bajar\u00e1 r\u00e1pidamente y podemos entrar en riesgo de hipotermia en poco tiempo. Es fundamental por tanto mantenernos secos.<\/p>\n<p>&nbsp;<\/p>\n<p><a href=\"\/es-es\/blogs\/montana\/wp-content\/uploads\/sites\/3\/2020\/12\/9-9.jpg\"><img loading=\"lazy\" decoding=\"async\" data-attachment-id=\"16358\" data-permalink=\"\/es-es\/blogs\/montana\/como-vestirse-para-la-montana-en-invierno-tres-capas\/9-9\/\" data-orig-file=\"\/es-es\/blogs\/montana\/wp-content\/uploads\/sites\/3\/2020\/12\/9-9.jpg\" data-orig-size=\"800,600\" data-comments-opened=\"1\" data-image-meta=\"{&quot;aperture&quot;:&quot;0&quot;,&quot;credit&quot;:&quot;&quot;,&quot;camera&quot;:&quot;&quot;,&quot;caption&quot;:&quot;&quot;,&quot;created_timestamp&quot;:&quot;0&quot;,&quot;copyright&quot;:&quot;&quot;,&quot;focal_length&quot;:&quot;0&quot;,&quot;iso&quot;:&quot;0&quot;,&quot;shutter_speed&quot;:&quot;0&quot;,&quot;title&quot;:&quot;&quot;,&quot;orientation&quot;:&quot;0&quot;}\" data-image-title=\"9 9\" data-image-description=\"\" data-image-caption=\"\" data-medium-file=\"\/es-es\/blogs\/montana\/wp-content\/uploads\/sites\/3\/2020\/12\/9-9-300x225.jpg\" data-large-file=\"\/es-es\/blogs\/montana\/wp-content\/uploads\/sites\/3\/2020\/12\/9-9.jpg\" class=\"size-full wp-image-16358 aligncenter\" src=\"\/es-es\/blogs\/montana\/wp-content\/uploads\/sites\/3\/2020\/12\/9-9.jpg\" alt=\"9 9\" width=\"800\" height=\"600\" srcset=\"\/es-es\/blogs\/montana\/wp-content\/uploads\/sites\/3\/2020\/12\/9-9.jpg 800w, \/es-es\/blogs\/montana\/wp-content\/uploads\/sites\/3\/2020\/12\/9-9-300x225.jpg 300w, \/es-es\/blogs\/montana\/wp-content\/uploads\/sites\/3\/2020\/12\/9-9-768x576.jpg 768w\" sizes=\"auto, (max-width: 800px) 100vw, 800px\" \/><\/a><\/p>\n<p>&nbsp;<\/p>\n<p>Este tipo de prendas tienen que tener la capacidad de <strong>proteger del agua buscando tambi\u00e9n ese equilibrio de transpiraci\u00f3n para no acabar mojados de nuestro propio sudor<\/strong>.<\/p>\n<p>Estas chaquetas incorporan membranas cuyos poros son de un tama\u00f1o que no dejan entrar las mol\u00e9culas de agua del exterior, pero s\u00ed el vapor de agua de nuestro sudor.<\/p>\n<p>Las <strong>cremalleras y costuras<\/strong> deben estar <strong>termoselladas<\/strong> para que tampoco filtre el agua por esos lugares.<\/p>\n<p>Los ajustes en capucha, cintura y mangas se realizan mediante gomas o velcros para que entallen mucho mejor y no se nos muevan en condiciones de mucho viento. En la zona de mangas debe permitirnos introducir un guante por debajo de la manga para ajustar mejor<\/p>\n<p>En las zona de m\u00e1s roce como hombros o codos, este tipo de chaquetas deben tener algo m\u00e1s de refuerzo.<\/p>\n<p><strong>Cuando el esfuerzo es importante y llueve, las prendas bien dise\u00f1adas nos ofrecer\u00e1n unas cremalleras bajo las axilas para no ir demasiado tapados<\/strong>. Si las abrimos, podremos eliminar el exceso de calor sin que la lluvia nos moje.<\/p>\n<p>Finalmente, al comprar esta capa exterior <strong>debemos elegir una talla que pueda servirnos cuando la temperatura externa nos obligue a llevar bastante ropa por debajo, en lugar de llevarla muy ce\u00f1ida<\/strong>.<\/p>\n<p>&nbsp;<\/p>\n<p><a href=\"\/es-es\/blogs\/montana\/wp-content\/uploads\/sites\/3\/2020\/12\/10-9.jpg\"><img loading=\"lazy\" decoding=\"async\" data-attachment-id=\"16359\" data-permalink=\"\/es-es\/blogs\/montana\/como-vestirse-para-la-montana-en-invierno-tres-capas\/10-9-2\/\" data-orig-file=\"\/es-es\/blogs\/montana\/wp-content\/uploads\/sites\/3\/2020\/12\/10-9.jpg\" data-orig-size=\"800,600\" data-comments-opened=\"1\" data-image-meta=\"{&quot;aperture&quot;:&quot;0&quot;,&quot;credit&quot;:&quot;&quot;,&quot;camera&quot;:&quot;&quot;,&quot;caption&quot;:&quot;&quot;,&quot;created_timestamp&quot;:&quot;0&quot;,&quot;copyright&quot;:&quot;&quot;,&quot;focal_length&quot;:&quot;0&quot;,&quot;iso&quot;:&quot;0&quot;,&quot;shutter_speed&quot;:&quot;0&quot;,&quot;title&quot;:&quot;&quot;,&quot;orientation&quot;:&quot;0&quot;}\" data-image-title=\"10 9\" data-image-description=\"\" data-image-caption=\"\" data-medium-file=\"\/es-es\/blogs\/montana\/wp-content\/uploads\/sites\/3\/2020\/12\/10-9-300x225.jpg\" data-large-file=\"\/es-es\/blogs\/montana\/wp-content\/uploads\/sites\/3\/2020\/12\/10-9.jpg\" class=\"size-full wp-image-16359 aligncenter\" src=\"\/es-es\/blogs\/montana\/wp-content\/uploads\/sites\/3\/2020\/12\/10-9.jpg\" alt=\"10 9\" width=\"800\" height=\"600\" srcset=\"\/es-es\/blogs\/montana\/wp-content\/uploads\/sites\/3\/2020\/12\/10-9.jpg 800w, \/es-es\/blogs\/montana\/wp-content\/uploads\/sites\/3\/2020\/12\/10-9-300x225.jpg 300w, \/es-es\/blogs\/montana\/wp-content\/uploads\/sites\/3\/2020\/12\/10-9-768x576.jpg 768w\" sizes=\"auto, (max-width: 800px) 100vw, 800px\" \/><\/a><\/p>\n<p>&nbsp;<\/p>\n<p><span style=\"font-weight: 400;\">Un pantal\u00f3n para usar como tercera capa si las condiciones de agua no son excesivas es el <\/span><a href=\"https:\/\/www.forumsport.com\/es-es\/ternua-pantalon-montana-hombre-kustok-pt-m-1274154-1001048647-p\" target=\"_blank\" rel=\"noopener\"><span style=\"font-weight: 400;\">Ternua Kustok<\/span><\/a><span style=\"font-weight: 400;\">. Fabricado en Shellstrech de 2 direcciones, <\/span><b>ofrece elasticidad para una muy buena movilidad<\/b><span style=\"font-weight: 400;\">. Su cordura nos aporta una durabilidad excepcional.<\/span><\/p>\n<p><span style=\"font-weight: 400;\">Monta un forro interno que nos dar\u00e1 un muy buen confort t\u00e9rmico, apertura de bajos abiertas y con un refuerzo interno. Incorpora 5 bolsillos, <\/span><b>tratamiento DWR que har\u00e1 que sea resistente al agua<\/b><span style=\"font-weight: 400;\"> y rodillas preformadas<\/span><\/p>\n<p><span style=\"font-weight: 400;\">Tenemos ante nosotros <\/span><b>una prenda t\u00e9cnica y resistente <\/b><span style=\"font-weight: 400;\">para las actividades m\u00e1s comprometidas, con un secado r\u00e1pido y una eficiente transpiraci\u00f3n.<\/span><\/p>\n<p>&nbsp;<\/p>\n<p class=\"jetpack-slideshow-noscript robots-nocontent\">El pase de diapositivas requiere JavaScript.<\/p><div id=\"gallery-550-7-slideshow\" class=\"jetpack-slideshow-window jetpack-slideshow jetpack-slideshow-black\" data-trans=\"fade\" data-autostart=\"1\" data-gallery=\"[{&quot;src&quot;:&quot;https:\\\/\\\/blogs.forumsport.com\\\/es-es\\\/blogs\\\/montana\\\/wp-content\\\/uploads\\\/sites\\\/3\\\/2020\\\/12\\\/x0zwow4d.jpg&quot;,&quot;id&quot;:&quot;16360&quot;,&quot;title&quot;:&quot;x0zwow4d&quot;,&quot;alt&quot;:&quot;x0zwow4d&quot;,&quot;caption&quot;:&quot;&quot;,&quot;itemprop&quot;:&quot;image&quot;},{&quot;src&quot;:&quot;https:\\\/\\\/blogs.forumsport.com\\\/es-es\\\/blogs\\\/montana\\\/wp-content\\\/uploads\\\/sites\\\/3\\\/2020\\\/12\\\/qhuwvwpg.jpg&quot;,&quot;id&quot;:&quot;16361&quot;,&quot;title&quot;:&quot;qhuwvwpg&quot;,&quot;alt&quot;:&quot;qhuwvwpg&quot;,&quot;caption&quot;:&quot;&quot;,&quot;itemprop&quot;:&quot;image&quot;}]\" itemscope itemtype=\"https:\/\/schema.org\/ImageGallery\"><\/div>\n<p><a href=\"https:\/\/www.forumsport.com\/es-es\/ternua-pantalon-montana-hombre-kustok-pt-m-1274154-1000977231-p\" target=\"_blank\" rel=\"noopener\"><img loading=\"lazy\" decoding=\"async\" data-attachment-id=\"5181\" data-permalink=\"\/es-es\/blogs\/montana\/pantalones-ligeros-de-montana-una-apuesta-segura-para-todo-el-ano\/boton-ver-producto\/\" data-orig-file=\"\/es-es\/blogs\/montana\/wp-content\/uploads\/sites\/3\/2019\/10\/BOT\u00d3N-ver-producto.jpg\" data-orig-size=\"105,30\" data-comments-opened=\"1\" data-image-meta=\"{&quot;aperture&quot;:&quot;0&quot;,&quot;credit&quot;:&quot;&quot;,&quot;camera&quot;:&quot;&quot;,&quot;caption&quot;:&quot;&quot;,&quot;created_timestamp&quot;:&quot;0&quot;,&quot;copyright&quot;:&quot;&quot;,&quot;focal_length&quot;:&quot;0&quot;,&quot;iso&quot;:&quot;0&quot;,&quot;shutter_speed&quot;:&quot;0&quot;,&quot;title&quot;:&quot;&quot;,&quot;orientation&quot;:&quot;0&quot;}\" data-image-title=\"BOT\u00d3N&#8211;ver-producto\" data-image-description=\"\" data-image-caption=\"\" data-medium-file=\"\/es-es\/blogs\/montana\/wp-content\/uploads\/sites\/3\/2019\/10\/BOT\u00d3N-ver-producto.jpg\" data-large-file=\"\/es-es\/blogs\/montana\/wp-content\/uploads\/sites\/3\/2019\/10\/BOT\u00d3N-ver-producto.jpg\" class=\"aligncenter wp-image-5181 size-full\" src=\"\/es-es\/blogs\/montana\/wp-content\/uploads\/sites\/3\/2019\/10\/BOT\u00d3N-ver-producto.jpg\" alt=\"vestirse para la monta\u00f1a en invierno\" width=\"105\" height=\"30\"><\/a><br \/>\n&nbsp;<\/p>\n<p><span style=\"font-weight: 400;\">Interesante opci\u00f3n en este tipo de terceras capas en <\/span><b>chaquetas para senderismo y trekking construido en 2.5 capas<\/b><span style=\"font-weight: 400;\"> es el modelo de Columbia <\/span><a href=\"https:\/\/www.forumsport.com\/es-es\/columbia-chaqueta-impermeable-hombre-ampli-dry-ii-shell-2071061-1001056698-p\" target=\"_blank\" rel=\"noopener\"><span style=\"font-weight: 400;\">Ampli-Dry de la linea Titanium<\/span><\/a><span style=\"font-weight: 400;\">. Chaqueta <\/span><b>ligera y muy adaptable a los movimientos.<\/b><span style=\"font-weight: 400;\"> Con tecnolog\u00eda Omnitech, nos da una <\/span><b>columna de agua de 10000mm<\/b><span style=\"font-weight: 400;\">.&nbsp;<\/span><\/p>\n<p><span style=\"font-weight: 400;\">Fabricada en poli\u00e9ster reciclado, debajo de las axilas incorpora unas cremalleras termoselladas para ayudar a una transpiraci\u00f3n mayor durante la actividad.<\/span><\/p>\n<p><span style=\"font-weight: 400;\">Su capucha tiene ajuste perif\u00e9rico y visera. Sus pu\u00f1os y dobladillos son ajustables.&nbsp; L<\/span><span style=\"font-weight: 400;\">a cremallera central esta revestida de PU y <\/span><b>cuenta con detalles reflectantes.<\/b><\/p>\n<p>&nbsp;<\/p>\n<p class=\"jetpack-slideshow-noscript robots-nocontent\">El pase de diapositivas requiere JavaScript.<\/p><div id=\"gallery-550-8-slideshow\" class=\"jetpack-slideshow-window jetpack-slideshow jetpack-slideshow-black\" data-trans=\"fade\" data-autostart=\"1\" data-gallery=\"[{&quot;src&quot;:&quot;https:\\\/\\\/blogs.forumsport.com\\\/es-es\\\/blogs\\\/montana\\\/wp-content\\\/uploads\\\/sites\\\/3\\\/2024\\\/12\\\/columbia-chaqueta-impermeable-hombre-ampli-dry-ii-1.jpg&quot;,&quot;id&quot;:&quot;18531&quot;,&quot;title&quot;:&quot;columbia chaqueta impermeable hombre ampli dry ii (1)&quot;,&quot;alt&quot;:&quot;columbia chaqueta impermeable hombre ampli dry ii (1)&quot;,&quot;caption&quot;:&quot;&quot;,&quot;itemprop&quot;:&quot;image&quot;},{&quot;src&quot;:&quot;https:\\\/\\\/blogs.forumsport.com\\\/es-es\\\/blogs\\\/montana\\\/wp-content\\\/uploads\\\/sites\\\/3\\\/2024\\\/12\\\/columbia-chaqueta-impermeable-hombre-ampli-dry-ii-2.jpg&quot;,&quot;id&quot;:&quot;18532&quot;,&quot;title&quot;:&quot;columbia chaqueta impermeable hombre ampli dry ii (2)&quot;,&quot;alt&quot;:&quot;columbia chaqueta impermeable hombre ampli dry ii (2)&quot;,&quot;caption&quot;:&quot;&quot;,&quot;itemprop&quot;:&quot;image&quot;},{&quot;src&quot;:&quot;https:\\\/\\\/blogs.forumsport.com\\\/es-es\\\/blogs\\\/montana\\\/wp-content\\\/uploads\\\/sites\\\/3\\\/2024\\\/12\\\/columbia-chaqueta-impermeable-hombre-ampli-dry-ii-3.jpg&quot;,&quot;id&quot;:&quot;18533&quot;,&quot;title&quot;:&quot;columbia chaqueta impermeable hombre ampli dry ii (3)&quot;,&quot;alt&quot;:&quot;columbia chaqueta impermeable hombre ampli dry ii (3)&quot;,&quot;caption&quot;:&quot;&quot;,&quot;itemprop&quot;:&quot;image&quot;},{&quot;src&quot;:&quot;https:\\\/\\\/blogs.forumsport.com\\\/es-es\\\/blogs\\\/montana\\\/wp-content\\\/uploads\\\/sites\\\/3\\\/2024\\\/12\\\/columbia-chaqueta-impermeable-hombre-ampli-dry-ii-4.jpg&quot;,&quot;id&quot;:&quot;18534&quot;,&quot;title&quot;:&quot;&quot;,&quot;alt&quot;:&quot;&quot;,&quot;caption&quot;:&quot;&quot;,&quot;itemprop&quot;:&quot;image&quot;}]\" itemscope itemtype=\"https:\/\/schema.org\/ImageGallery\"><\/div>\n<p>&nbsp;<\/p>\n<p><a href=\"https:\/\/www.forumsport.com\/es-es\/columbia-chaqueta-impermeable-hombre-ampli-dry-ii-shell-2071061-1001056698-p\" target=\"_blank\" rel=\"noopener\"><img loading=\"lazy\" decoding=\"async\" data-attachment-id=\"5181\" data-permalink=\"\/es-es\/blogs\/montana\/pantalones-ligeros-de-montana-una-apuesta-segura-para-todo-el-ano\/boton-ver-producto\/\" data-orig-file=\"\/es-es\/blogs\/montana\/wp-content\/uploads\/sites\/3\/2019\/10\/BOT\u00d3N-ver-producto.jpg\" data-orig-size=\"105,30\" data-comments-opened=\"1\" data-image-meta=\"{&quot;aperture&quot;:&quot;0&quot;,&quot;credit&quot;:&quot;&quot;,&quot;camera&quot;:&quot;&quot;,&quot;caption&quot;:&quot;&quot;,&quot;created_timestamp&quot;:&quot;0&quot;,&quot;copyright&quot;:&quot;&quot;,&quot;focal_length&quot;:&quot;0&quot;,&quot;iso&quot;:&quot;0&quot;,&quot;shutter_speed&quot;:&quot;0&quot;,&quot;title&quot;:&quot;&quot;,&quot;orientation&quot;:&quot;0&quot;}\" data-image-title=\"BOT\u00d3N&#8211;ver-producto\" data-image-description=\"\" data-image-caption=\"\" data-medium-file=\"\/es-es\/blogs\/montana\/wp-content\/uploads\/sites\/3\/2019\/10\/BOT\u00d3N-ver-producto.jpg\" data-large-file=\"\/es-es\/blogs\/montana\/wp-content\/uploads\/sites\/3\/2019\/10\/BOT\u00d3N-ver-producto.jpg\" class=\"aligncenter wp-image-5181 size-full\" src=\"\/es-es\/blogs\/montana\/wp-content\/uploads\/sites\/3\/2019\/10\/BOT\u00d3N-ver-producto.jpg\" alt=\"vestirse para la monta\u00f1a en invierno\" width=\"105\" height=\"30\"><\/a><\/p>\n<p>&nbsp;<\/p>\n<p><span style=\"font-weight: 400;\">Como alternativa de una chaqueta con una mayor protecci\u00f3n para el agua, sin duda os recomendar\u00edamos el modelo <\/span><a href=\"https:\/\/www.forumsport.com\/es-es\/adidas-chaqueta-impermeable-hombre-xpr-2l-gore-jkt-jl9748-1001049083-p\" target=\"_blank\" rel=\"noopener\"><span style=\"font-weight: 400;\">adidas Goretex Xperior<\/span><\/a><span style=\"font-weight: 400;\">.<\/span><\/p>\n<p><span style=\"font-weight: 400;\">Est\u00e1 confeccionada en 2 capas con <\/span><b>membrana Goretex Perfrormance para protegernos del agua y del viento<\/b><span style=\"font-weight: 400;\">. Orientada a una linea de senderismo y trekking y fabricada en 100% poliester. Capucha totalmente ajustable y con una transpiraci\u00f3n \u00f3ptima. Cuenta con pu\u00f1os ajustables con velcro y 2 bolsillos laterales<\/span><\/p>\n<p><b>Su corte es cl\u00e1sico y recto y con un tallaje algo grande, recomendamos una talla menos de lo que solamos vestir.<\/b><\/p>\n<p>&nbsp;<\/p>\n<p class=\"jetpack-slideshow-noscript robots-nocontent\">El pase de diapositivas requiere JavaScript.<\/p><div id=\"gallery-550-9-slideshow\" class=\"jetpack-slideshow-window jetpack-slideshow jetpack-slideshow-black\" data-trans=\"fade\" data-autostart=\"1\" data-gallery=\"[{&quot;src&quot;:&quot;https:\\\/\\\/blogs.forumsport.com\\\/es-es\\\/blogs\\\/montana\\\/wp-content\\\/uploads\\\/sites\\\/3\\\/2024\\\/12\\\/adidas-chaqueta-impermeable-hombre-xpr-2l-gore-jkt.jpg&quot;,&quot;id&quot;:&quot;18535&quot;,&quot;title&quot;:&quot;&quot;,&quot;alt&quot;:&quot;&quot;,&quot;caption&quot;:&quot;&quot;,&quot;itemprop&quot;:&quot;image&quot;},{&quot;src&quot;:&quot;https:\\\/\\\/blogs.forumsport.com\\\/es-es\\\/blogs\\\/montana\\\/wp-content\\\/uploads\\\/sites\\\/3\\\/2024\\\/12\\\/adidas-chaqueta-impermeable-hombre-xpr-2l-gore-jkt-1.jpg&quot;,&quot;id&quot;:&quot;18536&quot;,&quot;title&quot;:&quot;adidas chaqueta impermeable hombre xpr 2l gore jkt (1)&quot;,&quot;alt&quot;:&quot;adidas chaqueta impermeable hombre xpr 2l gore jkt (1)&quot;,&quot;caption&quot;:&quot;&quot;,&quot;itemprop&quot;:&quot;image&quot;},{&quot;src&quot;:&quot;https:\\\/\\\/blogs.forumsport.com\\\/es-es\\\/blogs\\\/montana\\\/wp-content\\\/uploads\\\/sites\\\/3\\\/2024\\\/12\\\/adidas-chaqueta-impermeable-hombre-xpr-2l-gore-jkt-2.jpg&quot;,&quot;id&quot;:&quot;18537&quot;,&quot;title&quot;:&quot;adidas chaqueta impermeable hombre xpr 2l gore jkt (2)&quot;,&quot;alt&quot;:&quot;adidas chaqueta impermeable hombre xpr 2l gore jkt (2)&quot;,&quot;caption&quot;:&quot;&quot;,&quot;itemprop&quot;:&quot;image&quot;},{&quot;src&quot;:&quot;https:\\\/\\\/blogs.forumsport.com\\\/es-es\\\/blogs\\\/montana\\\/wp-content\\\/uploads\\\/sites\\\/3\\\/2024\\\/12\\\/adidas-chaqueta-impermeable-hombre-xpr-2l-gore-jkt-3.jpg&quot;,&quot;id&quot;:&quot;18538&quot;,&quot;title&quot;:&quot;adidas chaqueta impermeable hombre xpr 2l gore jkt (3)&quot;,&quot;alt&quot;:&quot;adidas chaqueta impermeable hombre xpr 2l gore jkt (3)&quot;,&quot;caption&quot;:&quot;&quot;,&quot;itemprop&quot;:&quot;image&quot;}]\" itemscope itemtype=\"https:\/\/schema.org\/ImageGallery\"><\/div>\n<p>&nbsp;<\/p>\n<p><a href=\"https:\/\/www.forumsport.com\/es-es\/adidas-chaqueta-impermeable-hombre-xpr-2l-gore-jkt-jl9748-1001049083-p\" target=\"_blank\" rel=\"noopener\"><img loading=\"lazy\" decoding=\"async\" data-attachment-id=\"5181\" data-permalink=\"\/es-es\/blogs\/montana\/pantalones-ligeros-de-montana-una-apuesta-segura-para-todo-el-ano\/boton-ver-producto\/\" data-orig-file=\"\/es-es\/blogs\/montana\/wp-content\/uploads\/sites\/3\/2019\/10\/BOT\u00d3N-ver-producto.jpg\" data-orig-size=\"105,30\" data-comments-opened=\"1\" data-image-meta=\"{&quot;aperture&quot;:&quot;0&quot;,&quot;credit&quot;:&quot;&quot;,&quot;camera&quot;:&quot;&quot;,&quot;caption&quot;:&quot;&quot;,&quot;created_timestamp&quot;:&quot;0&quot;,&quot;copyright&quot;:&quot;&quot;,&quot;focal_length&quot;:&quot;0&quot;,&quot;iso&quot;:&quot;0&quot;,&quot;shutter_speed&quot;:&quot;0&quot;,&quot;title&quot;:&quot;&quot;,&quot;orientation&quot;:&quot;0&quot;}\" data-image-title=\"BOT\u00d3N&#8211;ver-producto\" data-image-description=\"\" data-image-caption=\"\" data-medium-file=\"\/es-es\/blogs\/montana\/wp-content\/uploads\/sites\/3\/2019\/10\/BOT\u00d3N-ver-producto.jpg\" data-large-file=\"\/es-es\/blogs\/montana\/wp-content\/uploads\/sites\/3\/2019\/10\/BOT\u00d3N-ver-producto.jpg\" class=\"aligncenter wp-image-5181 size-full\" src=\"\/es-es\/blogs\/montana\/wp-content\/uploads\/sites\/3\/2019\/10\/BOT\u00d3N-ver-producto.jpg\" alt=\"vestirse para la monta\u00f1a en invierno\" width=\"105\" height=\"30\"><\/a><\/p>\n<p>&nbsp;<\/p>\n<p>Ahora que ya tenemos el concepto de c\u00f3mo vestirnos en invierno por capas un poco m\u00e1s claro solo queda que os acerqu\u00e9is a vuestro Forum Sport m\u00e1s cercano para que os podamos asesorar de la mejor manera posible.<\/p>\n<p>\u00a1Salud y monta\u00f1as!<\/p>\n<p><em>Texto de&nbsp;<strong>Kepa Lizarraga<\/strong>. La recomendaci\u00f3n de los pantalones corre a cargo de <strong>Jorge Miguel D\u00edaz<\/strong>.<\/em><\/p>\n<p>&nbsp;<\/p>\n<p>Y, si te has quedado con ganas de m\u00e1s, te proponemos estos otros post:<\/p>\n<ul>\n<li><a href=\"\/es-es\/blogs\/montana\/chaqueta-para-la-montana-pluma-o-fibra\/\" target=\"_blank\" rel=\"noopener\">Chaqueta para la monta\u00f1a: \u00bfDe Pluma o de Fibra?<\/a><\/li>\n<li><a href=\"https:\/\/www.forumsport.com\/es-es\/blogs\/montana\/regalos-de-montana-ideas-para-esta-navidad\/\" target=\"_blank\" rel=\"noopener\">Regalos de monta\u00f1a: 5 ideas para esta Navidad<\/a><\/li>\n<li><a href=\"https:\/\/www.forumsport.com\/es-es\/blogs\/montana\/test-garmin-fenix-8-pro-amoled\/\" target=\"_blank\" rel=\"noopener\">Test Garmin Fenix 8 Pro: de Menorca al Gorbea sin perder el pulso<\/a><\/li>\n<\/ul>\n","protected":false},"excerpt":{"rendered":"<p>El ser humano debe procurar mantener su temperatura corporal de 37\u00baC aunque la temperatura que le rodee sea inferior. De ah\u00ed la importancia de protegerlos del fr\u00edo y por eso es importante saber c\u00f3mo vestirse para la monta\u00f1a en&nbsp;invierno&nbsp;mediante el concepto de&nbsp;las&nbsp;tres capas. En este post te contamos paso a paso c\u00f3mo funciona y te [&#8230;]<\/p>\n<p><a class=\"btn btn-secondary understrap-read-more-link\" href=\"\/es-es\/blogs\/montana\/como-vestirse-para-la-montana-en-invierno-tres-capas\/\">Conocer m\u00e1s<\/a><\/p>\n","protected":false},"author":599,"featured_media":18593,"comment_status":"open","ping_status":"open","sticky":false,"template":"","format":"standard","meta":{"_seopress_robots_primary_cat":"6","ngg_post_thumbnail":0,"jetpack_post_was_ever_published":false,"_jetpack_newsletter_access":"","_jetpack_dont_email_post_to_subs":true,"_jetpack_newsletter_tier_id":0,"_jetpack_memberships_contains_paywalled_content":false,"_jetpack_memberships_contains_paid_content":false,"footnotes":"","jetpack_publicize_message":"","jetpack_publicize_feature_enabled":true,"jetpack_social_post_already_shared":true,"jetpack_social_options":{"image_generator_settings":{"template":"highway","enabled":false},"version":2}},"categories":[6],"tags":[74,85,77,86,83,81,87,78,75,79,76,82,80,84,73],"class_list":{"0":"post-550","1":"post","2":"type-post","3":"status-publish","4":"format-standard","5":"has-post-thumbnail","7":"category-material","8":"tag-capas","9":"tag-cortavientos","10":"tag-fibras","11":"tag-forro","12":"tag-impermeable","13":"tag-invierno","14":"tag-polar","15":"tag-primera-capa","16":"tag-ropa-invierno","17":"tag-segunda-capa","18":"tag-tejidos","19":"tag-teoria-capas","20":"tag-tercera-capa","21":"tag-transpirable","22":"tag-vestuario-invierno"},"jetpack_publicize_connections":[],"acf":[],"jetpack_sharing_enabled":true,"jetpack_featured_media_url":"\/es-es\/blogs\/montana\/wp-content\/uploads\/sites\/3\/2025\/12\/portada_vestirseinvierno.jpg","jetpack_shortlink":"https:\/\/wp.me\/p8n7Aj-8S","jetpack-related-posts":[],"_links":{"self":[{"href":"\/es-es\/blogs\/montana\/wp-json\/wp\/v2\/posts\/550","targetHints":{"allow":["GET"]}}],"collection":[{"href":"\/es-es\/blogs\/montana\/wp-json\/wp\/v2\/posts"}],"about":[{"href":"\/es-es\/blogs\/montana\/wp-json\/wp\/v2\/types\/post"}],"author":[{"embeddable":true,"href":"\/es-es\/blogs\/montana\/wp-json\/wp\/v2\/users\/599"}],"replies":[{"embeddable":true,"href":"\/es-es\/blogs\/montana\/wp-json\/wp\/v2\/comments?post=550"}],"version-history":[{"count":40,"href":"\/es-es\/blogs\/montana\/wp-json\/wp\/v2\/posts\/550\/revisions"}],"predecessor-version":[{"id":18594,"href":"\/es-es\/blogs\/montana\/wp-json\/wp\/v2\/posts\/550\/revisions\/18594"}],"wp:featuredmedia":[{"embeddable":true,"href":"\/es-es\/blogs\/montana\/wp-json\/wp\/v2\/media\/18593"}],"wp:attachment":[{"href":"\/es-es\/blogs\/montana\/wp-json\/wp\/v2\/media?parent=550"}],"wp:term":[{"taxonomy":"category","embeddable":true,"href":"\/es-es\/blogs\/montana\/wp-json\/wp\/v2\/categories?post=550"},{"taxonomy":"post_tag","embeddable":true,"href":"\/es-es\/blogs\/montana\/wp-json\/wp\/v2\/tags?post=550"}],"curies":[{"name":"wp","href":"https:\/\/api.w.org\/{rel}","templated":true}]}}