{"id":6677,"date":"2020-05-28T08:01:04","date_gmt":"2020-05-28T08:01:04","guid":{"rendered":"\/es-es\/blogs\/montana\/?p=6677"},"modified":"2024-07-09T14:38:56","modified_gmt":"2024-07-09T14:38:56","slug":"excursiones-para-ir-al-monte-a-pie-o-en-transporte-publico-desde-casa","status":"publish","type":"post","link":"\/es-es\/blogs\/montana\/excursiones-para-ir-al-monte-a-pie-o-en-transporte-publico-desde-casa\/","title":{"rendered":"\u00a19 excursiones para ir al monte a pie o en transporte p\u00fablico desde casa!"},"content":{"rendered":"<p>Poco a poco podemos ir yendo al monte y se nos ha ocurrido recopilar algunas excursiones que te har\u00e1n disfrutar de la naturaleza sin necesidad de coger el coche. Son 9 rutas para ir monte a pie o en transporte p\u00fablico desde la puerta de nuestra casa. \u00bfTe animas?<\/p>\n<p><!--more--><\/p>\n<p>Si algo bueno ha tra\u00eddo el confinamiento es el (corto) respiro que le hemos dado a la naturaleza, \u00a1no hab\u00eda m\u00e1s que ver c\u00f3mo algunos animales se asomaban por <a href=\"\/es-es\/blogs\/montana\/las-5-rutas-de-senderismo-mas-populares-sin-salir-casi-de-la-ciudad\/\" target=\"_blank\" rel=\"noopener\">zonas urbanas<\/a> temporalmente vac\u00edas de gente!<\/p>\n<p>Pues con este breve listado de excursiones queremos contribuir humildemente a seguir prescindiendo del veh\u00edculo privado para acercarnos al monte bien a pie o mediante transporte p\u00fablico. \u00a1Prepara la mochila que salimos de excursi\u00f3n!<\/p>\n<h2><strong>1. Bilbao: Pagasarri&nbsp; \u2206 671 m. y Ganekogorta \u2206 999 m.<\/strong><\/h2>\n<p>Si le preguntas a un bilba\u00edno o bilba\u00edna cu\u00e1l es el monte m\u00e1s emblem\u00e1tico que tiene junto a su casa, su respuesta no puede ser otra que el <strong>Pagasarri<\/strong>.<\/p>\n<p>Se trata de una <strong>monta\u00f1a muy accesible<\/strong> que ofrece una gran <strong>variedad de caminos <\/strong>para llegar a su cima y que dispone de un <strong>refugio<\/strong> donde podr\u00e1s reponer fuerzas. Eso s\u00ed, no te conf\u00edes porque las cuestas empiezan en el mismo Bilbao.<\/p>\n<p>Y si te apetece alargar un poco m\u00e1s la excursi\u00f3n, siempre puedes encadenar la cima del Pagasarri con la del <strong>Ganekogorta<\/strong>.<\/p>\n<p>Por si no lo conoces, gracias a su altura m\u00e1s elevada, es el primer monte nevado que se suele ver en invierno desde el mismo centro de la ciudad. <strong>La subida<\/strong> hasta su cima es <strong>algo m\u00e1s exigente<\/strong>, pero sin duda que merece mucho la pena.<\/p>\n<ul>\n<li><strong>SI QUIERES M\u00c1S INFORMACI\u00d3N DE LA RUTA PROPUESTA, PINCHA EN <a href=\"https:\/\/es.wikiloc.com\/rutas-senderismo\/bilbao-ganekogorta-pagasarri-bilbao-10922348\" target=\"_blank\" rel=\"noopener\">ESTE ENLACE<\/a><\/strong><\/li>\n<\/ul>\n<p><em><img loading=\"lazy\" decoding=\"async\" data-attachment-id=\"6693\" data-permalink=\"\/es-es\/blogs\/montana\/excursiones-para-ir-al-monte-a-pie-o-en-transporte-publico-desde-casa\/1bilbao-pagasarri\/\" data-orig-file=\"\/es-es\/blogs\/montana\/wp-content\/uploads\/sites\/3\/2020\/05\/1Bilbao-Pagasarri.jpg\" data-orig-size=\"720,540\" data-comments-opened=\"1\" data-image-meta=\"{&quot;aperture&quot;:&quot;0&quot;,&quot;credit&quot;:&quot;&quot;,&quot;camera&quot;:&quot;&quot;,&quot;caption&quot;:&quot;&quot;,&quot;created_timestamp&quot;:&quot;0&quot;,&quot;copyright&quot;:&quot;&quot;,&quot;focal_length&quot;:&quot;0&quot;,&quot;iso&quot;:&quot;0&quot;,&quot;shutter_speed&quot;:&quot;0&quot;,&quot;title&quot;:&quot;&quot;,&quot;orientation&quot;:&quot;0&quot;}\" data-image-title=\"1Bilbao-Pagasarri\" data-image-description=\"\" data-image-caption=\"\" data-medium-file=\"\/es-es\/blogs\/montana\/wp-content\/uploads\/sites\/3\/2020\/05\/1Bilbao-Pagasarri-300x225.jpg\" data-large-file=\"\/es-es\/blogs\/montana\/wp-content\/uploads\/sites\/3\/2020\/05\/1Bilbao-Pagasarri.jpg\" class=\"aligncenter size-full wp-image-6693\" src=\"\/es-es\/blogs\/montana\/wp-content\/uploads\/sites\/3\/2020\/05\/1Bilbao-Pagasarri.jpg\" alt=\"ir al monte a pie o en transporte p\u00fablico\" width=\"720\" height=\"540\" srcset=\"\/es-es\/blogs\/montana\/wp-content\/uploads\/sites\/3\/2020\/05\/1Bilbao-Pagasarri.jpg 720w, \/es-es\/blogs\/montana\/wp-content\/uploads\/sites\/3\/2020\/05\/1Bilbao-Pagasarri-300x225.jpg 300w\" sizes=\"auto, (max-width: 720px) 100vw, 720px\" \/><\/em><\/p>\n<p><em>Foto: guiabilbao.net<\/em><\/p>\n<p>&nbsp;<\/p>\n<h2><strong>2. Oviedo: Naranco&nbsp; \u2206 634 m.<\/strong><\/h2>\n<p>Si quieres disfrutar de una magn\u00edfica vista a\u00e9rea de Oviedo, pero lo del parapente no es lo tuyo, el <strong>monte Naranco<\/strong> te ofrece casi casi la misma panor\u00e1mica.<\/p>\n<p>Es un lugar muy amplio que ofrece multitud de posibilidades para practicar deporte y que, adem\u00e1s, te permite <strong>ver de cerca dos monumentos declarados patrimonio de la humanidad por la UNESCO<\/strong>: el antiguo palacio de Santa Mar\u00eda del Naranco y la iglesia prerrom\u00e1nica de San Miguel de Lillo. \u00a1Ah\u00ed es nada!<\/p>\n<p>La <strong>subida no est\u00e1 libre de esfuerzo<\/strong> ya que algunas cuestas son de esas en las que la gente decide subir sin hablar y mirando al suelo. Pero una vez m\u00e1s, al llegar arriba te das cuenta de que realmente ha merecido la pena.<\/p>\n<ul>\n<li><strong>SI QUIERES M\u00c1S INFORMACI\u00d3N DE LA RUTA PROPUESTA, PINCHA EN <a href=\"https:\/\/es.wikiloc.com\/rutas-senderismo\/oviedo-naranco-ii-12351432\" target=\"_blank\" rel=\"noopener\">ESTE ENLACE<\/a><\/strong><\/li>\n<\/ul>\n<p><img loading=\"lazy\" decoding=\"async\" data-attachment-id=\"6679\" data-permalink=\"\/es-es\/blogs\/montana\/excursiones-para-ir-al-monte-a-pie-o-en-transporte-publico-desde-casa\/2oviedo-naranco\/\" data-orig-file=\"\/es-es\/blogs\/montana\/wp-content\/uploads\/sites\/3\/2020\/05\/2Oviedo-Naranco.jpg\" data-orig-size=\"800,600\" data-comments-opened=\"1\" data-image-meta=\"{&quot;aperture&quot;:&quot;0&quot;,&quot;credit&quot;:&quot;&quot;,&quot;camera&quot;:&quot;&quot;,&quot;caption&quot;:&quot;&quot;,&quot;created_timestamp&quot;:&quot;0&quot;,&quot;copyright&quot;:&quot;&quot;,&quot;focal_length&quot;:&quot;0&quot;,&quot;iso&quot;:&quot;0&quot;,&quot;shutter_speed&quot;:&quot;0&quot;,&quot;title&quot;:&quot;&quot;,&quot;orientation&quot;:&quot;0&quot;}\" data-image-title=\"2Oviedo-Naranco\" data-image-description=\"\" data-image-caption=\"\" data-medium-file=\"\/es-es\/blogs\/montana\/wp-content\/uploads\/sites\/3\/2020\/05\/2Oviedo-Naranco-300x225.jpg\" data-large-file=\"\/es-es\/blogs\/montana\/wp-content\/uploads\/sites\/3\/2020\/05\/2Oviedo-Naranco.jpg\" class=\"aligncenter size-full wp-image-6679\" src=\"\/es-es\/blogs\/montana\/wp-content\/uploads\/sites\/3\/2020\/05\/2Oviedo-Naranco.jpg\" alt=\"Oviedo | Naranco&nbsp; \u2206 634 m\" width=\"800\" height=\"600\" srcset=\"\/es-es\/blogs\/montana\/wp-content\/uploads\/sites\/3\/2020\/05\/2Oviedo-Naranco.jpg 800w, \/es-es\/blogs\/montana\/wp-content\/uploads\/sites\/3\/2020\/05\/2Oviedo-Naranco-300x225.jpg 300w, \/es-es\/blogs\/montana\/wp-content\/uploads\/sites\/3\/2020\/05\/2Oviedo-Naranco-768x576.jpg 768w\" sizes=\"auto, (max-width: 800px) 100vw, 800px\" \/><\/p>\n<p><em>Foto: www.turismoasturias.es<\/em><\/p>\n<p>&nbsp;<\/p>\n<h2><strong>3. Barcelona: Sierra de Collserola&nbsp; \u2206 512 m.<\/strong><\/h2>\n<p>Salir de casa y llegar a pie a un <strong>Parque Natural<\/strong> no est\u00e1 al alcance de cualquiera, y menos si vives en una gran ciudad. Pues por suerte en <strong>Barcelona<\/strong> pueden disfrutar del <strong>mayor parque metropolitano<\/strong> del pa\u00eds gracias a sus m\u00e1s de 8.000 hect\u00e1reas de superficie. Se trata de un espacio protegido&nbsp;que forma parte del Plan de Espacios de Inter\u00e9s Natural y de la red europea de espacios naturales&nbsp;Natura 2000.<\/p>\n<p>La cima m\u00e1s alta es el&nbsp;<strong>Tibidabo<\/strong>, con 512 metros, pero la <strong>Sierra de Collserola<\/strong> permite aventurarse por <strong>infinidad de caminos y sendas<\/strong> permitiendo adecuar las excursiones al nivel f\u00edsico de todo el mundo.<\/p>\n<p>Si quieres descubrirla en toda su magnitud, la organizaci\u00f3n de las Barcelona Trail Races (BTR) te ofrece 6 etapas que puedes ir enlazando con transporte p\u00fablico desde Barcelona.<\/p>\n<ul>\n<li><strong>SI QUIERES M\u00c1S INFORMACI\u00d3N DE LAS RUTAS PROPUESTAS, PINCHA EN <a href=\"https:\/\/bcntrailraces.com\/recorrido-gtc\/trail-running-transporte-publico\/?lang=es2\" target=\"_blank\" rel=\"noopener\">ESTE ENLACE<\/a><\/strong><\/li>\n<\/ul>\n<p><strong> <img loading=\"lazy\" decoding=\"async\" data-attachment-id=\"6681\" data-permalink=\"\/es-es\/blogs\/montana\/excursiones-para-ir-al-monte-a-pie-o-en-transporte-publico-desde-casa\/3barcelona-sierra-de-collserola\/\" data-orig-file=\"\/es-es\/blogs\/montana\/wp-content\/uploads\/sites\/3\/2020\/05\/3Barcelona-Sierra-de-Collserola.jpg\" data-orig-size=\"800,600\" data-comments-opened=\"1\" data-image-meta=\"{&quot;aperture&quot;:&quot;0&quot;,&quot;credit&quot;:&quot;&quot;,&quot;camera&quot;:&quot;&quot;,&quot;caption&quot;:&quot;&quot;,&quot;created_timestamp&quot;:&quot;0&quot;,&quot;copyright&quot;:&quot;&quot;,&quot;focal_length&quot;:&quot;0&quot;,&quot;iso&quot;:&quot;0&quot;,&quot;shutter_speed&quot;:&quot;0&quot;,&quot;title&quot;:&quot;&quot;,&quot;orientation&quot;:&quot;0&quot;}\" data-image-title=\"3Barcelona-Sierra-de-Collserola\" data-image-description=\"\" data-image-caption=\"\" data-medium-file=\"\/es-es\/blogs\/montana\/wp-content\/uploads\/sites\/3\/2020\/05\/3Barcelona-Sierra-de-Collserola-300x225.jpg\" data-large-file=\"\/es-es\/blogs\/montana\/wp-content\/uploads\/sites\/3\/2020\/05\/3Barcelona-Sierra-de-Collserola.jpg\" class=\"aligncenter size-full wp-image-6681\" src=\"\/es-es\/blogs\/montana\/wp-content\/uploads\/sites\/3\/2020\/05\/3Barcelona-Sierra-de-Collserola.jpg\" alt=\"Excursiones para ir al monte a pie o en transporte p\u00fablico desde casa. Barcelona: Sierra de Collserola&nbsp; \u2206 512 m.\" width=\"800\" height=\"600\" srcset=\"\/es-es\/blogs\/montana\/wp-content\/uploads\/sites\/3\/2020\/05\/3Barcelona-Sierra-de-Collserola.jpg 800w, \/es-es\/blogs\/montana\/wp-content\/uploads\/sites\/3\/2020\/05\/3Barcelona-Sierra-de-Collserola-300x225.jpg 300w, \/es-es\/blogs\/montana\/wp-content\/uploads\/sites\/3\/2020\/05\/3Barcelona-Sierra-de-Collserola-768x576.jpg 768w\" sizes=\"auto, (max-width: 800px) 100vw, 800px\" \/><\/strong><\/p>\n<p><em>Foto: bcntrailraces.com<\/em><\/p>\n<p><strong>&nbsp;<\/strong><\/p>\n<h2><strong>4. San Sebasti\u00e1n: Monte Ul\u00eda&nbsp; \u2206 235 m.<\/strong><\/h2>\n<p>Y seguimos con nuestras recomendaciones de excursiones para ir al monte a pie o en transporte p\u00fablico en San Sebasti\u00e1n. Todo el mundo conoce el <strong>Palacio de Congresos y Auditorio del Kursaal<\/strong>, aunque solo sea por el festival de cine que re\u00fane cada a\u00f1o a lo mejor de Hollywood. Pues bien, <strong>a tan solo unos pasos<\/strong> de ah\u00ed podemos encontrar el <strong>monte Ul\u00eda<\/strong>. Se trata de un monte modesto que se extiende desde los barrios de Gros y Ul\u00eda en San Sebasti\u00e1n <strong>hasta la localidad de Pasajes<\/strong>.<\/p>\n<p>La excursi\u00f3n merece mucho la pena ya que te permitir\u00e1 disfrutar de unos <strong>acantilados<\/strong> que est\u00e1n designados como Lugar de Importancia Comunitaria debido a sus h\u00e1bitats, fauna y flora, siendo un <strong>espacio natural protegido de rango europeo<\/strong> e integrado en la red Natura 2000.<\/p>\n<ul>\n<li><strong>SI QUIERES M\u00c1S INFORMACI\u00d3N DE LA RUTA PROPUESTA, PINCHA EN <a href=\"https:\/\/es.wikiloc.com\/rutas-senderismo\/los-acantilados-de-monte-ulia-7417893\" target=\"_blank\" rel=\"noopener\">ESTE ENLACE<\/a><\/strong><\/li>\n<\/ul>\n<p><img loading=\"lazy\" decoding=\"async\" data-attachment-id=\"6682\" data-permalink=\"\/es-es\/blogs\/montana\/excursiones-para-ir-al-monte-a-pie-o-en-transporte-publico-desde-casa\/4san-sebastian-ulia\/\" data-orig-file=\"\/es-es\/blogs\/montana\/wp-content\/uploads\/sites\/3\/2020\/05\/4San-Sebastian-Ulia.jpg\" data-orig-size=\"800,600\" data-comments-opened=\"1\" data-image-meta=\"{&quot;aperture&quot;:&quot;0&quot;,&quot;credit&quot;:&quot;&quot;,&quot;camera&quot;:&quot;&quot;,&quot;caption&quot;:&quot;&quot;,&quot;created_timestamp&quot;:&quot;0&quot;,&quot;copyright&quot;:&quot;&quot;,&quot;focal_length&quot;:&quot;0&quot;,&quot;iso&quot;:&quot;0&quot;,&quot;shutter_speed&quot;:&quot;0&quot;,&quot;title&quot;:&quot;&quot;,&quot;orientation&quot;:&quot;0&quot;}\" data-image-title=\"4San-Sebastian-Ulia\" data-image-description=\"\" data-image-caption=\"\" data-medium-file=\"\/es-es\/blogs\/montana\/wp-content\/uploads\/sites\/3\/2020\/05\/4San-Sebastian-Ulia-300x225.jpg\" data-large-file=\"\/es-es\/blogs\/montana\/wp-content\/uploads\/sites\/3\/2020\/05\/4San-Sebastian-Ulia.jpg\" class=\"aligncenter size-full wp-image-6682\" src=\"\/es-es\/blogs\/montana\/wp-content\/uploads\/sites\/3\/2020\/05\/4San-Sebastian-Ulia.jpg\" alt=\"Excursiones para ir al monte a pie o en transporte p\u00fablico desde casa. San Sebasti\u00e1n: Monte Ul\u00eda&nbsp; \u2206 235 m.\" width=\"800\" height=\"600\" srcset=\"\/es-es\/blogs\/montana\/wp-content\/uploads\/sites\/3\/2020\/05\/4San-Sebastian-Ulia.jpg 800w, \/es-es\/blogs\/montana\/wp-content\/uploads\/sites\/3\/2020\/05\/4San-Sebastian-Ulia-300x225.jpg 300w, \/es-es\/blogs\/montana\/wp-content\/uploads\/sites\/3\/2020\/05\/4San-Sebastian-Ulia-768x576.jpg 768w\" sizes=\"auto, (max-width: 800px) 100vw, 800px\" \/><\/p>\n<p><em>Foto: www.sansebastianturismoa.eus<\/em><\/p>\n<p><strong>&nbsp;<\/strong><\/p>\n<h2><strong>5. Madrid. Monte de El Pardo&nbsp; \u2206 860 m.<\/strong><\/h2>\n<p>El monte de El Pardo es<strong> uno de los principales pulmones de la ciudad de Madrid<\/strong>. Se trata una zona boscosa de casi 16.000 hect\u00e1reas gestionada por Patrimonio Nacional y declarada Zona Especial de Protecci\u00f3n para Aves y, sorprendentemente, est\u00e1 <strong>a menos de 10 kil\u00f3metros de plaza de La Puerta del Sol<\/strong>.<\/p>\n<p>Si no quieres salir desde tan lejos, una <strong>opci\u00f3n<\/strong> muy buena para acercarse y empezar a conocer este paraje es <strong>partir de la estaci\u00f3n de Pitis <\/strong>donde confluyen el metro y tren de cercan\u00edas de Madrid.<\/p>\n<ul>\n<li><strong>SI QUIERES M\u00c1S INFORMACI\u00d3N DE LA RUTA PROPUESTA, PINCHA EN <a href=\"https:\/\/es.wikiloc.com\/rutas-senderismo\/renfe-pitis-monte-del-pardo-y-visita-a-la-quinta-del-duque-del-arco-7494746\" target=\"_blank\" rel=\"noopener\">ESTE ENLACE<\/a><\/strong><\/li>\n<\/ul>\n<p><img loading=\"lazy\" decoding=\"async\" data-attachment-id=\"6684\" data-permalink=\"\/es-es\/blogs\/montana\/excursiones-para-ir-al-monte-a-pie-o-en-transporte-publico-desde-casa\/5madrid-monte-de-el-pardo\/\" data-orig-file=\"\/es-es\/blogs\/montana\/wp-content\/uploads\/sites\/3\/2020\/05\/5Madrid-Monte-de-El-Pardo.jpg\" data-orig-size=\"800,600\" data-comments-opened=\"1\" data-image-meta=\"{&quot;aperture&quot;:&quot;0&quot;,&quot;credit&quot;:&quot;&quot;,&quot;camera&quot;:&quot;&quot;,&quot;caption&quot;:&quot;&quot;,&quot;created_timestamp&quot;:&quot;0&quot;,&quot;copyright&quot;:&quot;&quot;,&quot;focal_length&quot;:&quot;0&quot;,&quot;iso&quot;:&quot;0&quot;,&quot;shutter_speed&quot;:&quot;0&quot;,&quot;title&quot;:&quot;&quot;,&quot;orientation&quot;:&quot;0&quot;}\" data-image-title=\"5Madrid-Monte-de-El-Pardo\" data-image-description=\"\" data-image-caption=\"\" data-medium-file=\"\/es-es\/blogs\/montana\/wp-content\/uploads\/sites\/3\/2020\/05\/5Madrid-Monte-de-El-Pardo-300x225.jpg\" data-large-file=\"\/es-es\/blogs\/montana\/wp-content\/uploads\/sites\/3\/2020\/05\/5Madrid-Monte-de-El-Pardo.jpg\" class=\"aligncenter size-full wp-image-6684\" src=\"\/es-es\/blogs\/montana\/wp-content\/uploads\/sites\/3\/2020\/05\/5Madrid-Monte-de-El-Pardo.jpg\" alt=\"Madrid. Monte de El Pardo&nbsp; \u2206 860 m.\" width=\"800\" height=\"600\" srcset=\"\/es-es\/blogs\/montana\/wp-content\/uploads\/sites\/3\/2020\/05\/5Madrid-Monte-de-El-Pardo.jpg 800w, \/es-es\/blogs\/montana\/wp-content\/uploads\/sites\/3\/2020\/05\/5Madrid-Monte-de-El-Pardo-300x225.jpg 300w, \/es-es\/blogs\/montana\/wp-content\/uploads\/sites\/3\/2020\/05\/5Madrid-Monte-de-El-Pardo-768x576.jpg 768w\" sizes=\"auto, (max-width: 800px) 100vw, 800px\" \/><\/p>\n<p><em>Foto: www.enbicipormadrid.es<\/em><\/p>\n<p><strong>&nbsp;<\/strong><\/p>\n<h2><strong>6. Santander: Cabo Mayor<\/strong><\/h2>\n<p>Por desgracia, no todas las ciudades pueden disfrutar de montes que est\u00e9n lo suficientemente cerca del entorno urbano como para poder salir directamente desde casa. \u00a1Pero no es el fin del mundo!<\/p>\n<p>Cabo Mayor&nbsp;es un&nbsp;saliente de tierra&nbsp;frente al&nbsp;mar Cant\u00e1brico&nbsp;y gracias al <strong>camino que sale de la segunda playa del Sardinero<\/strong>, puedes llegar a <strong>combinar un d\u00eda de playa con una ruta de senderismo<\/strong>.<\/p>\n<p>Durante el recorrido por los <strong>acantilados<\/strong> llegaremos a pasar por el <strong>Faro de Cabo Mayor o de Bellavista<\/strong>. Con este \u00faltimo nombre no es de extra\u00f1ar que las vistas merezcan mucho la pena.<\/p>\n<p>Como curiosidad os puedo contar que en febrero de 1982 un rayo dej\u00f3 fuera de servicio el sistema de rotaci\u00f3n y el reloj encargado de los destellos, y oblig\u00f3 a tres fareros a pasar la noche dando vueltas manualmente a la rotaci\u00f3n y cronometrando los grupos de luces con un reloj.<\/p>\n<ul>\n<li><strong>SI QUIERES M\u00c1S INFORMACI\u00d3N DE LA RUTA PROPUESTA, PINCHA EN <a href=\"https:\/\/es.wikiloc.com\/rutas-carrera-por-montana\/santander-el-faro-costa-4415093\" target=\"_blank\" rel=\"noopener\">ESTE ENLACE<\/a><\/strong><\/li>\n<\/ul>\n<p><em><img loading=\"lazy\" decoding=\"async\" data-attachment-id=\"6685\" data-permalink=\"\/es-es\/blogs\/montana\/excursiones-para-ir-al-monte-a-pie-o-en-transporte-publico-desde-casa\/6santander-cabo-mayor\/\" data-orig-file=\"\/es-es\/blogs\/montana\/wp-content\/uploads\/sites\/3\/2020\/05\/6Santander-Cabo-Mayor.jpg\" data-orig-size=\"800,600\" data-comments-opened=\"1\" data-image-meta=\"{&quot;aperture&quot;:&quot;0&quot;,&quot;credit&quot;:&quot;&quot;,&quot;camera&quot;:&quot;&quot;,&quot;caption&quot;:&quot;&quot;,&quot;created_timestamp&quot;:&quot;0&quot;,&quot;copyright&quot;:&quot;&quot;,&quot;focal_length&quot;:&quot;0&quot;,&quot;iso&quot;:&quot;0&quot;,&quot;shutter_speed&quot;:&quot;0&quot;,&quot;title&quot;:&quot;&quot;,&quot;orientation&quot;:&quot;0&quot;}\" data-image-title=\"6Santander-Cabo-Mayor\" data-image-description=\"\" data-image-caption=\"\" data-medium-file=\"\/es-es\/blogs\/montana\/wp-content\/uploads\/sites\/3\/2020\/05\/6Santander-Cabo-Mayor-300x225.jpg\" data-large-file=\"\/es-es\/blogs\/montana\/wp-content\/uploads\/sites\/3\/2020\/05\/6Santander-Cabo-Mayor.jpg\" class=\"aligncenter size-full wp-image-6685\" src=\"\/es-es\/blogs\/montana\/wp-content\/uploads\/sites\/3\/2020\/05\/6Santander-Cabo-Mayor.jpg\" alt=\"Excursiones para ir al monte a pie o en transporte p\u00fablico desde casa. Santander: Cabo Mayor\" width=\"800\" height=\"600\" srcset=\"\/es-es\/blogs\/montana\/wp-content\/uploads\/sites\/3\/2020\/05\/6Santander-Cabo-Mayor.jpg 800w, \/es-es\/blogs\/montana\/wp-content\/uploads\/sites\/3\/2020\/05\/6Santander-Cabo-Mayor-300x225.jpg 300w, \/es-es\/blogs\/montana\/wp-content\/uploads\/sites\/3\/2020\/05\/6Santander-Cabo-Mayor-768x576.jpg 768w\" sizes=\"auto, (max-width: 800px) 100vw, 800px\" \/><\/em><\/p>\n<p><em>Foto: turismo.santander.es<\/em><\/p>\n<p>&nbsp;<\/p>\n<h2><strong>7. Le\u00f3n. Parque Natural de la Candamia \u2206 931 m.<\/strong><\/h2>\n<p>En las inmediaciones de Le\u00f3n podemos encontrar <strong>470.000 m2 de naturaleza<\/strong> a la vera del <strong>r\u00edo Tor\u00edo<\/strong> y vernos rodeados de robles, chopos, encinas, pinos, monte bajo o tierras de cultivo. Se trata del Parque Natural de la Candamia que debe su nombre a que en \u00e9pocas romanas fue santuario del dios J\u00fapiter Candamo.<\/p>\n<p>Es un <strong>entorno ideal para practicar deporte<\/strong> que adem\u00e1s dispone de peque\u00f1as parcelas para el cultivo que son trabajadas por los ciudadanos para su autoabastecimiento. Sin duda, una opci\u00f3n de <strong>ocio verde muy interesante y sostenible<\/strong>. Y adem\u00e1s de todo esto, tiene la particularidad que se encontraron <strong>restos de civilizaciones<\/strong> de hace 5.000 a\u00f1os ni m\u00e1s ni menos.<\/p>\n<ul>\n<li><strong>SI QUIERES M\u00c1S INFORMACI\u00d3N DE LA RUTA PROPUESTA, PINCHA EN <a href=\"https:\/\/es.wikiloc.com\/rutas-senderismo\/la-candamia-desconocida-leon-34486393\" target=\"_blank\" rel=\"noopener\">ESTE ENLACE<\/a><\/strong><\/li>\n<\/ul>\n<p><strong> <img loading=\"lazy\" decoding=\"async\" data-attachment-id=\"6687\" data-permalink=\"\/es-es\/blogs\/montana\/excursiones-para-ir-al-monte-a-pie-o-en-transporte-publico-desde-casa\/7leon-candamia\/\" data-orig-file=\"\/es-es\/blogs\/montana\/wp-content\/uploads\/sites\/3\/2020\/05\/7Leon-Candamia.jpg\" data-orig-size=\"800,600\" data-comments-opened=\"1\" data-image-meta=\"{&quot;aperture&quot;:&quot;0&quot;,&quot;credit&quot;:&quot;&quot;,&quot;camera&quot;:&quot;&quot;,&quot;caption&quot;:&quot;&quot;,&quot;created_timestamp&quot;:&quot;0&quot;,&quot;copyright&quot;:&quot;&quot;,&quot;focal_length&quot;:&quot;0&quot;,&quot;iso&quot;:&quot;0&quot;,&quot;shutter_speed&quot;:&quot;0&quot;,&quot;title&quot;:&quot;&quot;,&quot;orientation&quot;:&quot;0&quot;}\" data-image-title=\"7Leon-Candamia\" data-image-description=\"\" data-image-caption=\"\" data-medium-file=\"\/es-es\/blogs\/montana\/wp-content\/uploads\/sites\/3\/2020\/05\/7Leon-Candamia-300x225.jpg\" data-large-file=\"\/es-es\/blogs\/montana\/wp-content\/uploads\/sites\/3\/2020\/05\/7Leon-Candamia.jpg\" class=\"aligncenter size-full wp-image-6687\" src=\"\/es-es\/blogs\/montana\/wp-content\/uploads\/sites\/3\/2020\/05\/7Leon-Candamia.jpg\" alt=\"Le\u00f3n. Parque Natural de la Candamia \u2206 931 m.\" width=\"800\" height=\"600\" srcset=\"\/es-es\/blogs\/montana\/wp-content\/uploads\/sites\/3\/2020\/05\/7Leon-Candamia.jpg 800w, \/es-es\/blogs\/montana\/wp-content\/uploads\/sites\/3\/2020\/05\/7Leon-Candamia-300x225.jpg 300w, \/es-es\/blogs\/montana\/wp-content\/uploads\/sites\/3\/2020\/05\/7Leon-Candamia-768x576.jpg 768w\" sizes=\"auto, (max-width: 800px) 100vw, 800px\" \/><\/strong><\/p>\n<p><em>Foto: www.flickr.com | diegounicaja<\/em><\/p>\n<p><strong>&nbsp;<\/strong><\/p>\n<h2><strong>8. Vitoria. Monte Eskibel \u2206 814 m.<\/strong><\/h2>\n<p><strong>A tan solo 3 kil\u00f3metros del centro urbano <\/strong>podemos encontrar el <strong>Bosque Natural de Armentia<\/strong> que nos puede servir de antesala para llegar a la principal cadena monta\u00f1osa del municipio: los <strong>Montes de Vitoria<\/strong>. Entre ellos, en esta ocasi\u00f3n proponemos visitar la cumbre del monte Eskibel, ya que se pueden encontrar parte de los muros de una <strong>antigua torre de se\u00f1ales del siglo XIX<\/strong>.<\/p>\n<p>Pero volviendo al Bosque Natural de Armentia, me gustar\u00eda recalcar la <strong>biodiversidad<\/strong> de este espacio que ejerce de corredor ecol\u00f3gico entre las \u00e1reas verdes urbanas y los Montes de Vitoria.<\/p>\n<p>Si no queremos sudar tanto la camiseta, recorrer la <strong>amplia red de senderos<\/strong> que atraviesan el bosque es una gran alternativa.<\/p>\n<ul>\n<li><strong>SI QUIERES M\u00c1S INFORMACI\u00d3N DE LA RUTA PROPUESTA, PINCHA EN <a href=\"https:\/\/es.wikiloc.com\/rutas-senderismo\/armentia-eskibel-31267201\" target=\"_blank\" rel=\"noopener\">ESTE ENLACE<\/a><\/strong><\/li>\n<\/ul>\n<p><img loading=\"lazy\" decoding=\"async\" data-attachment-id=\"6688\" data-permalink=\"\/es-es\/blogs\/montana\/excursiones-para-ir-al-monte-a-pie-o-en-transporte-publico-desde-casa\/8vitoria-eskibel\/\" data-orig-file=\"\/es-es\/blogs\/montana\/wp-content\/uploads\/sites\/3\/2020\/05\/8Vitoria-Eskibel.jpg\" data-orig-size=\"800,600\" data-comments-opened=\"1\" data-image-meta=\"{&quot;aperture&quot;:&quot;0&quot;,&quot;credit&quot;:&quot;&quot;,&quot;camera&quot;:&quot;&quot;,&quot;caption&quot;:&quot;&quot;,&quot;created_timestamp&quot;:&quot;0&quot;,&quot;copyright&quot;:&quot;&quot;,&quot;focal_length&quot;:&quot;0&quot;,&quot;iso&quot;:&quot;0&quot;,&quot;shutter_speed&quot;:&quot;0&quot;,&quot;title&quot;:&quot;&quot;,&quot;orientation&quot;:&quot;0&quot;}\" data-image-title=\"8Vitoria-Eskibel\" data-image-description=\"\" data-image-caption=\"\" data-medium-file=\"\/es-es\/blogs\/montana\/wp-content\/uploads\/sites\/3\/2020\/05\/8Vitoria-Eskibel-300x225.jpg\" data-large-file=\"\/es-es\/blogs\/montana\/wp-content\/uploads\/sites\/3\/2020\/05\/8Vitoria-Eskibel.jpg\" class=\"aligncenter size-full wp-image-6688\" src=\"\/es-es\/blogs\/montana\/wp-content\/uploads\/sites\/3\/2020\/05\/8Vitoria-Eskibel.jpg\" alt=\"Vitoria. Monte Eskibel \u2206 814 m.\" width=\"800\" height=\"600\" srcset=\"\/es-es\/blogs\/montana\/wp-content\/uploads\/sites\/3\/2020\/05\/8Vitoria-Eskibel.jpg 800w, \/es-es\/blogs\/montana\/wp-content\/uploads\/sites\/3\/2020\/05\/8Vitoria-Eskibel-300x225.jpg 300w, \/es-es\/blogs\/montana\/wp-content\/uploads\/sites\/3\/2020\/05\/8Vitoria-Eskibel-768x576.jpg 768w\" sizes=\"auto, (max-width: 800px) 100vw, 800px\" \/><\/p>\n<p><em>Foto: es.m.wikipedia.org<\/em><\/p>\n<p><strong>&nbsp;<\/strong><\/p>\n<h2><strong>9. M\u00e1laga: Monte San Ant\u00f3n&nbsp; \u2206 507 m.<\/strong><\/h2>\n<p>El Monte San Ant\u00f3n <strong>forma parte de los Montes de M\u00e1laga<\/strong> y es <strong>accesible a pie desde la <\/strong>propia<strong> playa<\/strong>. A pesar de estar en consecuencia muy cerca de zonas habitadas, constituye una <strong>reserva de fauna y flora<\/strong> en el que podemos encontrarnos con el camale\u00f3n com\u00fan o el \u00e1guila perdicera.<\/p>\n<p>Cuando pensamos en M\u00e1laga y la Costa del Sol nos vienen a la cabeza playas y arena, pero tambi\u00e9n podemos encontrar montes como este con unos <strong>miradores<\/strong> que nos permiten divisar tanto la costa oriental como la occidental, incluyendo la ciudad de M\u00e1laga.<\/p>\n<p>Eso s\u00ed, si no queremos pasarlo mal por el calor habr\u00e1 que <strong>evitar las horas centrales<\/strong> del d\u00eda.<\/p>\n<ul>\n<li><strong>SI QUIERES M\u00c1S INFORMACI\u00d3N DE LA RUTA PROPUESTA, PINCHA EN <a href=\"https:\/\/es.wikiloc.com\/rutas-senderismo\/ruta-por-los-miradores-del-monte-san-anton-21842903\" target=\"_blank\" rel=\"noopener\">ESTE ENLACE<\/a><\/strong><\/li>\n<\/ul>\n<p><img loading=\"lazy\" decoding=\"async\" data-attachment-id=\"6689\" data-permalink=\"\/es-es\/blogs\/montana\/excursiones-para-ir-al-monte-a-pie-o-en-transporte-publico-desde-casa\/9malagamonte-san-anton\/\" data-orig-file=\"\/es-es\/blogs\/montana\/wp-content\/uploads\/sites\/3\/2020\/05\/9MalagaMonte-San-Anton.jpg\" data-orig-size=\"800,600\" data-comments-opened=\"1\" data-image-meta=\"{&quot;aperture&quot;:&quot;0&quot;,&quot;credit&quot;:&quot;&quot;,&quot;camera&quot;:&quot;&quot;,&quot;caption&quot;:&quot;&quot;,&quot;created_timestamp&quot;:&quot;0&quot;,&quot;copyright&quot;:&quot;&quot;,&quot;focal_length&quot;:&quot;0&quot;,&quot;iso&quot;:&quot;0&quot;,&quot;shutter_speed&quot;:&quot;0&quot;,&quot;title&quot;:&quot;&quot;,&quot;orientation&quot;:&quot;0&quot;}\" data-image-title=\"9MalagaMonte-San-Anton\" data-image-description=\"\" data-image-caption=\"\" data-medium-file=\"\/es-es\/blogs\/montana\/wp-content\/uploads\/sites\/3\/2020\/05\/9MalagaMonte-San-Anton-300x225.jpg\" data-large-file=\"\/es-es\/blogs\/montana\/wp-content\/uploads\/sites\/3\/2020\/05\/9MalagaMonte-San-Anton.jpg\" class=\"aligncenter size-full wp-image-6689\" src=\"\/es-es\/blogs\/montana\/wp-content\/uploads\/sites\/3\/2020\/05\/9MalagaMonte-San-Anton.jpg\" alt=\"M\u00e1laga: Monte San Ant\u00f3n&nbsp; \u2206 507 m.\" width=\"800\" height=\"600\" srcset=\"\/es-es\/blogs\/montana\/wp-content\/uploads\/sites\/3\/2020\/05\/9MalagaMonte-San-Anton.jpg 800w, \/es-es\/blogs\/montana\/wp-content\/uploads\/sites\/3\/2020\/05\/9MalagaMonte-San-Anton-300x225.jpg 300w, \/es-es\/blogs\/montana\/wp-content\/uploads\/sites\/3\/2020\/05\/9MalagaMonte-San-Anton-768x576.jpg 768w\" sizes=\"auto, (max-width: 800px) 100vw, 800px\" \/><\/p>\n<p><em>Foto: www.viajamalaga.com<\/em><\/p>\n<p>&nbsp;<\/p>\n<h2>A tener en cuenta<\/h2>\n<p>Por \u00faltimo, tan solo quisiera recordar que por modestas que sean las cimas, o sencillos los paseos, hay que:<\/p>\n<ul>\n<li><strong>prestar atenci\u00f3n al tiempo<\/strong><\/li>\n<li><strong>avisar a d\u00f3nde vamos<\/strong><\/li>\n<li>y aplicar el <strong>sentido com\u00fan<\/strong> cuando seguimos una ruta descargada de internet.<\/li>\n<li>Las rutas propuestas en este art\u00edculo para ir al monte a pie o en transporte p\u00fablico pretenden servir de orientaci\u00f3n para descubrir nuevos lugares, pero si una vez en ruta <strong>vemos que el camino se cierra o desaparece, y no vemos con claridad el camino a segui<\/strong>r lo mejor ser\u00e1 <strong>darse la vuelta y buscar informaci\u00f3n m\u00e1s completa<\/strong> y detallada de la ruta que queremos hacer.<\/li>\n<\/ul>\n<p>&nbsp;<\/p>\n<p><img loading=\"lazy\" decoding=\"async\" data-attachment-id=\"6690\" data-permalink=\"\/es-es\/blogs\/montana\/excursiones-para-ir-al-monte-a-pie-o-en-transporte-publico-desde-casa\/montesdesdecasa2\/\" data-orig-file=\"\/es-es\/blogs\/montana\/wp-content\/uploads\/sites\/3\/2020\/05\/montesdesdecasa2.jpg\" data-orig-size=\"800,477\" data-comments-opened=\"1\" data-image-meta=\"{&quot;aperture&quot;:&quot;0&quot;,&quot;credit&quot;:&quot;&quot;,&quot;camera&quot;:&quot;&quot;,&quot;caption&quot;:&quot;&quot;,&quot;created_timestamp&quot;:&quot;0&quot;,&quot;copyright&quot;:&quot;&quot;,&quot;focal_length&quot;:&quot;0&quot;,&quot;iso&quot;:&quot;0&quot;,&quot;shutter_speed&quot;:&quot;0&quot;,&quot;title&quot;:&quot;&quot;,&quot;orientation&quot;:&quot;0&quot;}\" data-image-title=\"montesdesdecasa2\" data-image-description=\"\" data-image-caption=\"\" data-medium-file=\"\/es-es\/blogs\/montana\/wp-content\/uploads\/sites\/3\/2020\/05\/montesdesdecasa2-300x179.jpg\" data-large-file=\"\/es-es\/blogs\/montana\/wp-content\/uploads\/sites\/3\/2020\/05\/montesdesdecasa2.jpg\" class=\"aligncenter size-full wp-image-6690\" src=\"\/es-es\/blogs\/montana\/wp-content\/uploads\/sites\/3\/2020\/05\/montesdesdecasa2.jpg\" alt=\"Excursiones para ir al monte a pie o en transporte p\u00fablico desde casa\" width=\"800\" height=\"477\" srcset=\"\/es-es\/blogs\/montana\/wp-content\/uploads\/sites\/3\/2020\/05\/montesdesdecasa2.jpg 800w, \/es-es\/blogs\/montana\/wp-content\/uploads\/sites\/3\/2020\/05\/montesdesdecasa2-300x179.jpg 300w, \/es-es\/blogs\/montana\/wp-content\/uploads\/sites\/3\/2020\/05\/montesdesdecasa2-768x458.jpg 768w\" sizes=\"auto, (max-width: 800px) 100vw, 800px\" \/><\/p>\n<p>Y t\u00fa, \u00bfqu\u00e9 monte o lugar me recomendar\u00edas saliendo desde casa? \u00bfCu\u00e1l nos hemos dejado? \ud83d\ude42<\/p>\n<p>\u00a1Nos vemos en las monta\u00f1as!<\/p>\n<p><em>&nbsp;<\/em><\/p>\n","protected":false},"excerpt":{"rendered":"<p>Poco a poco podemos ir yendo al monte y se nos ha ocurrido recopilar algunas excursiones que te har\u00e1n disfrutar de la naturaleza sin necesidad de coger el coche. Son 9 rutas para ir monte a pie o en transporte p\u00fablico desde la puerta de nuestra casa. \u00bfTe animas? [&#8230;]<\/p>\n<p><a class=\"btn btn-secondary understrap-read-more-link\" href=\"\/es-es\/blogs\/montana\/excursiones-para-ir-al-monte-a-pie-o-en-transporte-publico-desde-casa\/\">Conocer m\u00e1s<\/a><\/p>\n","protected":false},"author":613,"featured_media":6695,"comment_status":"open","ping_status":"open","sticky":false,"template":"","format":"standard","meta":{"_seopress_robots_primary_cat":"7","ngg_post_thumbnail":0,"jetpack_post_was_ever_published":false,"_jetpack_newsletter_access":"","_jetpack_dont_email_post_to_subs":false,"_jetpack_newsletter_tier_id":0,"_jetpack_memberships_contains_paywalled_content":false,"_jetpack_memberships_contains_paid_content":false,"footnotes":"","jetpack_publicize_message":"","jetpack_publicize_feature_enabled":true,"jetpack_social_post_already_shared":true,"jetpack_social_options":{"image_generator_settings":{"template":"highway","enabled":false},"version":2}},"categories":[7],"tags":[],"class_list":{"0":"post-6677","1":"post","2":"type-post","3":"status-publish","4":"format-standard","5":"has-post-thumbnail","7":"category-rutas"},"jetpack_publicize_connections":[],"acf":[],"jetpack_sharing_enabled":true,"jetpack_featured_media_url":"\/es-es\/blogs\/montana\/wp-content\/uploads\/sites\/3\/2020\/05\/montesdesdecasa.jpg","jetpack_shortlink":"https:\/\/wp.me\/p8n7Aj-1JH","jetpack-related-posts":[],"_links":{"self":[{"href":"\/es-es\/blogs\/montana\/wp-json\/wp\/v2\/posts\/6677","targetHints":{"allow":["GET"]}}],"collection":[{"href":"\/es-es\/blogs\/montana\/wp-json\/wp\/v2\/posts"}],"about":[{"href":"\/es-es\/blogs\/montana\/wp-json\/wp\/v2\/types\/post"}],"author":[{"embeddable":true,"href":"\/es-es\/blogs\/montana\/wp-json\/wp\/v2\/users\/613"}],"replies":[{"embeddable":true,"href":"\/es-es\/blogs\/montana\/wp-json\/wp\/v2\/comments?post=6677"}],"version-history":[{"count":14,"href":"\/es-es\/blogs\/montana\/wp-json\/wp\/v2\/posts\/6677\/revisions"}],"predecessor-version":[{"id":15365,"href":"\/es-es\/blogs\/montana\/wp-json\/wp\/v2\/posts\/6677\/revisions\/15365"}],"wp:featuredmedia":[{"embeddable":true,"href":"\/es-es\/blogs\/montana\/wp-json\/wp\/v2\/media\/6695"}],"wp:attachment":[{"href":"\/es-es\/blogs\/montana\/wp-json\/wp\/v2\/media?parent=6677"}],"wp:term":[{"taxonomy":"category","embeddable":true,"href":"\/es-es\/blogs\/montana\/wp-json\/wp\/v2\/categories?post=6677"},{"taxonomy":"post_tag","embeddable":true,"href":"\/es-es\/blogs\/montana\/wp-json\/wp\/v2\/tags?post=6677"}],"curies":[{"name":"wp","href":"https:\/\/api.w.org\/{rel}","templated":true}]}}