{"id":7027,"date":"2020-08-26T13:27:18","date_gmt":"2020-08-26T13:27:18","guid":{"rendered":"\/es-es\/blogs\/montana\/?p=7027"},"modified":"2024-05-27T09:31:45","modified_gmt":"2024-05-27T09:31:45","slug":"ruta-a-talaia-el-mirador-de-ogono","status":"publish","type":"post","link":"\/es-es\/blogs\/montana\/ruta-a-talaia-el-mirador-de-ogono\/","title":{"rendered":"Ruta a Talaia, el mirador de Ogo\u00f1o"},"content":{"rendered":"<p>Un ap\u00e9ndice de la Reserva de la Biosfera de Urdaibai que no pasa desapercibido es el pe\u00f1\u00f3n de Ogo\u00f1o. Hunde sus profundas ra\u00edces en las aguas del Cant\u00e1brico y defiende la pintoresca localidad de Elantxobe de parte de los embates que este mar le prodiga, llegando sus olas a superar la altura de algunos tejados. Te proponemos la ruta a seguir para llegar a Talaia, el mirador y Ogo\u00f1o y disfrutar de unos espectaculares parajes.<\/p>\n<p><!--more--><\/p>\n<p>La mole rocosa de Ogo\u00f1o tiene su origen en los caparazones y esqueletos calc\u00e1reos que se fueron depositando en el fondo del mar hace m\u00e1s de 100 millones de a\u00f1os.<\/p>\n<p>Curiosamente, esa p\u00e9trea fortaleza tiene su interior plagado de <strong>cavidades<\/strong>, algunas de las cuales llegan desde el nivel del mar hasta cotas situadas unos 90 metros m\u00e1s arriba, formando quebrados tubos por los que el impacto de las olas en las marejadas hace subir regulares emboladas de aerosol de agua marina hasta la superficie elevada.<\/p>\n<p><strong>El camino <\/strong>de la ruta a Talaia, el mirador de Ogo\u00f1o<strong> incluye empinadas calles, miradores y senderos<\/strong>, adem\u00e1s de alguna <strong>posible sorpresa en forma de agujero soplador<\/strong>, si la mar est\u00e1 movida, pero <strong>no se trata de un recorrido \u201cpara todos los p\u00fablicos\u201d<\/strong>.<\/p>\n<p><img loading=\"lazy\" decoding=\"async\" data-attachment-id=\"7032\" data-permalink=\"\/es-es\/blogs\/montana\/ruta-a-talaia-el-mirador-de-ogono\/8parte-alta-de-elantxobe-y-la-costa\/\" data-orig-file=\"\/es-es\/blogs\/montana\/wp-content\/uploads\/sites\/3\/2020\/08\/8parte-alta-de-Elantxobe-y-la-costa.jpg\" data-orig-size=\"800,533\" data-comments-opened=\"1\" data-image-meta=\"{&quot;aperture&quot;:&quot;0&quot;,&quot;credit&quot;:&quot;&quot;,&quot;camera&quot;:&quot;&quot;,&quot;caption&quot;:&quot;&quot;,&quot;created_timestamp&quot;:&quot;0&quot;,&quot;copyright&quot;:&quot;&quot;,&quot;focal_length&quot;:&quot;0&quot;,&quot;iso&quot;:&quot;0&quot;,&quot;shutter_speed&quot;:&quot;0&quot;,&quot;title&quot;:&quot;&quot;,&quot;orientation&quot;:&quot;0&quot;}\" data-image-title=\"8parte-alta-de-Elantxobe-y-la-costa\" data-image-description=\"\" data-image-caption=\"\" data-medium-file=\"\/es-es\/blogs\/montana\/wp-content\/uploads\/sites\/3\/2020\/08\/8parte-alta-de-Elantxobe-y-la-costa-300x200.jpg\" data-large-file=\"\/es-es\/blogs\/montana\/wp-content\/uploads\/sites\/3\/2020\/08\/8parte-alta-de-Elantxobe-y-la-costa.jpg\" class=\"size-full wp-image-7032 aligncenter\" src=\"\/es-es\/blogs\/montana\/wp-content\/uploads\/sites\/3\/2020\/08\/8parte-alta-de-Elantxobe-y-la-costa.jpg\" alt=\"Parte alta de Elantxobe y la costa\" width=\"800\" height=\"533\" srcset=\"\/es-es\/blogs\/montana\/wp-content\/uploads\/sites\/3\/2020\/08\/8parte-alta-de-Elantxobe-y-la-costa.jpg 800w, \/es-es\/blogs\/montana\/wp-content\/uploads\/sites\/3\/2020\/08\/8parte-alta-de-Elantxobe-y-la-costa-300x200.jpg 300w, \/es-es\/blogs\/montana\/wp-content\/uploads\/sites\/3\/2020\/08\/8parte-alta-de-Elantxobe-y-la-costa-768x512.jpg 768w\" sizes=\"auto, (max-width: 800px) 100vw, 800px\" \/><\/p>\n<p>&nbsp;<\/p>\n<p>El terreno calizo, muy erosionado, nos har\u00e1 tener que mirar d\u00f3nde ponemos el pie en cada paso y, en algunos tramos, agradeceremos la posibilidad de agarrarnos a la tupida vegetaci\u00f3n del encinar cant\u00e1brico para ayudarnos a superar los desniveles de ascenso y descenso.<\/p>\n<p>&nbsp;<\/p>\n<p><img loading=\"lazy\" decoding=\"async\" data-attachment-id=\"7029\" data-permalink=\"\/es-es\/blogs\/montana\/ruta-a-talaia-el-mirador-de-ogono\/1perfil-del-recorrido\/\" data-orig-file=\"\/es-es\/blogs\/montana\/wp-content\/uploads\/sites\/3\/2020\/08\/1Perfil-del-recorrido.jpg\" data-orig-size=\"800,249\" data-comments-opened=\"1\" data-image-meta=\"{&quot;aperture&quot;:&quot;0&quot;,&quot;credit&quot;:&quot;&quot;,&quot;camera&quot;:&quot;&quot;,&quot;caption&quot;:&quot;&quot;,&quot;created_timestamp&quot;:&quot;0&quot;,&quot;copyright&quot;:&quot;&quot;,&quot;focal_length&quot;:&quot;0&quot;,&quot;iso&quot;:&quot;0&quot;,&quot;shutter_speed&quot;:&quot;0&quot;,&quot;title&quot;:&quot;&quot;,&quot;orientation&quot;:&quot;0&quot;}\" data-image-title=\"1Perfil-del-recorrido\" data-image-description=\"\" data-image-caption=\"\" data-medium-file=\"\/es-es\/blogs\/montana\/wp-content\/uploads\/sites\/3\/2020\/08\/1Perfil-del-recorrido-300x93.jpg\" data-large-file=\"\/es-es\/blogs\/montana\/wp-content\/uploads\/sites\/3\/2020\/08\/1Perfil-del-recorrido.jpg\" class=\"size-full wp-image-7029 aligncenter\" src=\"\/es-es\/blogs\/montana\/wp-content\/uploads\/sites\/3\/2020\/08\/1Perfil-del-recorrido.jpg\" alt=\"Perfil Ruta a Talaia, el mirador de Ogo\u00f1o\" width=\"800\" height=\"249\" srcset=\"\/es-es\/blogs\/montana\/wp-content\/uploads\/sites\/3\/2020\/08\/1Perfil-del-recorrido.jpg 800w, \/es-es\/blogs\/montana\/wp-content\/uploads\/sites\/3\/2020\/08\/1Perfil-del-recorrido-300x93.jpg 300w, \/es-es\/blogs\/montana\/wp-content\/uploads\/sites\/3\/2020\/08\/1Perfil-del-recorrido-768x239.jpg 768w\" sizes=\"auto, (max-width: 800px) 100vw, 800px\" \/><\/p>\n<p>&nbsp;<\/p>\n<p><a href=\"https:\/\/www.forumsport.com\/es-es\/search\/?text=calzado+monta%C3%B1a&amp;submit=\" target=\"_blank\" rel=\"noopener\"><strong>Calzado adecuado<\/strong><\/a>, <strong>con buen agarre y que proteja el tobillo<\/strong>, adem\u00e1s de <strong>bebida y picoteo<\/strong>, nos dar\u00e1n m\u00e1s seguridad para andar los <strong>5 kil\u00f3metros del intrincado, pero atractivo, recorrido circular <\/strong>que proponemos.<\/p>\n<p>&nbsp;<\/p>\n<p><img loading=\"lazy\" decoding=\"async\" data-attachment-id=\"7030\" data-permalink=\"\/es-es\/blogs\/montana\/ruta-a-talaia-el-mirador-de-ogono\/2recorrido-sobre-mapa\/\" data-orig-file=\"\/es-es\/blogs\/montana\/wp-content\/uploads\/sites\/3\/2020\/08\/2Recorrido-sobre-mapa.jpg\" data-orig-size=\"800,500\" data-comments-opened=\"1\" data-image-meta=\"{&quot;aperture&quot;:&quot;0&quot;,&quot;credit&quot;:&quot;&quot;,&quot;camera&quot;:&quot;&quot;,&quot;caption&quot;:&quot;&quot;,&quot;created_timestamp&quot;:&quot;0&quot;,&quot;copyright&quot;:&quot;&quot;,&quot;focal_length&quot;:&quot;0&quot;,&quot;iso&quot;:&quot;0&quot;,&quot;shutter_speed&quot;:&quot;0&quot;,&quot;title&quot;:&quot;&quot;,&quot;orientation&quot;:&quot;0&quot;}\" data-image-title=\"2Recorrido-sobre-mapa\" data-image-description=\"\" data-image-caption=\"\" data-medium-file=\"\/es-es\/blogs\/montana\/wp-content\/uploads\/sites\/3\/2020\/08\/2Recorrido-sobre-mapa-300x188.jpg\" data-large-file=\"\/es-es\/blogs\/montana\/wp-content\/uploads\/sites\/3\/2020\/08\/2Recorrido-sobre-mapa.jpg\" class=\"size-full wp-image-7030 aligncenter\" src=\"\/es-es\/blogs\/montana\/wp-content\/uploads\/sites\/3\/2020\/08\/2Recorrido-sobre-mapa.jpg\" alt=\"Recorrido circular Ruta a Talaia, el mirador de Ogo\u00f1o\" width=\"800\" height=\"500\" srcset=\"\/es-es\/blogs\/montana\/wp-content\/uploads\/sites\/3\/2020\/08\/2Recorrido-sobre-mapa.jpg 800w, \/es-es\/blogs\/montana\/wp-content\/uploads\/sites\/3\/2020\/08\/2Recorrido-sobre-mapa-300x188.jpg 300w, \/es-es\/blogs\/montana\/wp-content\/uploads\/sites\/3\/2020\/08\/2Recorrido-sobre-mapa-768x480.jpg 768w\" sizes=\"auto, (max-width: 800px) 100vw, 800px\" \/><\/p>\n<p>&nbsp;<\/p>\n<p>A pesar de su corto desarrollo, el terreno por el que circularemos, el inter\u00e9s de sus rincones y sus desniveles har\u00e1n conveniente prever un <strong>par de horas y media de paseo<\/strong>.<\/p>\n<p><strong>No aconsejamos iniciarlo si el terreno est\u00e1 h\u00famedo<\/strong> por lluvias recientes, dado que encontraremos barro en una parte del itinerario, y la caliza mojada resbalar\u00e1. En cambio, los d\u00edas de sol estaremos protegidos del mismo en la mayor parte del recorrido.<\/p>\n<h2><strong>Comienza la ruta a Talaia, el mirador de Ogo\u00f1o<\/strong><\/h2>\n<p>La <strong>salida<\/strong> ser\u00e1 <strong>desde el mirador situado al final de la carretera BI-2237 <\/strong>(no confundir con la 3237, que es el ramal que lleva al puerto de Elantxobe), con espectaculares vistas sobe la parte baja del pueblo.<\/p>\n<p>&nbsp;<\/p>\n<p><img loading=\"lazy\" decoding=\"async\" data-attachment-id=\"7034\" data-permalink=\"\/es-es\/blogs\/montana\/ruta-a-talaia-el-mirador-de-ogono\/5vistas-desde-el-mirador-de-la-plaza\/\" data-orig-file=\"\/es-es\/blogs\/montana\/wp-content\/uploads\/sites\/3\/2020\/08\/5Vistas-desde-el-mirador-de-la-plaza.jpg\" data-orig-size=\"800,525\" data-comments-opened=\"1\" data-image-meta=\"{&quot;aperture&quot;:&quot;0&quot;,&quot;credit&quot;:&quot;&quot;,&quot;camera&quot;:&quot;&quot;,&quot;caption&quot;:&quot;&quot;,&quot;created_timestamp&quot;:&quot;0&quot;,&quot;copyright&quot;:&quot;&quot;,&quot;focal_length&quot;:&quot;0&quot;,&quot;iso&quot;:&quot;0&quot;,&quot;shutter_speed&quot;:&quot;0&quot;,&quot;title&quot;:&quot;&quot;,&quot;orientation&quot;:&quot;0&quot;}\" data-image-title=\"5Vistas-desde-el-mirador-de-la-plaza\" data-image-description=\"\" data-image-caption=\"\" data-medium-file=\"\/es-es\/blogs\/montana\/wp-content\/uploads\/sites\/3\/2020\/08\/5Vistas-desde-el-mirador-de-la-plaza-300x197.jpg\" data-large-file=\"\/es-es\/blogs\/montana\/wp-content\/uploads\/sites\/3\/2020\/08\/5Vistas-desde-el-mirador-de-la-plaza.jpg\" class=\"size-full wp-image-7034 aligncenter\" src=\"\/es-es\/blogs\/montana\/wp-content\/uploads\/sites\/3\/2020\/08\/5Vistas-desde-el-mirador-de-la-plaza.jpg\" alt=\"Vistas desde el mirador de la plaza en Elantxobe\" width=\"800\" height=\"525\" srcset=\"\/es-es\/blogs\/montana\/wp-content\/uploads\/sites\/3\/2020\/08\/5Vistas-desde-el-mirador-de-la-plaza.jpg 800w, \/es-es\/blogs\/montana\/wp-content\/uploads\/sites\/3\/2020\/08\/5Vistas-desde-el-mirador-de-la-plaza-300x197.jpg 300w, \/es-es\/blogs\/montana\/wp-content\/uploads\/sites\/3\/2020\/08\/5Vistas-desde-el-mirador-de-la-plaza-768x504.jpg 768w\" sizes=\"auto, (max-width: 800px) 100vw, 800px\" \/><\/p>\n<p>&nbsp;<\/p>\n<p>En este punto se sit\u00faa una parada de la red de transporte p\u00fablico de Bizkaibus. Una buena alternativa m\u00e1s respetuosa con el medio ambiente que el veh\u00edculo privado.<\/p>\n<p>Adem\u00e1s, si coincidimos con el autob\u00fas de l\u00ednea, podremos disfrutar vi\u00e9ndole cambiar de sentido de marcha sobre una plataforma giratoria. Actualmente el proceso est\u00e1 motorizado, pero hasta hace poco se hac\u00eda a mano.<\/p>\n<p>En la plazoleta en que eso ocurre <strong>ascenderemos hacia la izquierda por la Kale Nagusi<\/strong>a, una empinada calle en direcci\u00f3n Sur-oeste.<\/p>\n<p>&nbsp;<\/p>\n<p><img loading=\"lazy\" decoding=\"async\" data-attachment-id=\"7035\" data-permalink=\"\/es-es\/blogs\/montana\/ruta-a-talaia-el-mirador-de-ogono\/4desde-esta-plaza-comenzaremos-el-recorrido\/\" data-orig-file=\"\/es-es\/blogs\/montana\/wp-content\/uploads\/sites\/3\/2020\/08\/4Desde-esta-plaza-comenzaremos-el-recorrido.jpg\" data-orig-size=\"800,533\" data-comments-opened=\"1\" data-image-meta=\"{&quot;aperture&quot;:&quot;0&quot;,&quot;credit&quot;:&quot;&quot;,&quot;camera&quot;:&quot;&quot;,&quot;caption&quot;:&quot;&quot;,&quot;created_timestamp&quot;:&quot;0&quot;,&quot;copyright&quot;:&quot;&quot;,&quot;focal_length&quot;:&quot;0&quot;,&quot;iso&quot;:&quot;0&quot;,&quot;shutter_speed&quot;:&quot;0&quot;,&quot;title&quot;:&quot;&quot;,&quot;orientation&quot;:&quot;0&quot;}\" data-image-title=\"4Desde-esta-plaza-comenzaremos-el-recorrido\" data-image-description=\"\" data-image-caption=\"\" data-medium-file=\"\/es-es\/blogs\/montana\/wp-content\/uploads\/sites\/3\/2020\/08\/4Desde-esta-plaza-comenzaremos-el-recorrido-300x200.jpg\" data-large-file=\"\/es-es\/blogs\/montana\/wp-content\/uploads\/sites\/3\/2020\/08\/4Desde-esta-plaza-comenzaremos-el-recorrido.jpg\" class=\"size-full wp-image-7035 aligncenter\" src=\"\/es-es\/blogs\/montana\/wp-content\/uploads\/sites\/3\/2020\/08\/4Desde-esta-plaza-comenzaremos-el-recorrido.jpg\" alt=\"Comienzo de la ruta a Talaia, por kale nagusia\" width=\"800\" height=\"533\" srcset=\"\/es-es\/blogs\/montana\/wp-content\/uploads\/sites\/3\/2020\/08\/4Desde-esta-plaza-comenzaremos-el-recorrido.jpg 800w, \/es-es\/blogs\/montana\/wp-content\/uploads\/sites\/3\/2020\/08\/4Desde-esta-plaza-comenzaremos-el-recorrido-300x200.jpg 300w, \/es-es\/blogs\/montana\/wp-content\/uploads\/sites\/3\/2020\/08\/4Desde-esta-plaza-comenzaremos-el-recorrido-768x512.jpg 768w\" sizes=\"auto, (max-width: 800px) 100vw, 800px\" \/><\/p>\n<p>&nbsp;<\/p>\n<p>Tras unos duros minutos, la calle nos presenta una fuerte curva a la izquierda y, de frente, una estrecha casa y un <strong>callej\u00f3n con la se\u00f1al de Matxikale<\/strong>.<\/p>\n<p>&nbsp;<\/p>\n<p><img loading=\"lazy\" decoding=\"async\" data-attachment-id=\"7037\" data-permalink=\"\/es-es\/blogs\/montana\/ruta-a-talaia-el-mirador-de-ogono\/6primera-desviacion-ascendiendo-nagusia-kalea\/\" data-orig-file=\"\/es-es\/blogs\/montana\/wp-content\/uploads\/sites\/3\/2020\/08\/6Primera-desviacion-ascendiendo-Nagusia-kalea.jpg\" data-orig-size=\"800,533\" data-comments-opened=\"1\" data-image-meta=\"{&quot;aperture&quot;:&quot;0&quot;,&quot;credit&quot;:&quot;&quot;,&quot;camera&quot;:&quot;&quot;,&quot;caption&quot;:&quot;&quot;,&quot;created_timestamp&quot;:&quot;0&quot;,&quot;copyright&quot;:&quot;&quot;,&quot;focal_length&quot;:&quot;0&quot;,&quot;iso&quot;:&quot;0&quot;,&quot;shutter_speed&quot;:&quot;0&quot;,&quot;title&quot;:&quot;&quot;,&quot;orientation&quot;:&quot;0&quot;}\" data-image-title=\"6Primera-desviacion-ascendiendo-Nagusia-kalea\" data-image-description=\"\" data-image-caption=\"\" data-medium-file=\"\/es-es\/blogs\/montana\/wp-content\/uploads\/sites\/3\/2020\/08\/6Primera-desviacion-ascendiendo-Nagusia-kalea-300x200.jpg\" data-large-file=\"\/es-es\/blogs\/montana\/wp-content\/uploads\/sites\/3\/2020\/08\/6Primera-desviacion-ascendiendo-Nagusia-kalea.jpg\" class=\"size-full wp-image-7037 aligncenter\" src=\"\/es-es\/blogs\/montana\/wp-content\/uploads\/sites\/3\/2020\/08\/6Primera-desviacion-ascendiendo-Nagusia-kalea.jpg\" alt=\"Nagusia kalea de Elantxobe y primera desviaci\u00f3n\" width=\"800\" height=\"533\" srcset=\"\/es-es\/blogs\/montana\/wp-content\/uploads\/sites\/3\/2020\/08\/6Primera-desviacion-ascendiendo-Nagusia-kalea.jpg 800w, \/es-es\/blogs\/montana\/wp-content\/uploads\/sites\/3\/2020\/08\/6Primera-desviacion-ascendiendo-Nagusia-kalea-300x200.jpg 300w, \/es-es\/blogs\/montana\/wp-content\/uploads\/sites\/3\/2020\/08\/6Primera-desviacion-ascendiendo-Nagusia-kalea-768x512.jpg 768w\" sizes=\"auto, (max-width: 800px) 100vw, 800px\" \/><\/p>\n<p>&nbsp;<\/p>\n<p>Dos letreros nos ofrecen caminos opuestos para ir a Ogo\u00f1o, pero tomaremos <strong>el de la derecha<\/strong>, por el estrecho paso, encontrando enseguida una fuente y preciosas vistas del pueblo, as\u00ed como un lejano horizonte.<\/p>\n<p><strong>Al llegar a la primera casa nos desviaremos a la derecha<\/strong>, rode\u00e1ndola, <strong>para tomar un sendero con ca\u00edda a la derecha <\/strong>que nos introducir\u00e1 entre poderosos pinos y robles.<\/p>\n<p>&nbsp;<\/p>\n<p><img loading=\"lazy\" decoding=\"async\" data-attachment-id=\"7038\" data-permalink=\"\/es-es\/blogs\/montana\/ruta-a-talaia-el-mirador-de-ogono\/7segunda-desviacion\/\" data-orig-file=\"\/es-es\/blogs\/montana\/wp-content\/uploads\/sites\/3\/2020\/08\/7Segunda-desviacion.jpg\" data-orig-size=\"800,533\" data-comments-opened=\"1\" data-image-meta=\"{&quot;aperture&quot;:&quot;0&quot;,&quot;credit&quot;:&quot;&quot;,&quot;camera&quot;:&quot;&quot;,&quot;caption&quot;:&quot;&quot;,&quot;created_timestamp&quot;:&quot;0&quot;,&quot;copyright&quot;:&quot;&quot;,&quot;focal_length&quot;:&quot;0&quot;,&quot;iso&quot;:&quot;0&quot;,&quot;shutter_speed&quot;:&quot;0&quot;,&quot;title&quot;:&quot;&quot;,&quot;orientation&quot;:&quot;0&quot;}\" data-image-title=\"7Segunda-desviacion\" data-image-description=\"\" data-image-caption=\"\" data-medium-file=\"\/es-es\/blogs\/montana\/wp-content\/uploads\/sites\/3\/2020\/08\/7Segunda-desviacion-300x200.jpg\" data-large-file=\"\/es-es\/blogs\/montana\/wp-content\/uploads\/sites\/3\/2020\/08\/7Segunda-desviacion.jpg\" class=\"size-full wp-image-7038 aligncenter\" src=\"\/es-es\/blogs\/montana\/wp-content\/uploads\/sites\/3\/2020\/08\/7Segunda-desviacion.jpg\" alt=\"Segunda desviaci\u00f3n de la ruta a Talaia\" width=\"800\" height=\"533\" srcset=\"\/es-es\/blogs\/montana\/wp-content\/uploads\/sites\/3\/2020\/08\/7Segunda-desviacion.jpg 800w, \/es-es\/blogs\/montana\/wp-content\/uploads\/sites\/3\/2020\/08\/7Segunda-desviacion-300x200.jpg 300w, \/es-es\/blogs\/montana\/wp-content\/uploads\/sites\/3\/2020\/08\/7Segunda-desviacion-768x512.jpg 768w\" sizes=\"auto, (max-width: 800px) 100vw, 800px\" \/><\/p>\n<p>&nbsp;<\/p>\n<p>Tras <strong>dejar atr\u00e1s una peque\u00f1a chabola, una campa y un par de cierres, que volveremos a dejar como estaban,<\/strong> nos har\u00e1n <strong>llegar a un antiguo camino \u201cburdibide\u201d<\/strong> o apto para carros, que seguiremos <strong>hacia la derecha<\/strong>.<\/p>\n<p>Unos 300 metros m\u00e1s adelante llegamos a una <strong>bifurcaci\u00f3n<\/strong>. <strong>Dejaremos<\/strong> <strong>el \u201cburdibide\u201d a nuestra izquierda<\/strong>, y comenzaremos a <strong>descender por un sendero bajo el encinar cant\u00e1brico<\/strong>.<\/p>\n<p>&nbsp;<\/p>\n<p><img loading=\"lazy\" decoding=\"async\" data-attachment-id=\"7039\" data-permalink=\"\/es-es\/blogs\/montana\/ruta-a-talaia-el-mirador-de-ogono\/9dejamos-el-burdibide-y-tomamosderecha\/\" data-orig-file=\"\/es-es\/blogs\/montana\/wp-content\/uploads\/sites\/3\/2020\/08\/9Dejamos-el-burdibide-y-tomamosderecha.jpg\" data-orig-size=\"800,533\" data-comments-opened=\"1\" data-image-meta=\"{&quot;aperture&quot;:&quot;0&quot;,&quot;credit&quot;:&quot;&quot;,&quot;camera&quot;:&quot;&quot;,&quot;caption&quot;:&quot;&quot;,&quot;created_timestamp&quot;:&quot;0&quot;,&quot;copyright&quot;:&quot;&quot;,&quot;focal_length&quot;:&quot;0&quot;,&quot;iso&quot;:&quot;0&quot;,&quot;shutter_speed&quot;:&quot;0&quot;,&quot;title&quot;:&quot;&quot;,&quot;orientation&quot;:&quot;0&quot;}\" data-image-title=\"9Dejamos-el-burdibide-y-tomamosderecha\" data-image-description=\"\" data-image-caption=\"\" data-medium-file=\"\/es-es\/blogs\/montana\/wp-content\/uploads\/sites\/3\/2020\/08\/9Dejamos-el-burdibide-y-tomamosderecha-300x200.jpg\" data-large-file=\"\/es-es\/blogs\/montana\/wp-content\/uploads\/sites\/3\/2020\/08\/9Dejamos-el-burdibide-y-tomamosderecha.jpg\" class=\"size-full wp-image-7039 aligncenter\" src=\"\/es-es\/blogs\/montana\/wp-content\/uploads\/sites\/3\/2020\/08\/9Dejamos-el-burdibide-y-tomamosderecha.jpg\" alt=\"Dejamos el burdibide y tomamos a la derecha\" width=\"800\" height=\"533\" srcset=\"\/es-es\/blogs\/montana\/wp-content\/uploads\/sites\/3\/2020\/08\/9Dejamos-el-burdibide-y-tomamosderecha.jpg 800w, \/es-es\/blogs\/montana\/wp-content\/uploads\/sites\/3\/2020\/08\/9Dejamos-el-burdibide-y-tomamosderecha-300x200.jpg 300w, \/es-es\/blogs\/montana\/wp-content\/uploads\/sites\/3\/2020\/08\/9Dejamos-el-burdibide-y-tomamosderecha-768x512.jpg 768w\" sizes=\"auto, (max-width: 800px) 100vw, 800px\" \/><\/p>\n<p>&nbsp;<\/p>\n<p>Actualmente, por el tiempo en que nadie ha circulado por la zona durante el confinamiento debido a la pandemia COVID-19, alguna zarza se asoma el sendero.<\/p>\n<p>Es el comienzo de un p<strong>ar de kil\u00f3metros de laberinto entre rocas, madro\u00f1os, encinas y otras especies<\/strong>, con cuyos troncos acabaremos haciendo amistad por su ayuda para circular, en <strong>tramos de ascenso y descenso<\/strong>, por el quebrado lapiaz de antiguas y erosionadas calizas.<\/p>\n<p>En ese tramo es preciso mantener despierta la <strong>atenci\u00f3n<\/strong> y aguzar la vista, porque algunas marcas que balizan el camino quedan poco visibles.<\/p>\n<p>&nbsp;<\/p>\n<p><img loading=\"lazy\" decoding=\"async\" data-attachment-id=\"7040\" data-permalink=\"\/es-es\/blogs\/montana\/ruta-a-talaia-el-mirador-de-ogono\/10-atencion-para-encontrar-algunas-de-las-marcas\/\" data-orig-file=\"\/es-es\/blogs\/montana\/wp-content\/uploads\/sites\/3\/2020\/08\/10-atencion-para-encontrar-algunas-de-las-marcas.jpg\" data-orig-size=\"800,533\" data-comments-opened=\"1\" data-image-meta=\"{&quot;aperture&quot;:&quot;0&quot;,&quot;credit&quot;:&quot;&quot;,&quot;camera&quot;:&quot;&quot;,&quot;caption&quot;:&quot;&quot;,&quot;created_timestamp&quot;:&quot;0&quot;,&quot;copyright&quot;:&quot;&quot;,&quot;focal_length&quot;:&quot;0&quot;,&quot;iso&quot;:&quot;0&quot;,&quot;shutter_speed&quot;:&quot;0&quot;,&quot;title&quot;:&quot;&quot;,&quot;orientation&quot;:&quot;0&quot;}\" data-image-title=\"10-atencion-para-encontrar-algunas-de-las-marcas\" data-image-description=\"\" data-image-caption=\"\" data-medium-file=\"\/es-es\/blogs\/montana\/wp-content\/uploads\/sites\/3\/2020\/08\/10-atencion-para-encontrar-algunas-de-las-marcas-300x200.jpg\" data-large-file=\"\/es-es\/blogs\/montana\/wp-content\/uploads\/sites\/3\/2020\/08\/10-atencion-para-encontrar-algunas-de-las-marcas.jpg\" class=\"size-full wp-image-7040 aligncenter\" src=\"\/es-es\/blogs\/montana\/wp-content\/uploads\/sites\/3\/2020\/08\/10-atencion-para-encontrar-algunas-de-las-marcas.jpg\" alt=\"atenci\u00f3n a las marcas de la ruta a Talaia\" width=\"800\" height=\"533\" srcset=\"\/es-es\/blogs\/montana\/wp-content\/uploads\/sites\/3\/2020\/08\/10-atencion-para-encontrar-algunas-de-las-marcas.jpg 800w, \/es-es\/blogs\/montana\/wp-content\/uploads\/sites\/3\/2020\/08\/10-atencion-para-encontrar-algunas-de-las-marcas-300x200.jpg 300w, \/es-es\/blogs\/montana\/wp-content\/uploads\/sites\/3\/2020\/08\/10-atencion-para-encontrar-algunas-de-las-marcas-768x512.jpg 768w\" sizes=\"auto, (max-width: 800px) 100vw, 800px\" \/><\/p>\n<p>&nbsp;<\/p>\n<p><strong>En caso de duda<\/strong>, vale m\u00e1s retornar <strong>sobre nuestros pasos hasta volver a encontrar las marcas rojas y blancas del GR<\/strong> cuyo tramo estamos siguiendo.<\/p>\n<p>Cuando lleguemos al <strong>tramo que serpentea cerca del borde del acantilado<\/strong>, a unos 90 &#8211; 100 metros en vertical sobre el agua, puede que un <strong>soplido<\/strong> nos sorprenda.<\/p>\n<p>&nbsp;<\/p>\n<p><img loading=\"lazy\" decoding=\"async\" data-attachment-id=\"7041\" data-permalink=\"\/es-es\/blogs\/montana\/ruta-a-talaia-el-mirador-de-ogono\/10en-sendero-tramo-paralelo-al-acantilado-y-mar\/\" data-orig-file=\"\/es-es\/blogs\/montana\/wp-content\/uploads\/sites\/3\/2020\/08\/10En-sendero-tramo-paralelo-al-acantilado-y-mar.jpg\" data-orig-size=\"800,533\" data-comments-opened=\"1\" data-image-meta=\"{&quot;aperture&quot;:&quot;0&quot;,&quot;credit&quot;:&quot;&quot;,&quot;camera&quot;:&quot;&quot;,&quot;caption&quot;:&quot;&quot;,&quot;created_timestamp&quot;:&quot;0&quot;,&quot;copyright&quot;:&quot;&quot;,&quot;focal_length&quot;:&quot;0&quot;,&quot;iso&quot;:&quot;0&quot;,&quot;shutter_speed&quot;:&quot;0&quot;,&quot;title&quot;:&quot;&quot;,&quot;orientation&quot;:&quot;0&quot;}\" data-image-title=\"10En-sendero-tramo-paralelo-al-acantilado-y&#8211;mar\" data-image-description=\"\" data-image-caption=\"\" data-medium-file=\"\/es-es\/blogs\/montana\/wp-content\/uploads\/sites\/3\/2020\/08\/10En-sendero-tramo-paralelo-al-acantilado-y-mar-300x200.jpg\" data-large-file=\"\/es-es\/blogs\/montana\/wp-content\/uploads\/sites\/3\/2020\/08\/10En-sendero-tramo-paralelo-al-acantilado-y-mar.jpg\" class=\"size-full wp-image-7041 aligncenter\" src=\"\/es-es\/blogs\/montana\/wp-content\/uploads\/sites\/3\/2020\/08\/10En-sendero-tramo-paralelo-al-acantilado-y-mar.jpg\" alt=\"sendero tramo paralelo al mar\" width=\"800\" height=\"533\" srcset=\"\/es-es\/blogs\/montana\/wp-content\/uploads\/sites\/3\/2020\/08\/10En-sendero-tramo-paralelo-al-acantilado-y-mar.jpg 800w, \/es-es\/blogs\/montana\/wp-content\/uploads\/sites\/3\/2020\/08\/10En-sendero-tramo-paralelo-al-acantilado-y-mar-300x200.jpg 300w, \/es-es\/blogs\/montana\/wp-content\/uploads\/sites\/3\/2020\/08\/10En-sendero-tramo-paralelo-al-acantilado-y-mar-768x512.jpg 768w\" sizes=\"auto, (max-width: 800px) 100vw, 800px\" \/><\/p>\n<p>&nbsp;<\/p>\n<p>Cuando la mar golpea con fuerza la base de este pe\u00f1\u00f3n desde el norte o noroeste, dos peque\u00f1as aberturas de apenas unas decenas de cent\u00edmetros conducen, en ocasiones, un salado aliento hasta nosotros y muestran su profundo origen.<\/p>\n<p>Quiz\u00e1s el soplido las delate, puesto que no es f\u00e1cil apreciarlas. Son muy discretas.<\/p>\n<p>A lo largo de esa parte del recorrido apreciaremos varios vertiginosos <strong>miradores sobre el Cant\u00e1brico,<\/strong> protegidos en algunos casos por r\u00fasticos cierres de ramas.<\/p>\n<p>Tras una parte con tramos llanos o peque\u00f1os ascensos y descensos, llegaremos al comienzo de una <strong>decidida cuesta arriba<\/strong>.<\/p>\n<p>&nbsp;<\/p>\n<p><img loading=\"lazy\" decoding=\"async\" data-attachment-id=\"7042\" data-permalink=\"\/es-es\/blogs\/montana\/ruta-a-talaia-el-mirador-de-ogono\/11en-las-zonas-de-subida-y-bajada-arboles\/\" data-orig-file=\"\/es-es\/blogs\/montana\/wp-content\/uploads\/sites\/3\/2020\/08\/11En-las-zonas-de-subida-y-bajada-arboles.jpg\" data-orig-size=\"800,600\" data-comments-opened=\"1\" data-image-meta=\"{&quot;aperture&quot;:&quot;0&quot;,&quot;credit&quot;:&quot;&quot;,&quot;camera&quot;:&quot;&quot;,&quot;caption&quot;:&quot;&quot;,&quot;created_timestamp&quot;:&quot;0&quot;,&quot;copyright&quot;:&quot;&quot;,&quot;focal_length&quot;:&quot;0&quot;,&quot;iso&quot;:&quot;0&quot;,&quot;shutter_speed&quot;:&quot;0&quot;,&quot;title&quot;:&quot;&quot;,&quot;orientation&quot;:&quot;0&quot;}\" data-image-title=\"11En-las-zonas-de-subida-y-bajada-arboles\" data-image-description=\"\" data-image-caption=\"\" data-medium-file=\"\/es-es\/blogs\/montana\/wp-content\/uploads\/sites\/3\/2020\/08\/11En-las-zonas-de-subida-y-bajada-arboles-300x225.jpg\" data-large-file=\"\/es-es\/blogs\/montana\/wp-content\/uploads\/sites\/3\/2020\/08\/11En-las-zonas-de-subida-y-bajada-arboles.jpg\" class=\"size-full wp-image-7042 aligncenter\" src=\"\/es-es\/blogs\/montana\/wp-content\/uploads\/sites\/3\/2020\/08\/11En-las-zonas-de-subida-y-bajada-arboles.jpg\" alt=\"en la ruta a Talaia hay tramos en los que necesitas agarrarte\" width=\"800\" height=\"600\" srcset=\"\/es-es\/blogs\/montana\/wp-content\/uploads\/sites\/3\/2020\/08\/11En-las-zonas-de-subida-y-bajada-arboles.jpg 800w, \/es-es\/blogs\/montana\/wp-content\/uploads\/sites\/3\/2020\/08\/11En-las-zonas-de-subida-y-bajada-arboles-300x225.jpg 300w, \/es-es\/blogs\/montana\/wp-content\/uploads\/sites\/3\/2020\/08\/11En-las-zonas-de-subida-y-bajada-arboles-768x576.jpg 768w\" sizes=\"auto, (max-width: 800px) 100vw, 800px\" \/><\/p>\n<p>&nbsp;<\/p>\n<p>En ocasiones, <strong>las manos buscar\u00e1n ayuda en rocas y troncos para ascender durante unos 400 metros<\/strong>, tras los que disfrutaremos de un llano, un par de puntos con buenas vistas y una <strong>bajada<\/strong> para encarar otros <strong>400 metros empinados<\/strong> que nos conducen al punto culminante del recorrido.<\/p>\n<p>Y vemos que la recompensa merece el esfuerzo que hemos hecho.<\/p>\n<p>&nbsp;<\/p>\n<p><img loading=\"lazy\" decoding=\"async\" data-attachment-id=\"7043\" data-permalink=\"\/es-es\/blogs\/montana\/ruta-a-talaia-el-mirador-de-ogono\/13llegamos-a-talaia-y-sus-preciosas-vistas\/\" data-orig-file=\"\/es-es\/blogs\/montana\/wp-content\/uploads\/sites\/3\/2020\/08\/13Llegamos-a-Talaia-y-sus-preciosas-vistas.jpg\" data-orig-size=\"800,533\" data-comments-opened=\"1\" data-image-meta=\"{&quot;aperture&quot;:&quot;0&quot;,&quot;credit&quot;:&quot;&quot;,&quot;camera&quot;:&quot;&quot;,&quot;caption&quot;:&quot;&quot;,&quot;created_timestamp&quot;:&quot;0&quot;,&quot;copyright&quot;:&quot;&quot;,&quot;focal_length&quot;:&quot;0&quot;,&quot;iso&quot;:&quot;0&quot;,&quot;shutter_speed&quot;:&quot;0&quot;,&quot;title&quot;:&quot;&quot;,&quot;orientation&quot;:&quot;0&quot;}\" data-image-title=\"13Llegamos-a-Talaia-y-sus-preciosas-vistas\" data-image-description=\"\" data-image-caption=\"\" data-medium-file=\"\/es-es\/blogs\/montana\/wp-content\/uploads\/sites\/3\/2020\/08\/13Llegamos-a-Talaia-y-sus-preciosas-vistas-300x200.jpg\" data-large-file=\"\/es-es\/blogs\/montana\/wp-content\/uploads\/sites\/3\/2020\/08\/13Llegamos-a-Talaia-y-sus-preciosas-vistas.jpg\" class=\"size-full wp-image-7043 aligncenter\" src=\"\/es-es\/blogs\/montana\/wp-content\/uploads\/sites\/3\/2020\/08\/13Llegamos-a-Talaia-y-sus-preciosas-vistas.jpg\" alt=\"Llegamos al mirador\" width=\"800\" height=\"533\" srcset=\"\/es-es\/blogs\/montana\/wp-content\/uploads\/sites\/3\/2020\/08\/13Llegamos-a-Talaia-y-sus-preciosas-vistas.jpg 800w, \/es-es\/blogs\/montana\/wp-content\/uploads\/sites\/3\/2020\/08\/13Llegamos-a-Talaia-y-sus-preciosas-vistas-300x200.jpg 300w, \/es-es\/blogs\/montana\/wp-content\/uploads\/sites\/3\/2020\/08\/13Llegamos-a-Talaia-y-sus-preciosas-vistas-768x512.jpg 768w\" sizes=\"auto, (max-width: 800px) 100vw, 800px\" \/><\/p>\n<p>&nbsp;<\/p>\n<p>El <strong>espectacular mirador de Ogo\u00f1o<\/strong>, llamado <strong>Talaia<\/strong>, a 276 metros sobre el mar y al que llegan algunas v\u00edas de escalada, pondr\u00e1 al alcance de nuestra vista, casi en picado, la playa de Laga, la isla de Izaro y la costa desde Mundaka y Bermeo hasta el cabo de Matxitxako.<\/p>\n<h2><strong>Ruta a Talaia: descenso<\/strong><\/h2>\n<p>Pero no debemos relajarnos. Queda por delante un c<strong>orto descenso por calizas alisadas<\/strong> de tanto paso humano y, despu\u00e9s s\u00ed: se abrir\u00e1 ante nosotros un <strong>refrescante y umbr\u00edo camino<\/strong> bajo eucaliptos, pinos y vegetaci\u00f3n arbustiva.<\/p>\n<p><strong>Avanzando por \u00e9l se nos ofrecer\u00e1, a mano izquierda<\/strong>, la opci\u00f3n de ascender a la cima del monte Atxurkulu, tambi\u00e9n llamado Ogo\u00f1o, de 305 metros de altitud, que dejamos para otra ocasi\u00f3n.<\/p>\n<p>&nbsp;<\/p>\n<p><img loading=\"lazy\" decoding=\"async\" data-attachment-id=\"7045\" data-permalink=\"\/es-es\/blogs\/montana\/ruta-a-talaia-el-mirador-de-ogono\/16_cruce-de-ogono-atxurkulu\/\" data-orig-file=\"\/es-es\/blogs\/montana\/wp-content\/uploads\/sites\/3\/2020\/08\/16_Cruce-de-Ogono-Atxurkulu.jpg\" data-orig-size=\"800,533\" data-comments-opened=\"1\" data-image-meta=\"{&quot;aperture&quot;:&quot;0&quot;,&quot;credit&quot;:&quot;&quot;,&quot;camera&quot;:&quot;&quot;,&quot;caption&quot;:&quot;&quot;,&quot;created_timestamp&quot;:&quot;0&quot;,&quot;copyright&quot;:&quot;&quot;,&quot;focal_length&quot;:&quot;0&quot;,&quot;iso&quot;:&quot;0&quot;,&quot;shutter_speed&quot;:&quot;0&quot;,&quot;title&quot;:&quot;&quot;,&quot;orientation&quot;:&quot;0&quot;}\" data-image-title=\"16_Cruce-de-Ogono-Atxurkulu\" data-image-description=\"\" data-image-caption=\"\" data-medium-file=\"\/es-es\/blogs\/montana\/wp-content\/uploads\/sites\/3\/2020\/08\/16_Cruce-de-Ogono-Atxurkulu-300x200.jpg\" data-large-file=\"\/es-es\/blogs\/montana\/wp-content\/uploads\/sites\/3\/2020\/08\/16_Cruce-de-Ogono-Atxurkulu.jpg\" class=\"alignnone wp-image-7045 size-full\" src=\"\/es-es\/blogs\/montana\/wp-content\/uploads\/sites\/3\/2020\/08\/16_Cruce-de-Ogono-Atxurkulu.jpg\" alt=\"Cruce de Ogo\u00f1o - Atxurkulu\" width=\"800\" height=\"533\" srcset=\"\/es-es\/blogs\/montana\/wp-content\/uploads\/sites\/3\/2020\/08\/16_Cruce-de-Ogono-Atxurkulu.jpg 800w, \/es-es\/blogs\/montana\/wp-content\/uploads\/sites\/3\/2020\/08\/16_Cruce-de-Ogono-Atxurkulu-300x200.jpg 300w, \/es-es\/blogs\/montana\/wp-content\/uploads\/sites\/3\/2020\/08\/16_Cruce-de-Ogono-Atxurkulu-768x512.jpg 768w\" sizes=\"auto, (max-width: 800px) 100vw, 800px\" \/><\/p>\n<p><img loading=\"lazy\" decoding=\"async\" data-attachment-id=\"7044\" data-permalink=\"\/es-es\/blogs\/montana\/ruta-a-talaia-el-mirador-de-ogono\/15_dsc00479\/\" data-orig-file=\"\/es-es\/blogs\/montana\/wp-content\/uploads\/sites\/3\/2020\/08\/15_DSC00479.jpg\" data-orig-size=\"800,533\" data-comments-opened=\"1\" data-image-meta=\"{&quot;aperture&quot;:&quot;0&quot;,&quot;credit&quot;:&quot;&quot;,&quot;camera&quot;:&quot;&quot;,&quot;caption&quot;:&quot;&quot;,&quot;created_timestamp&quot;:&quot;0&quot;,&quot;copyright&quot;:&quot;&quot;,&quot;focal_length&quot;:&quot;0&quot;,&quot;iso&quot;:&quot;0&quot;,&quot;shutter_speed&quot;:&quot;0&quot;,&quot;title&quot;:&quot;&quot;,&quot;orientation&quot;:&quot;0&quot;}\" data-image-title=\"15_DSC00479\" data-image-description=\"\" data-image-caption=\"\" data-medium-file=\"\/es-es\/blogs\/montana\/wp-content\/uploads\/sites\/3\/2020\/08\/15_DSC00479-300x200.jpg\" data-large-file=\"\/es-es\/blogs\/montana\/wp-content\/uploads\/sites\/3\/2020\/08\/15_DSC00479.jpg\" class=\"alignnone wp-image-7044 size-full\" src=\"\/es-es\/blogs\/montana\/wp-content\/uploads\/sites\/3\/2020\/08\/15_DSC00479.jpg\" alt=\"Hacia Ogo\u00f1o\" width=\"800\" height=\"533\" srcset=\"\/es-es\/blogs\/montana\/wp-content\/uploads\/sites\/3\/2020\/08\/15_DSC00479.jpg 800w, \/es-es\/blogs\/montana\/wp-content\/uploads\/sites\/3\/2020\/08\/15_DSC00479-300x200.jpg 300w, \/es-es\/blogs\/montana\/wp-content\/uploads\/sites\/3\/2020\/08\/15_DSC00479-768x512.jpg 768w\" sizes=\"auto, (max-width: 800px) 100vw, 800px\" \/><\/p>\n<p>Y <strong>llegaremos a la zona llana y collado de Leunbe, en el que tomaremos el primer camino a mano izquierda<\/strong>, bien se\u00f1alado.<\/p>\n<p>Cerca est\u00e1n los <strong>restos de un antiguo horno de reducci\u00f3n de hierro<\/strong>, posteriormente utilizado como calero, pero actualmente se encuentran casi totalmente cubiertos de maleza.<\/p>\n<p>Pasamos <strong>junto a una mesa en la sombra y, tomando a la izquierda<\/strong>, pronto llegaremos a unas <strong>casas<\/strong> con una <strong>preciosa vista de la costa.<\/strong><\/p>\n<p>&nbsp;<\/p>\n<p><img loading=\"lazy\" decoding=\"async\" data-attachment-id=\"7046\" data-permalink=\"\/es-es\/blogs\/montana\/ruta-a-talaia-el-mirador-de-ogono\/17volvemos-a-la-vertiente-este-del-penon\/\" data-orig-file=\"\/es-es\/blogs\/montana\/wp-content\/uploads\/sites\/3\/2020\/08\/17Volvemos-a-la-vertiente-Este-del-penon.jpg\" data-orig-size=\"800,533\" data-comments-opened=\"1\" data-image-meta=\"{&quot;aperture&quot;:&quot;0&quot;,&quot;credit&quot;:&quot;&quot;,&quot;camera&quot;:&quot;&quot;,&quot;caption&quot;:&quot;&quot;,&quot;created_timestamp&quot;:&quot;0&quot;,&quot;copyright&quot;:&quot;&quot;,&quot;focal_length&quot;:&quot;0&quot;,&quot;iso&quot;:&quot;0&quot;,&quot;shutter_speed&quot;:&quot;0&quot;,&quot;title&quot;:&quot;&quot;,&quot;orientation&quot;:&quot;0&quot;}\" data-image-title=\"17Volvemos-a-la-vertiente-Este-del-penon\" data-image-description=\"\" data-image-caption=\"\" data-medium-file=\"\/es-es\/blogs\/montana\/wp-content\/uploads\/sites\/3\/2020\/08\/17Volvemos-a-la-vertiente-Este-del-penon-300x200.jpg\" data-large-file=\"\/es-es\/blogs\/montana\/wp-content\/uploads\/sites\/3\/2020\/08\/17Volvemos-a-la-vertiente-Este-del-penon.jpg\" class=\"size-full wp-image-7046 aligncenter\" src=\"\/es-es\/blogs\/montana\/wp-content\/uploads\/sites\/3\/2020\/08\/17Volvemos-a-la-vertiente-Este-del-penon.jpg\" alt=\"camino de vuelta de la ruta a Talaia\" width=\"800\" height=\"533\" srcset=\"\/es-es\/blogs\/montana\/wp-content\/uploads\/sites\/3\/2020\/08\/17Volvemos-a-la-vertiente-Este-del-penon.jpg 800w, \/es-es\/blogs\/montana\/wp-content\/uploads\/sites\/3\/2020\/08\/17Volvemos-a-la-vertiente-Este-del-penon-300x200.jpg 300w, \/es-es\/blogs\/montana\/wp-content\/uploads\/sites\/3\/2020\/08\/17Volvemos-a-la-vertiente-Este-del-penon-768x512.jpg 768w\" sizes=\"auto, (max-width: 800px) 100vw, 800px\" \/><\/p>\n<p>&nbsp;<\/p>\n<p>El <strong>camino desemboca en una carretera estrecha y bien asfaltada junto a una<\/strong> h\u00edpica y, m\u00e1s abajo, tambi\u00e9n veremos una <strong>casa rural<\/strong>.<\/p>\n<p>En fuerte pendiente, llegaremos <strong>hasta el cementerio de Elantxobe<\/strong>, frente al que veremos una <strong>fuente y unos bancos<\/strong>.<\/p>\n<p>&nbsp;<\/p>\n<p><img loading=\"lazy\" decoding=\"async\" data-attachment-id=\"7047\" data-permalink=\"\/es-es\/blogs\/montana\/ruta-a-talaia-el-mirador-de-ogono\/17vuelta-inicio-de-nagusia-kalea\/\" data-orig-file=\"\/es-es\/blogs\/montana\/wp-content\/uploads\/sites\/3\/2020\/08\/17vuelta-inicio-de-Nagusia-kalea.jpg\" data-orig-size=\"800,533\" data-comments-opened=\"1\" data-image-meta=\"{&quot;aperture&quot;:&quot;0&quot;,&quot;credit&quot;:&quot;&quot;,&quot;camera&quot;:&quot;&quot;,&quot;caption&quot;:&quot;&quot;,&quot;created_timestamp&quot;:&quot;0&quot;,&quot;copyright&quot;:&quot;&quot;,&quot;focal_length&quot;:&quot;0&quot;,&quot;iso&quot;:&quot;0&quot;,&quot;shutter_speed&quot;:&quot;0&quot;,&quot;title&quot;:&quot;&quot;,&quot;orientation&quot;:&quot;0&quot;}\" data-image-title=\"17vuelta&#8211;inicio-de-Nagusia-kalea\" data-image-description=\"\" data-image-caption=\"\" data-medium-file=\"\/es-es\/blogs\/montana\/wp-content\/uploads\/sites\/3\/2020\/08\/17vuelta-inicio-de-Nagusia-kalea-300x200.jpg\" data-large-file=\"\/es-es\/blogs\/montana\/wp-content\/uploads\/sites\/3\/2020\/08\/17vuelta-inicio-de-Nagusia-kalea.jpg\" class=\"size-full wp-image-7047 aligncenter\" src=\"\/es-es\/blogs\/montana\/wp-content\/uploads\/sites\/3\/2020\/08\/17vuelta-inicio-de-Nagusia-kalea.jpg\" alt=\"Tomar la bajada a Nagusia kalea\" width=\"800\" height=\"533\" srcset=\"\/es-es\/blogs\/montana\/wp-content\/uploads\/sites\/3\/2020\/08\/17vuelta-inicio-de-Nagusia-kalea.jpg 800w, \/es-es\/blogs\/montana\/wp-content\/uploads\/sites\/3\/2020\/08\/17vuelta-inicio-de-Nagusia-kalea-300x200.jpg 300w, \/es-es\/blogs\/montana\/wp-content\/uploads\/sites\/3\/2020\/08\/17vuelta-inicio-de-Nagusia-kalea-768x512.jpg 768w\" sizes=\"auto, (max-width: 800px) 100vw, 800px\" \/><\/p>\n<p>&nbsp;<\/p>\n<p><strong>Desde esa explanada tomaremos a la izquierda, en direcci\u00f3n a la mar<\/strong>, por el empinado <strong>descenso de la Kale Nagusia<\/strong>, que nos llevar\u00e1 de nuevo a la parada giratoria del autob\u00fas y a su mirador.<\/p>\n<p>Fin de un recorrido corto, pero intenso el de nuestra ruta Talaia, el mirador de Ogo\u00f1o. Con vistas espectaculares y numerosos puntos de inter\u00e9s.<\/p>\n<p>&nbsp;<\/p>\n<p><img loading=\"lazy\" decoding=\"async\" data-attachment-id=\"7051\" data-permalink=\"\/es-es\/blogs\/montana\/ruta-a-talaia-el-mirador-de-ogono\/track\/\" data-orig-file=\"\/es-es\/blogs\/montana\/wp-content\/uploads\/sites\/3\/2020\/08\/track.jpg\" data-orig-size=\"800,450\" data-comments-opened=\"1\" data-image-meta=\"{&quot;aperture&quot;:&quot;0&quot;,&quot;credit&quot;:&quot;&quot;,&quot;camera&quot;:&quot;&quot;,&quot;caption&quot;:&quot;&quot;,&quot;created_timestamp&quot;:&quot;0&quot;,&quot;copyright&quot;:&quot;&quot;,&quot;focal_length&quot;:&quot;0&quot;,&quot;iso&quot;:&quot;0&quot;,&quot;shutter_speed&quot;:&quot;0&quot;,&quot;title&quot;:&quot;&quot;,&quot;orientation&quot;:&quot;0&quot;}\" data-image-title=\"track\" data-image-description=\"\" data-image-caption=\"\" data-medium-file=\"\/es-es\/blogs\/montana\/wp-content\/uploads\/sites\/3\/2020\/08\/track-300x169.jpg\" data-large-file=\"\/es-es\/blogs\/montana\/wp-content\/uploads\/sites\/3\/2020\/08\/track.jpg\" class=\"wp-image-7051 size-full\" src=\"\/es-es\/blogs\/montana\/wp-content\/uploads\/sites\/3\/2020\/08\/track.jpg\" alt=\"Ruta a Talaia\" width=\"800\" height=\"450\" srcset=\"\/es-es\/blogs\/montana\/wp-content\/uploads\/sites\/3\/2020\/08\/track.jpg 800w, \/es-es\/blogs\/montana\/wp-content\/uploads\/sites\/3\/2020\/08\/track-300x169.jpg 300w, \/es-es\/blogs\/montana\/wp-content\/uploads\/sites\/3\/2020\/08\/track-768x432.jpg 768w\" sizes=\"auto, (max-width: 800px) 100vw, 800px\" \/><\/p>\n<p>&nbsp;<\/p>\n<p>\u00bfTe has quedado con ganas de m\u00e1s rutas?<\/p>\n<ul>\n<li><a href=\"\/es-es\/blogs\/montana\/hasta-la-cima-del-monte-atxarre\/\" target=\"_blank\" rel=\"noopener\">HASTA LA CIMA DEL MONTE ATXARRE<\/a><\/li>\n<\/ul>\n<p>&nbsp;<\/p>\n<p><em>Por&nbsp;<\/em><strong><em>Kepa Lizarraga<\/em><\/strong><em>, especialista en Medicina del Deporte y&nbsp;colaborador de Forum Sport<\/em><\/p>\n<p>&nbsp;<\/p>\n<p>&nbsp;<\/p>\n<p>&nbsp;<\/p>\n","protected":false},"excerpt":{"rendered":"<p>Un ap\u00e9ndice de la Reserva de la Biosfera de Urdaibai que no pasa desapercibido es el pe\u00f1\u00f3n de Ogo\u00f1o. Hunde sus profundas ra\u00edces en las aguas del Cant\u00e1brico y defiende la pintoresca localidad de Elantxobe de parte de los embates que este mar le prodiga, llegando sus olas a superar la altura de algunos tejados. [&#8230;]<\/p>\n<p><a class=\"btn btn-secondary understrap-read-more-link\" href=\"\/es-es\/blogs\/montana\/ruta-a-talaia-el-mirador-de-ogono\/\">Conocer m\u00e1s<\/a><\/p>\n","protected":false},"author":599,"featured_media":7053,"comment_status":"open","ping_status":"open","sticky":false,"template":"","format":"standard","meta":{"_seopress_robots_primary_cat":"7","ngg_post_thumbnail":0,"jetpack_post_was_ever_published":false,"_jetpack_newsletter_access":"","_jetpack_dont_email_post_to_subs":false,"_jetpack_newsletter_tier_id":0,"_jetpack_memberships_contains_paywalled_content":false,"_jetpack_memberships_contains_paid_content":false,"footnotes":"","jetpack_publicize_message":"","jetpack_publicize_feature_enabled":true,"jetpack_social_post_already_shared":true,"jetpack_social_options":{"image_generator_settings":{"template":"highway","enabled":false},"version":2}},"categories":[7],"tags":[],"class_list":{"0":"post-7027","1":"post","2":"type-post","3":"status-publish","4":"format-standard","5":"has-post-thumbnail","7":"category-rutas"},"jetpack_publicize_connections":[],"acf":[],"jetpack_sharing_enabled":true,"jetpack_featured_media_url":"\/es-es\/blogs\/montana\/wp-content\/uploads\/sites\/3\/2020\/08\/blogmontana_portada.jpg","jetpack_shortlink":"https:\/\/wp.me\/p8n7Aj-1Pl","jetpack-related-posts":[],"_links":{"self":[{"href":"\/es-es\/blogs\/montana\/wp-json\/wp\/v2\/posts\/7027","targetHints":{"allow":["GET"]}}],"collection":[{"href":"\/es-es\/blogs\/montana\/wp-json\/wp\/v2\/posts"}],"about":[{"href":"\/es-es\/blogs\/montana\/wp-json\/wp\/v2\/types\/post"}],"author":[{"embeddable":true,"href":"\/es-es\/blogs\/montana\/wp-json\/wp\/v2\/users\/599"}],"replies":[{"embeddable":true,"href":"\/es-es\/blogs\/montana\/wp-json\/wp\/v2\/comments?post=7027"}],"version-history":[{"count":12,"href":"\/es-es\/blogs\/montana\/wp-json\/wp\/v2\/posts\/7027\/revisions"}],"predecessor-version":[{"id":14823,"href":"\/es-es\/blogs\/montana\/wp-json\/wp\/v2\/posts\/7027\/revisions\/14823"}],"wp:featuredmedia":[{"embeddable":true,"href":"\/es-es\/blogs\/montana\/wp-json\/wp\/v2\/media\/7053"}],"wp:attachment":[{"href":"\/es-es\/blogs\/montana\/wp-json\/wp\/v2\/media?parent=7027"}],"wp:term":[{"taxonomy":"category","embeddable":true,"href":"\/es-es\/blogs\/montana\/wp-json\/wp\/v2\/categories?post=7027"},{"taxonomy":"post_tag","embeddable":true,"href":"\/es-es\/blogs\/montana\/wp-json\/wp\/v2\/tags?post=7027"}],"curies":[{"name":"wp","href":"https:\/\/api.w.org\/{rel}","templated":true}]}}