{"id":7121,"date":"2020-09-16T15:27:19","date_gmt":"2020-09-16T15:27:19","guid":{"rendered":"\/es-es\/blogs\/montana\/?p=7121"},"modified":"2020-09-16T15:27:19","modified_gmt":"2020-09-16T15:27:19","slug":"bosques-en-otono-no-te-puedes-perder","status":"publish","type":"post","link":"\/es-es\/blogs\/montana\/bosques-en-otono-no-te-puedes-perder\/","title":{"rendered":"Bosques en oto\u00f1o: \u00a1tres maravillas que no te puedes perder!"},"content":{"rendered":"<p>Disfrutar de los bosques en oto\u00f1o es una gozada para todos los amantes de la naturaleza. Recorrer estos 3 bosques durante esta estaci\u00f3n ser\u00e1 una experiencia a\u00fan m\u00e1s especial para tus 5 sentidos: \u00bfTe animas?<\/p>\n<p><!--more--><\/p>\n<p>La llegada del oto\u00f1o trae consigo un aut\u00e9ntico espect\u00e1culo, durante las pr\u00f3ximas semanas el verde se tornar\u00e1 en amarillo, naranja y casta\u00f1o, antes de que las hojas de los hayedos y robledales caigan finalmente al suelo.<\/p>\n<p>Cambia la flora, setas de todo tipo aparecen en diferentes y ocultos rincones&#8230; los bosques en oto\u00f1o adquieren incluso un olor diferente. Afortunadamente, tenemos numerosos espacios de los que disfrutar de este espect\u00e1culo. \u00bfQuieres conocerlos? <strong>Te proponemos 3 bosques para admirar los colores del oto\u00f1o<\/strong>.<\/p>\n<p><img loading=\"lazy\" decoding=\"async\" data-attachment-id=\"7135\" data-permalink=\"\/es-es\/blogs\/montana\/bosques-en-otono-no-te-puedes-perder\/1sierra_de_cazorla_jaen\/\" data-orig-file=\"\/es-es\/blogs\/montana\/wp-content\/uploads\/sites\/3\/2020\/09\/1Sierra_de_Cazorla_Jaen.jpg\" data-orig-size=\"800,450\" data-comments-opened=\"1\" data-image-meta=\"{&quot;aperture&quot;:&quot;0&quot;,&quot;credit&quot;:&quot;&quot;,&quot;camera&quot;:&quot;&quot;,&quot;caption&quot;:&quot;&quot;,&quot;created_timestamp&quot;:&quot;0&quot;,&quot;copyright&quot;:&quot;&quot;,&quot;focal_length&quot;:&quot;0&quot;,&quot;iso&quot;:&quot;0&quot;,&quot;shutter_speed&quot;:&quot;0&quot;,&quot;title&quot;:&quot;&quot;,&quot;orientation&quot;:&quot;0&quot;}\" data-image-title=\"1Sierra_de_Cazorla_Jaen\" data-image-description=\"\" data-image-caption=\"\" data-medium-file=\"\/es-es\/blogs\/montana\/wp-content\/uploads\/sites\/3\/2020\/09\/1Sierra_de_Cazorla_Jaen-300x169.jpg\" data-large-file=\"\/es-es\/blogs\/montana\/wp-content\/uploads\/sites\/3\/2020\/09\/1Sierra_de_Cazorla_Jaen.jpg\" class=\"size-full wp-image-7135 aligncenter\" src=\"\/es-es\/blogs\/montana\/wp-content\/uploads\/sites\/3\/2020\/09\/1Sierra_de_Cazorla_Jaen.jpg\" alt=\"Sierra de Cazorla\" width=\"800\" height=\"450\" srcset=\"\/es-es\/blogs\/montana\/wp-content\/uploads\/sites\/3\/2020\/09\/1Sierra_de_Cazorla_Jaen.jpg 800w, \/es-es\/blogs\/montana\/wp-content\/uploads\/sites\/3\/2020\/09\/1Sierra_de_Cazorla_Jaen-300x169.jpg 300w, \/es-es\/blogs\/montana\/wp-content\/uploads\/sites\/3\/2020\/09\/1Sierra_de_Cazorla_Jaen-768x432.jpg 768w\" sizes=\"auto, (max-width: 800px) 100vw, 800px\" \/><\/p>\n<p style=\"text-align: center;\">Foto: Sierra de Cazorla. Turismo de Andaluc\u00eda<\/p>\n<h2><strong>1. Visita el \u00e1rbol m\u00e1s antiguo de Espa\u00f1a<\/strong><\/h2>\n<p>La <strong>sierra de Cazorla<\/strong> (Ja\u00e9n, Andaluc\u00eda) contiene <strong>tejos milenarios<\/strong>, entre los cuales se encuentra <strong>el m\u00e1s antiguo de Europa<\/strong> \u00a1con cerca de 2.000 a\u00f1os!<\/p>\n<p>Te presentamos dos rutas en la que conocer <strong>los \u00e1rboles m\u00e1s viejos de Espa\u00f1a y de Europa<\/strong>. Adem\u00e1s de descubrir nuestro anciano tejo, tambi\u00e9n podremos admirar un portentoso y muy antiguo \u201cpino de la entrega\u201d. Tambi\u00e9n tendremos la oportunidad de contemplar el <strong>nacimiento del r\u00edo Guadalquivir<\/strong> (w\u00e1d al-keb\u00edr, r\u00edo grande en \u00e1rabe), que es el m\u00e1s importante de Andaluc\u00eda.<\/p>\n<p><img loading=\"lazy\" decoding=\"async\" data-attachment-id=\"7125\" data-permalink=\"\/es-es\/blogs\/montana\/bosques-en-otono-no-te-puedes-perder\/tejosierra_de_cazorla_jaen\/\" data-orig-file=\"\/es-es\/blogs\/montana\/wp-content\/uploads\/sites\/3\/2020\/09\/TejoSierra_de_Cazorla_Jaen.jpg\" data-orig-size=\"800,450\" data-comments-opened=\"1\" data-image-meta=\"{&quot;aperture&quot;:&quot;0&quot;,&quot;credit&quot;:&quot;&quot;,&quot;camera&quot;:&quot;&quot;,&quot;caption&quot;:&quot;&quot;,&quot;created_timestamp&quot;:&quot;0&quot;,&quot;copyright&quot;:&quot;&quot;,&quot;focal_length&quot;:&quot;0&quot;,&quot;iso&quot;:&quot;0&quot;,&quot;shutter_speed&quot;:&quot;0&quot;,&quot;title&quot;:&quot;&quot;,&quot;orientation&quot;:&quot;0&quot;}\" data-image-title=\"TejoSierra_de_Cazorla_Jaen\" data-image-description=\"\" data-image-caption=\"\" data-medium-file=\"\/es-es\/blogs\/montana\/wp-content\/uploads\/sites\/3\/2020\/09\/TejoSierra_de_Cazorla_Jaen-300x169.jpg\" data-large-file=\"\/es-es\/blogs\/montana\/wp-content\/uploads\/sites\/3\/2020\/09\/TejoSierra_de_Cazorla_Jaen.jpg\" class=\"size-full wp-image-7125 aligncenter\" src=\"\/es-es\/blogs\/montana\/wp-content\/uploads\/sites\/3\/2020\/09\/TejoSierra_de_Cazorla_Jaen.jpg\" alt=\"1. Visita el \u00e1rbol m\u00e1s antiguo de Espa\u00f1a\" width=\"800\" height=\"450\" srcset=\"\/es-es\/blogs\/montana\/wp-content\/uploads\/sites\/3\/2020\/09\/TejoSierra_de_Cazorla_Jaen.jpg 800w, \/es-es\/blogs\/montana\/wp-content\/uploads\/sites\/3\/2020\/09\/TejoSierra_de_Cazorla_Jaen-300x169.jpg 300w, \/es-es\/blogs\/montana\/wp-content\/uploads\/sites\/3\/2020\/09\/TejoSierra_de_Cazorla_Jaen-768x432.jpg 768w\" sizes=\"auto, (max-width: 800px) 100vw, 800px\" \/><\/p>\n<p style=\"text-align: center;\">Foto: Tejo milenario en la Sierra de Cazorla. Turismo de Andaluc\u00eda<\/p>\n<p>Partiremos del nacimiento del r\u00edo Guadalquivir (accesible en coche), para despu\u00e9s dirigirnos hacia el sur por senderos indicados. En cualquier caso, proponemos <strong>2 opciones<\/strong> (ver track un poco m\u00e1s abajo): una ruta sencilla apta para toda la familia, y otra m\u00e1s exigente con distancia y desnivel pronunciados.<\/p>\n<ul>\n<li><strong>+INFO<\/strong> sobre el <strong>Valle<\/strong> <strong>de los Tejos Milenarios <\/strong><a href=\"https:\/\/www.andalucia.org\/es\/el-valle-de-los-tejos-milenarios\/\" target=\"_blank\" rel=\"noopener\">siguiendo este enlace.<\/a><\/li>\n<li><strong>Sendero de los Tejos Milenarios\u00a0<\/strong><strong>y Pino de la Entrega:\u00a0<\/strong><strong>Punto de partida<\/strong>: <a href=\"https:\/\/goo.gl\/maps\/ANV1jS3DFu23RTpG6\" target=\"_blank\" rel=\"noopener\">Nacimiento del r\u00edo Guadalquivir<\/a><\/li>\n<\/ul>\n<h3><strong>OPCI\u00d3N A: para toda la familia<\/strong><\/h3>\n<ul>\n<li><strong>Distancia<\/strong>: 9Km<\/li>\n<li><strong>Desnivel<\/strong>: 670md+<\/li>\n<li><strong>Track<\/strong>: <a href=\"https:\/\/es.wikiloc.com\/rutas-senderismo\/tejos-milenarios-aguilon-del-loco-y-pino-de-la-entrega-4677272\" target=\"_blank\" rel=\"noopener\">Wikiloc<\/a><\/li>\n<\/ul>\n<p>&nbsp;<\/p>\n<h3><strong>OPCI\u00d3N B: para darse una peque\u00f1a paliza<\/strong><\/h3>\n<ul>\n<li><strong>Distancia<\/strong>: 24 Km<\/li>\n<li><strong>Desnivel<\/strong>: 1550md+<\/li>\n<li><strong>Track<\/strong>: <a href=\"https:\/\/www.alltrails.com\/es\/explore\/recording\/ruta-80-cz-sendero-de-los-tejos-cerro-villalta-los-callejones-y-pino-de-la-entrega\" target=\"_blank\" rel=\"noopener\">Alltrails<\/a><\/li>\n<\/ul>\n<p><img loading=\"lazy\" decoding=\"async\" data-attachment-id=\"7126\" data-permalink=\"\/es-es\/blogs\/montana\/bosques-en-otono-no-te-puedes-perder\/nacimiento_guadalquivirsierradecazorla\/\" data-orig-file=\"\/es-es\/blogs\/montana\/wp-content\/uploads\/sites\/3\/2020\/09\/Nacimiento_GuadalquivirSierradeCazorla.jpg\" data-orig-size=\"800,450\" data-comments-opened=\"1\" data-image-meta=\"{&quot;aperture&quot;:&quot;0&quot;,&quot;credit&quot;:&quot;&quot;,&quot;camera&quot;:&quot;&quot;,&quot;caption&quot;:&quot;&quot;,&quot;created_timestamp&quot;:&quot;0&quot;,&quot;copyright&quot;:&quot;&quot;,&quot;focal_length&quot;:&quot;0&quot;,&quot;iso&quot;:&quot;0&quot;,&quot;shutter_speed&quot;:&quot;0&quot;,&quot;title&quot;:&quot;&quot;,&quot;orientation&quot;:&quot;0&quot;}\" data-image-title=\"Nacimiento_GuadalquivirSierradeCazorla\" data-image-description=\"\" data-image-caption=\"\" data-medium-file=\"\/es-es\/blogs\/montana\/wp-content\/uploads\/sites\/3\/2020\/09\/Nacimiento_GuadalquivirSierradeCazorla-300x169.jpg\" data-large-file=\"\/es-es\/blogs\/montana\/wp-content\/uploads\/sites\/3\/2020\/09\/Nacimiento_GuadalquivirSierradeCazorla.jpg\" class=\"size-full wp-image-7126 aligncenter\" src=\"\/es-es\/blogs\/montana\/wp-content\/uploads\/sites\/3\/2020\/09\/Nacimiento_GuadalquivirSierradeCazorla.jpg\" alt=\"3 bosques para admirar los colores del oto\u00f1o: Nacimiento del r\u00edo Guadalquivir\" width=\"800\" height=\"450\" srcset=\"\/es-es\/blogs\/montana\/wp-content\/uploads\/sites\/3\/2020\/09\/Nacimiento_GuadalquivirSierradeCazorla.jpg 800w, \/es-es\/blogs\/montana\/wp-content\/uploads\/sites\/3\/2020\/09\/Nacimiento_GuadalquivirSierradeCazorla-300x169.jpg 300w, \/es-es\/blogs\/montana\/wp-content\/uploads\/sites\/3\/2020\/09\/Nacimiento_GuadalquivirSierradeCazorla-768x432.jpg 768w\" sizes=\"auto, (max-width: 800px) 100vw, 800px\" \/><\/p>\n<p style=\"text-align: center;\">Foto: Nacimiento del r\u00edo Guadalquivir. Turismo Andaluc\u00eda<\/p>\n<h2><strong>2. Bosques en Oto\u00f1o: el Gran hayedo de Bertiz<\/strong><\/h2>\n<p>El gran hayedo de Bertiz es <strong>el primer Parque Natural declarado en Navarra<\/strong>. Con m\u00e1s de 2052 HA, se trata de <strong>un gran hayedo de excepcional belleza<\/strong>. H\u00e1bitat de multitud de especies como p\u00e1jaros, ardillas, zorros\u2026 Un rinc\u00f3n de gran frondosidad <strong>a orillas del r\u00edo Bidasoa<\/strong> (Bide-Itsasoa, camino al mar).<\/p>\n<p>Se ubica en el t\u00e9rmino municipal de Oieregi, muy pr\u00f3ximo a los simp\u00e1ticos pueblos de <strong>Elizondo, Doneztebe, Erratzu<\/strong>\u2026 rincones de obligada visita.<\/p>\n<p>No te pierdas su precioso <a href=\"http:\/\/www.parquedebertiz.es\/informacion-es\/equipamientos\/jardin-historico.html\" target=\"_blank\" rel=\"noopener\"><strong>Jard\u00edn Bot\u00e1nico<\/strong><\/a> con especies tan singulares como gingkos de China, secuoyas de California, casta\u00f1os de Balcanes y nen\u00fafares.\u00a0<strong>\u00a1Siente el latido del coraz\u00f3n de los bosques en oto\u00f1o!<\/strong><\/p>\n<p>&nbsp;<\/p>\n<p style=\"text-align: center;\"><img loading=\"lazy\" decoding=\"async\" data-attachment-id=\"7128\" data-permalink=\"\/es-es\/blogs\/montana\/bosques-en-otono-no-te-puedes-perder\/bertiz1\/\" data-orig-file=\"\/es-es\/blogs\/montana\/wp-content\/uploads\/sites\/3\/2020\/09\/Bertiz1.jpg\" data-orig-size=\"774,516\" data-comments-opened=\"1\" data-image-meta=\"{&quot;aperture&quot;:&quot;0&quot;,&quot;credit&quot;:&quot;&quot;,&quot;camera&quot;:&quot;&quot;,&quot;caption&quot;:&quot;&quot;,&quot;created_timestamp&quot;:&quot;0&quot;,&quot;copyright&quot;:&quot;&quot;,&quot;focal_length&quot;:&quot;0&quot;,&quot;iso&quot;:&quot;0&quot;,&quot;shutter_speed&quot;:&quot;0&quot;,&quot;title&quot;:&quot;&quot;,&quot;orientation&quot;:&quot;0&quot;}\" data-image-title=\"Bertiz1\" data-image-description=\"\" data-image-caption=\"\" data-medium-file=\"\/es-es\/blogs\/montana\/wp-content\/uploads\/sites\/3\/2020\/09\/Bertiz1-300x200.jpg\" data-large-file=\"\/es-es\/blogs\/montana\/wp-content\/uploads\/sites\/3\/2020\/09\/Bertiz1.jpg\" class=\"size-full wp-image-7128 aligncenter\" src=\"\/es-es\/blogs\/montana\/wp-content\/uploads\/sites\/3\/2020\/09\/Bertiz1.jpg\" alt=\"3 bosques para admirar los colores del oto\u00f1o: Se\u00f1or\u00edo de Bertiz\" width=\"774\" height=\"516\" srcset=\"\/es-es\/blogs\/montana\/wp-content\/uploads\/sites\/3\/2020\/09\/Bertiz1.jpg 774w, \/es-es\/blogs\/montana\/wp-content\/uploads\/sites\/3\/2020\/09\/Bertiz1-300x200.jpg 300w, \/es-es\/blogs\/montana\/wp-content\/uploads\/sites\/3\/2020\/09\/Bertiz1-768x512.jpg 768w\" sizes=\"auto, (max-width: 774px) 100vw, 774px\" \/>Foto: https:\/\/www.valledebaztan.com\/<\/p>\n<p>&nbsp;<\/p>\n<p>Os proponemos <strong><a href=\"http:\/\/www.parquedebertiz.es\/informacion-es\/equipamientos\/senderos-es.html\" target=\"_blank\" rel=\"noopener\">7 rutas de senderismo<\/a><\/strong> que discurren por sendas y pistas de baja dificultad y de diferente longitud. <strong>Aptas para toda la familia<\/strong>, con las que disfrutar de los misterios del bosque.<\/p>\n<ul>\n<li>B\u00e1jate la <a href=\"http:\/\/www.parquedebertiz.es\/imgx_new\/bertiz\/MapaGuia.pdf\" target=\"_blank\" rel=\"noopener\">gu\u00eda en PDF<\/a><\/li>\n<li><strong>+INFO<\/strong> <a href=\"http:\/\/www.parquedebertiz.es\/\" target=\"_blank\" rel=\"noopener\">en la web oficial del <strong>Parque Natural Se\u00f1or\u00edo de Bertiz<\/strong><\/a><\/li>\n<\/ul>\n<p><img loading=\"lazy\" decoding=\"async\" data-attachment-id=\"7130\" data-permalink=\"\/es-es\/blogs\/montana\/bosques-en-otono-no-te-puedes-perder\/bertiz_recorridos\/\" data-orig-file=\"\/es-es\/blogs\/montana\/wp-content\/uploads\/sites\/3\/2020\/09\/Bertiz_recorridos.jpg\" data-orig-size=\"1108,551\" data-comments-opened=\"1\" data-image-meta=\"{&quot;aperture&quot;:&quot;0&quot;,&quot;credit&quot;:&quot;&quot;,&quot;camera&quot;:&quot;&quot;,&quot;caption&quot;:&quot;&quot;,&quot;created_timestamp&quot;:&quot;0&quot;,&quot;copyright&quot;:&quot;&quot;,&quot;focal_length&quot;:&quot;0&quot;,&quot;iso&quot;:&quot;0&quot;,&quot;shutter_speed&quot;:&quot;0&quot;,&quot;title&quot;:&quot;&quot;,&quot;orientation&quot;:&quot;0&quot;}\" data-image-title=\"Bertiz_recorridos\" data-image-description=\"\" data-image-caption=\"\" data-medium-file=\"\/es-es\/blogs\/montana\/wp-content\/uploads\/sites\/3\/2020\/09\/Bertiz_recorridos-300x149.jpg\" data-large-file=\"\/es-es\/blogs\/montana\/wp-content\/uploads\/sites\/3\/2020\/09\/Bertiz_recorridos-1024x509.jpg\" class=\"size-full wp-image-7130 aligncenter\" src=\"\/es-es\/blogs\/montana\/wp-content\/uploads\/sites\/3\/2020\/09\/Bertiz_recorridos.jpg\" alt=\"Recorridos por Bertiz\" width=\"1108\" height=\"551\" srcset=\"\/es-es\/blogs\/montana\/wp-content\/uploads\/sites\/3\/2020\/09\/Bertiz_recorridos.jpg 1108w, \/es-es\/blogs\/montana\/wp-content\/uploads\/sites\/3\/2020\/09\/Bertiz_recorridos-300x149.jpg 300w, \/es-es\/blogs\/montana\/wp-content\/uploads\/sites\/3\/2020\/09\/Bertiz_recorridos-1024x509.jpg 1024w, \/es-es\/blogs\/montana\/wp-content\/uploads\/sites\/3\/2020\/09\/Bertiz_recorridos-768x382.jpg 768w\" sizes=\"auto, (max-width: 1108px) 100vw, 1108px\" \/><\/p>\n<p style=\"text-align: center;\"><img loading=\"lazy\" decoding=\"async\" data-attachment-id=\"7129\" data-permalink=\"\/es-es\/blogs\/montana\/bosques-en-otono-no-te-puedes-perder\/bertiz2\/\" data-orig-file=\"\/es-es\/blogs\/montana\/wp-content\/uploads\/sites\/3\/2020\/09\/Bertiz2.jpg\" data-orig-size=\"774,516\" data-comments-opened=\"1\" data-image-meta=\"{&quot;aperture&quot;:&quot;0&quot;,&quot;credit&quot;:&quot;&quot;,&quot;camera&quot;:&quot;&quot;,&quot;caption&quot;:&quot;&quot;,&quot;created_timestamp&quot;:&quot;0&quot;,&quot;copyright&quot;:&quot;&quot;,&quot;focal_length&quot;:&quot;0&quot;,&quot;iso&quot;:&quot;0&quot;,&quot;shutter_speed&quot;:&quot;0&quot;,&quot;title&quot;:&quot;&quot;,&quot;orientation&quot;:&quot;0&quot;}\" data-image-title=\"Bertiz2\" data-image-description=\"\" data-image-caption=\"\" data-medium-file=\"\/es-es\/blogs\/montana\/wp-content\/uploads\/sites\/3\/2020\/09\/Bertiz2-300x200.jpg\" data-large-file=\"\/es-es\/blogs\/montana\/wp-content\/uploads\/sites\/3\/2020\/09\/Bertiz2.jpg\" class=\"size-full wp-image-7129 aligncenter\" src=\"\/es-es\/blogs\/montana\/wp-content\/uploads\/sites\/3\/2020\/09\/Bertiz2.jpg\" alt=\"Se\u00f1or\u00edo de Bertiz\" width=\"774\" height=\"516\" srcset=\"\/es-es\/blogs\/montana\/wp-content\/uploads\/sites\/3\/2020\/09\/Bertiz2.jpg 774w, \/es-es\/blogs\/montana\/wp-content\/uploads\/sites\/3\/2020\/09\/Bertiz2-300x200.jpg 300w, \/es-es\/blogs\/montana\/wp-content\/uploads\/sites\/3\/2020\/09\/Bertiz2-768x512.jpg 768w\" sizes=\"auto, (max-width: 774px) 100vw, 774px\" \/>Foto: https:\/\/www.valledebaztan.com\/<\/p>\n<h2><strong>3. El mayor robledal de Espa\u00f1a, en Asturias<\/strong><\/h2>\n<p>El mayor robledal de Espa\u00f1a se sit\u00faa en los alrededores de <strong>Cangas de Narcea<\/strong>. <strong>Muniellos<\/strong> es considerado uno de los <strong>mejor conservados de Europa<\/strong>, y declarado <strong>Reserva de la Biosfera<\/strong> en el a\u00f1o 2000.<\/p>\n<p>Se trata de un fant\u00e1stico bosque <strong>lleno de leyendas y mitolog\u00eda Astur<\/strong>, donde la naturaleza intacta y virgen se abre paso a nuestros pies.<\/p>\n<p>El gran bosque de Muniellos sirve de cobijo al oso pardo, el urogallo, la liebre de piornal y el lobo, am\u00e9n de zorros, jabal\u00edes, corzos, rebecos y otras muchas especies.<strong> \u00bfTendr\u00e1s la suerte de ver alguno?<\/strong><\/p>\n<p><img loading=\"lazy\" decoding=\"async\" data-attachment-id=\"7131\" data-permalink=\"\/es-es\/blogs\/montana\/bosques-en-otono-no-te-puedes-perder\/bosquemuniellos\/\" data-orig-file=\"\/es-es\/blogs\/montana\/wp-content\/uploads\/sites\/3\/2020\/09\/BosqueMuniellos.jpg\" data-orig-size=\"708,449\" data-comments-opened=\"1\" data-image-meta=\"{&quot;aperture&quot;:&quot;0&quot;,&quot;credit&quot;:&quot;&quot;,&quot;camera&quot;:&quot;&quot;,&quot;caption&quot;:&quot;&quot;,&quot;created_timestamp&quot;:&quot;0&quot;,&quot;copyright&quot;:&quot;&quot;,&quot;focal_length&quot;:&quot;0&quot;,&quot;iso&quot;:&quot;0&quot;,&quot;shutter_speed&quot;:&quot;0&quot;,&quot;title&quot;:&quot;&quot;,&quot;orientation&quot;:&quot;0&quot;}\" data-image-title=\"BosqueMuniellos\" data-image-description=\"\" data-image-caption=\"\" data-medium-file=\"\/es-es\/blogs\/montana\/wp-content\/uploads\/sites\/3\/2020\/09\/BosqueMuniellos-300x190.jpg\" data-large-file=\"\/es-es\/blogs\/montana\/wp-content\/uploads\/sites\/3\/2020\/09\/BosqueMuniellos.jpg\" class=\"size-full wp-image-7131 aligncenter\" src=\"\/es-es\/blogs\/montana\/wp-content\/uploads\/sites\/3\/2020\/09\/BosqueMuniellos.jpg\" alt=\"3 bosques para admirar los colores del oto\u00f1o: Muniellos\" width=\"708\" height=\"449\" srcset=\"\/es-es\/blogs\/montana\/wp-content\/uploads\/sites\/3\/2020\/09\/BosqueMuniellos.jpg 708w, \/es-es\/blogs\/montana\/wp-content\/uploads\/sites\/3\/2020\/09\/BosqueMuniellos-300x190.jpg 300w\" sizes=\"auto, (max-width: 708px) 100vw, 708px\" \/><\/p>\n<p style=\"text-align: center;\">Foto: Turismo Asturias<\/p>\n<p>Os proponemos una ruta de <strong>18Km<\/strong> de longitud y <strong>969 m.<\/strong> de desnivel positivo en el que disfrutaremos de un <strong>bosque maduro<\/strong>,: el roble albar (Quercus petraea) es el que mayor extensi\u00f3n ocupa, seguido por los hayedos olig\u00f3trofos.<\/p>\n<p>En \u00e1reas de mayor altitud (fonculebrera) podremos encontrar ejemplares de abedul.<\/p>\n<ul>\n<li>Nos acercaremos al <a href=\"https:\/\/goo.gl\/maps\/FaqpAeY1KyYMnFVo7\" target=\"_blank\" rel=\"noopener\">Centro de Interpretaci\u00f3n<\/a> para comenzar nuestra salida de senderismo.<\/li>\n<li>Nos dirigiremos al Oeste en busca de la <strong>Ruta por Fonculebrera<\/strong><\/li>\n<li>Al llegar al fondo del circo dirigirnos al Sur en busca de las <strong>lagunas del Pico de la Candanosa<\/strong>. De origen glaciar, se trata de cuatro escalones de agua de belleza sobrecogedora.<\/li>\n<li>Finalmente volveremos por la <strong>Ruta del R\u00edo<\/strong> para cerrar una ruta circular que no nos defraudar\u00e1.<\/li>\n<\/ul>\n<p><strong>A tener en cuenta&#8230;<\/strong><\/p>\n<ul>\n<li>Puedes descargarte el <a href=\"https:\/\/sedemovil.asturias.es\/Asturias\/SERVICIOS\/20022824_mapa_ruta_Muniellos.pdf\" target=\"_blank\" rel=\"noopener\">mapa en PDF en el siguiente enlace<\/a> para conocer m\u00e1s detalles.<\/li>\n<li>Las visitas son restringidas a 20 personas diarias, y deben ser reservadas con antelaci\u00f3n en la siguiente <a href=\"https:\/\/sedemovil.asturias.es\/portal\/site\/Asturias\/menuitem.46a76b28f520ecaaf18e90dbbb30a0a0\/?vgnextoid=c8e6799a28d4f010VgnVCM100000b0030a0aRCRD&amp;i18n.http.lang=es&amp;vgnextfmt=otrosservicios\" target=\"_blank\" rel=\"noopener\">web<\/a>.<\/li>\n<li><strong>+INFO<\/strong> en <a href=\"https:\/\/www.turismoasturias.es\/documents\/11022\/e83bd00a-547e-4db1-8729-391078b12641\" target=\"_blank\" rel=\"noopener\">turismoasturias.es<\/a><\/li>\n<\/ul>\n<p style=\"text-align: center;\"><img loading=\"lazy\" decoding=\"async\" data-attachment-id=\"7132\" data-permalink=\"\/es-es\/blogs\/montana\/bosques-en-otono-no-te-puedes-perder\/bosquemuniellos2\/\" data-orig-file=\"\/es-es\/blogs\/montana\/wp-content\/uploads\/sites\/3\/2020\/09\/BosqueMuniellos2.jpg\" data-orig-size=\"708,449\" data-comments-opened=\"1\" data-image-meta=\"{&quot;aperture&quot;:&quot;0&quot;,&quot;credit&quot;:&quot;&quot;,&quot;camera&quot;:&quot;&quot;,&quot;caption&quot;:&quot;&quot;,&quot;created_timestamp&quot;:&quot;0&quot;,&quot;copyright&quot;:&quot;&quot;,&quot;focal_length&quot;:&quot;0&quot;,&quot;iso&quot;:&quot;0&quot;,&quot;shutter_speed&quot;:&quot;0&quot;,&quot;title&quot;:&quot;&quot;,&quot;orientation&quot;:&quot;0&quot;}\" data-image-title=\"BosqueMuniellos2\" data-image-description=\"\" data-image-caption=\"\" data-medium-file=\"\/es-es\/blogs\/montana\/wp-content\/uploads\/sites\/3\/2020\/09\/BosqueMuniellos2-300x190.jpg\" data-large-file=\"\/es-es\/blogs\/montana\/wp-content\/uploads\/sites\/3\/2020\/09\/BosqueMuniellos2.jpg\" class=\"size-full wp-image-7132 aligncenter\" src=\"\/es-es\/blogs\/montana\/wp-content\/uploads\/sites\/3\/2020\/09\/BosqueMuniellos2.jpg\" alt=\"Muniellos\" width=\"708\" height=\"449\" srcset=\"\/es-es\/blogs\/montana\/wp-content\/uploads\/sites\/3\/2020\/09\/BosqueMuniellos2.jpg 708w, \/es-es\/blogs\/montana\/wp-content\/uploads\/sites\/3\/2020\/09\/BosqueMuniellos2-300x190.jpg 300w\" sizes=\"auto, (max-width: 708px) 100vw, 708px\" \/>Foto: Turismo Asturias<\/p>\n<p>D\u00e9jate atrapar por el encanto de los bosques en oto\u00f1o, lugares llenos de misterios y leyenda. Si quieres recomendar alg\u00fan otro, \u00a1puedes dejarlo en los comentarios!<\/p>\n<p>Si te has quedado con ganas de m\u00e1s, te recomendamos echar un vistazo a estos post:<\/p>\n<ul>\n<li><a href=\"\/es-es\/blogs\/montana\/las-5-mejores-rutas-para-hacer-en-otono\/\" target=\"_blank\" rel=\"noopener\">Las 5 mejores rutas para hacer en Oto\u00f1o<\/a><\/li>\n<li><a href=\"\/es-es\/blogs\/montana\/excursiones-para-ir-al-monte-a-pie-o-en-transporte-publico-desde-casa\/\" target=\"_blank\" rel=\"noopener\">\u00a19 excursiones para ir al monte a pie o en transporte p\u00fablico desde casa!<\/a><\/li>\n<li><a href=\"\/es-es\/blogs\/montana\/5-bosques-perfectos-para-descubrir-en-otono\/\" target=\"_blank\" rel=\"noopener\">5 bosques perfectos para descubrir en oto\u00f1o<\/a><\/li>\n<\/ul>\n<p><strong>Y recuerda\u2026 \u00a1La vida se ve mejor desde las alturas!<\/strong><\/p>\n<p>Por <strong>Eneko Aurtenetxe<\/strong>, especialista en deportes de Monta\u00f1a y colaborador de <a href=\"https:\/\/www.forumsport.com\/es-es\/\" target=\"_blank\" rel=\"noopener\"><em>Forum Sport<\/em><\/a>.<\/p>\n","protected":false},"excerpt":{"rendered":"<p>Disfrutar de los bosques en oto\u00f1o es una gozada para todos los amantes de la naturaleza. Recorrer estos 3 bosques durante esta estaci\u00f3n ser\u00e1 una experiencia a\u00fan m\u00e1s especial para tus 5 sentidos: \u00bfTe animas? [&#8230;]<\/p>\n<p><a class=\"btn btn-secondary understrap-read-more-link\" href=\"\/es-es\/blogs\/montana\/bosques-en-otono-no-te-puedes-perder\/\">Conocer m\u00e1s<\/a><\/p>\n","protected":false},"author":1,"featured_media":7134,"comment_status":"open","ping_status":"open","sticky":false,"template":"","format":"standard","meta":{"_seopress_robots_primary_cat":"7","ngg_post_thumbnail":0,"jetpack_post_was_ever_published":false,"_jetpack_newsletter_access":"","_jetpack_dont_email_post_to_subs":false,"_jetpack_newsletter_tier_id":0,"_jetpack_memberships_contains_paywalled_content":false,"_jetpack_memberships_contains_paid_content":false,"footnotes":"","jetpack_publicize_message":"","jetpack_publicize_feature_enabled":true,"jetpack_social_post_already_shared":true,"jetpack_social_options":{"image_generator_settings":{"template":"highway","enabled":false},"version":2}},"categories":[7],"tags":[],"class_list":{"0":"post-7121","1":"post","2":"type-post","3":"status-publish","4":"format-standard","5":"has-post-thumbnail","7":"category-rutas"},"jetpack_publicize_connections":[],"acf":[],"jetpack_sharing_enabled":true,"jetpack_featured_media_url":"\/es-es\/blogs\/montana\/wp-content\/uploads\/sites\/3\/2020\/09\/bosque_otonioH.jpg","jetpack_shortlink":"https:\/\/wp.me\/p8n7Aj-1QR","jetpack-related-posts":[],"_links":{"self":[{"href":"\/es-es\/blogs\/montana\/wp-json\/wp\/v2\/posts\/7121","targetHints":{"allow":["GET"]}}],"collection":[{"href":"\/es-es\/blogs\/montana\/wp-json\/wp\/v2\/posts"}],"about":[{"href":"\/es-es\/blogs\/montana\/wp-json\/wp\/v2\/types\/post"}],"author":[{"embeddable":true,"href":"\/es-es\/blogs\/montana\/wp-json\/wp\/v2\/users\/1"}],"replies":[{"embeddable":true,"href":"\/es-es\/blogs\/montana\/wp-json\/wp\/v2\/comments?post=7121"}],"version-history":[{"count":11,"href":"\/es-es\/blogs\/montana\/wp-json\/wp\/v2\/posts\/7121\/revisions"}],"predecessor-version":[{"id":7141,"href":"\/es-es\/blogs\/montana\/wp-json\/wp\/v2\/posts\/7121\/revisions\/7141"}],"wp:featuredmedia":[{"embeddable":true,"href":"\/es-es\/blogs\/montana\/wp-json\/wp\/v2\/media\/7134"}],"wp:attachment":[{"href":"\/es-es\/blogs\/montana\/wp-json\/wp\/v2\/media?parent=7121"}],"wp:term":[{"taxonomy":"category","embeddable":true,"href":"\/es-es\/blogs\/montana\/wp-json\/wp\/v2\/categories?post=7121"},{"taxonomy":"post_tag","embeddable":true,"href":"\/es-es\/blogs\/montana\/wp-json\/wp\/v2\/tags?post=7121"}],"curies":[{"name":"wp","href":"https:\/\/api.w.org\/{rel}","templated":true}]}}