{"id":8223,"date":"2021-04-15T07:47:47","date_gmt":"2021-04-15T07:47:47","guid":{"rendered":"\/es-es\/blogs\/montana\/?p=8223"},"modified":"2021-04-21T12:29:16","modified_gmt":"2021-04-21T12:29:16","slug":"anillo-de-picos-3-macizos-recorrido-circular-por-los-picos-de-europa-i","status":"publish","type":"post","link":"\/es-es\/blogs\/montana\/anillo-de-picos-3-macizos-recorrido-circular-por-los-picos-de-europa-i\/","title":{"rendered":"Anillo de Picos 3 macizos: Recorrido circular por los Picos de Europa (I)"},"content":{"rendered":"<p>Cuando pensamos en la belleza de la monta\u00f1a a muchxs nos viene a la cabeza los Picos de Europa. Y a ellos nos vamos precisamente haciendo un recorrido circular en 5 etapas. \u00bfTe apetece venir con nosotros en esta ruta Anillo de Picos 3 macizos?<br \/>\n<!--more--><\/p>\n<p>\u00a1Hola amantes del outdoor!<\/p>\n<p><a href=\"https:\/\/www.forumsport.com\/es-es\/search\/?text=mochila&amp;submit=\" target=\"_blank\" rel=\"noopener\">Preparemos nuestras piernas y mochilas<\/a> porque nos vamos a Picos de Europa.<\/p>\n<p>Sin duda, el Anillo de Picos es la traves\u00eda por excelencia de la zona.<\/p>\n<p>Se compone de tres modalidades (todas ellas circulares), as\u00ed que, no es necesario hacerlas todas de golpe. Podemos optar por hacer un macizo, los dos o, \u00a1qu\u00e9 narices! burro grande, ande o no ande, los tres. <img decoding=\"async\" class=\"emoji\" role=\"img\" draggable=\"false\" src=\"https:\/\/s.w.org\/images\/core\/emoji\/13.0.0\/svg\/1f609.svg\" alt=\"\ud83d\ude09\" \/><\/p>\n<ul>\n<li>La primera de ellas se conoce como \u201c<strong>El Anillo Vindio<\/strong>\u201d, que recorre el macizo Occidental.<\/li>\n<li>La segunda, \u201c<strong>El anillo Extrem<\/strong>\u201d, que incluye, adem\u00e1s del Occidental, el Central.<\/li>\n<li>Y si con eso no tenemos suficiente, podemos optar por adentrarnos en la gran aventura de \u201c<strong>El Anillo 3 macizos<\/strong>\u201d, que abarca los tres: Occidental, Central y Oriental.<\/li>\n<\/ul>\n<p>&nbsp;<\/p>\n<p><img loading=\"lazy\" decoding=\"async\" data-attachment-id=\"8224\" data-permalink=\"\/es-es\/blogs\/montana\/anillo-de-picos-3-macizos-recorrido-circular-por-los-picos-de-europa-i\/mapaanillos\/\" data-orig-file=\"\/es-es\/blogs\/montana\/wp-content\/uploads\/sites\/3\/2021\/04\/mapaanillos.jpg\" data-orig-size=\"800,500\" data-comments-opened=\"1\" data-image-meta=\"{&quot;aperture&quot;:&quot;0&quot;,&quot;credit&quot;:&quot;&quot;,&quot;camera&quot;:&quot;&quot;,&quot;caption&quot;:&quot;&quot;,&quot;created_timestamp&quot;:&quot;0&quot;,&quot;copyright&quot;:&quot;&quot;,&quot;focal_length&quot;:&quot;0&quot;,&quot;iso&quot;:&quot;0&quot;,&quot;shutter_speed&quot;:&quot;0&quot;,&quot;title&quot;:&quot;&quot;,&quot;orientation&quot;:&quot;0&quot;}\" data-image-title=\"mapaanillos\" data-image-description=\"\" data-image-caption=\"\" data-medium-file=\"\/es-es\/blogs\/montana\/wp-content\/uploads\/sites\/3\/2021\/04\/mapaanillos-300x188.jpg\" data-large-file=\"\/es-es\/blogs\/montana\/wp-content\/uploads\/sites\/3\/2021\/04\/mapaanillos.jpg\" class=\"size-full wp-image-8224 aligncenter\" src=\"\/es-es\/blogs\/montana\/wp-content\/uploads\/sites\/3\/2021\/04\/mapaanillos.jpg\" alt=\"Anillo de Picos: Recorrido circular por los Picos de Europa (I)\" width=\"800\" height=\"500\" srcset=\"\/es-es\/blogs\/montana\/wp-content\/uploads\/sites\/3\/2021\/04\/mapaanillos.jpg 800w, \/es-es\/blogs\/montana\/wp-content\/uploads\/sites\/3\/2021\/04\/mapaanillos-300x188.jpg 300w, \/es-es\/blogs\/montana\/wp-content\/uploads\/sites\/3\/2021\/04\/mapaanillos-768x480.jpg 768w\" sizes=\"auto, (max-width: 800px) 100vw, 800px\" \/><\/p>\n<p style=\"text-align: center;\">Imagen: <a href=\"http:\/\/www.elanillodepicos.com\/\" target=\"_blank\" rel=\"noopener\">http:\/\/www.elanillodepicos.com\/<\/a><\/p>\n<p>&nbsp;<\/p>\n<p>Preparaos, porque estamos a punto de adentraros en una de las rutas m\u00e1s espectaculares y exigentes de la Pen\u00ednsula.<\/p>\n<p>Pero antes deciros que tendremos la opci\u00f3n de hacer la traves\u00eda con un <strong>pasaporte<\/strong>, donde podremos <strong>coleccionar los sellos de los refugios a medida que vayamos llegando a ellos<\/strong>. El pasaporte tiene un coste de 3\u20ac y podremos hacernos con \u00e9l en cualquier refugio.<\/p>\n<p>Y ahora s\u00ed, nos metemos de lleno en nuestra ruta. Aqu\u00ed tienes en detalle las etapas 1 y 2 del Anillo de Picos: Recorrido circular por los <a href=\"https:\/\/www.turismoasturias.es\/descubre\/naturaleza\/reservas-de-la-biosfera\/parque-nacional-de-los-picos-de-europa\" target=\"_blank\" rel=\"noopener\">Picos de Europa<\/a>.<\/p>\n<h2><strong>ANILLO 3 MACIZOS &#8211; ITINERARIO DE RUTA<\/strong><\/h2>\n<p>Anillo de Picos 3 macizos se compone de un total de 110 kil\u00f3metros con 9.350md+, as\u00ed que s\u00ed, <strong>tendremos que estar en forma<\/strong> para enfrentaros a \u00e9l.<\/p>\n<p>Ruta dividida en <strong>5 etapas<\/strong>, con <strong>salida<\/strong> y <strong>llegada<\/strong> a <strong>Sotres<\/strong>, situado en Asturias. La divisi\u00f3n se debe a la disponibilidad de los <strong>refugios<\/strong> para hacer noche y <strong>preferencias de estancia<\/strong>.<\/p>\n<p>&nbsp;<\/p>\n<figure id=\"attachment_8284\" aria-describedby=\"caption-attachment-8284\" style=\"width: 800px\" class=\"wp-caption alignnone\"><img loading=\"lazy\" decoding=\"async\" data-attachment-id=\"8284\" data-permalink=\"\/es-es\/blogs\/montana\/anillo-de-picos-3-macizos-recorrido-circular-por-los-picos-de-europa-i\/gettyimages-11759814501\/\" data-orig-file=\"\/es-es\/blogs\/montana\/wp-content\/uploads\/sites\/3\/2021\/04\/GettyImages-11759814501.jpg\" data-orig-size=\"800,600\" data-comments-opened=\"1\" data-image-meta=\"{&quot;aperture&quot;:&quot;0&quot;,&quot;credit&quot;:&quot;&quot;,&quot;camera&quot;:&quot;&quot;,&quot;caption&quot;:&quot;&quot;,&quot;created_timestamp&quot;:&quot;0&quot;,&quot;copyright&quot;:&quot;&quot;,&quot;focal_length&quot;:&quot;0&quot;,&quot;iso&quot;:&quot;0&quot;,&quot;shutter_speed&quot;:&quot;0&quot;,&quot;title&quot;:&quot;&quot;,&quot;orientation&quot;:&quot;0&quot;}\" data-image-title=\"GettyImages-1175981450(1)\" data-image-description=\"\" data-image-caption=\"&lt;p&gt;VIsta de Sotres, punto de partida y de llegada de nuestra ruta.&lt;\/p&gt;\n\" data-medium-file=\"\/es-es\/blogs\/montana\/wp-content\/uploads\/sites\/3\/2021\/04\/GettyImages-11759814501-300x225.jpg\" data-large-file=\"\/es-es\/blogs\/montana\/wp-content\/uploads\/sites\/3\/2021\/04\/GettyImages-11759814501.jpg\" class=\"size-full wp-image-8284\" src=\"\/es-es\/blogs\/montana\/wp-content\/uploads\/sites\/3\/2021\/04\/GettyImages-11759814501.jpg\" alt=\"Anillo de Picos\" width=\"800\" height=\"600\" srcset=\"\/es-es\/blogs\/montana\/wp-content\/uploads\/sites\/3\/2021\/04\/GettyImages-11759814501.jpg 800w, \/es-es\/blogs\/montana\/wp-content\/uploads\/sites\/3\/2021\/04\/GettyImages-11759814501-300x225.jpg 300w, \/es-es\/blogs\/montana\/wp-content\/uploads\/sites\/3\/2021\/04\/GettyImages-11759814501-768x576.jpg 768w\" sizes=\"auto, (max-width: 800px) 100vw, 800px\" \/><figcaption id=\"caption-attachment-8284\" class=\"wp-caption-text\">Vista de Sotres, punto de partida y de llegada de nuestra ruta.<\/figcaption><\/figure>\n<p>&nbsp;<\/p>\n<p>Mi <strong>recomendaci\u00f3n<\/strong> es que, si hay disponibilidad, enlacemos la primera etapa con alguna otra, o cambiar noches y hacer alguna etapa m\u00e1s corta, ya que de Sotres al refugio de la Tenerosa s\u00f3lo hay 5,25km.<\/p>\n<h2><strong>PRIMERA ETAPA \u2013 NOCHE EN TENEROSA<\/strong><\/h2>\n<p><strong>Salida<\/strong> del pueblo de <strong>Sotres<\/strong>.<\/p>\n<p>Empezaremos bajando durante 1,2km para, seguidamente, encarar una subida que nos llevar\u00e1 al primer <strong>refugio<\/strong>, <strong>La Tenerosa<\/strong> (1300m), donde pasaremos la noche.<\/p>\n<p>En esta primera etapa, no nos encontraremos terreno t\u00e9cnico. Pasaremos por tramos de bosque, pero principalmente, prado abierto con pendiente progresiva hasta llevar al refugio.<\/p>\n<p>&nbsp;<\/p>\n<p><img loading=\"lazy\" decoding=\"async\" data-attachment-id=\"8228\" data-permalink=\"\/es-es\/blogs\/montana\/anillo-de-picos-3-macizos-recorrido-circular-por-los-picos-de-europa-i\/etapa1_1\/\" data-orig-file=\"\/es-es\/blogs\/montana\/wp-content\/uploads\/sites\/3\/2021\/04\/ETAPA1_1.jpg\" data-orig-size=\"800,450\" data-comments-opened=\"1\" data-image-meta=\"{&quot;aperture&quot;:&quot;0&quot;,&quot;credit&quot;:&quot;&quot;,&quot;camera&quot;:&quot;&quot;,&quot;caption&quot;:&quot;&quot;,&quot;created_timestamp&quot;:&quot;0&quot;,&quot;copyright&quot;:&quot;&quot;,&quot;focal_length&quot;:&quot;0&quot;,&quot;iso&quot;:&quot;0&quot;,&quot;shutter_speed&quot;:&quot;0&quot;,&quot;title&quot;:&quot;&quot;,&quot;orientation&quot;:&quot;0&quot;}\" data-image-title=\"ETAPA1_1 Anillo de Picos: Recorrido circular por los Picos de Europa\" data-image-description=\"\" data-image-caption=\"\" data-medium-file=\"\/es-es\/blogs\/montana\/wp-content\/uploads\/sites\/3\/2021\/04\/ETAPA1_1-300x169.jpg\" data-large-file=\"\/es-es\/blogs\/montana\/wp-content\/uploads\/sites\/3\/2021\/04\/ETAPA1_1.jpg\" class=\"size-full wp-image-8228 aligncenter\" src=\"\/es-es\/blogs\/montana\/wp-content\/uploads\/sites\/3\/2021\/04\/ETAPA1_1.jpg\" alt=\"Anillo de Picos: Recorrido circular por los Picos de Europa\" width=\"800\" height=\"450\" srcset=\"\/es-es\/blogs\/montana\/wp-content\/uploads\/sites\/3\/2021\/04\/ETAPA1_1.jpg 800w, \/es-es\/blogs\/montana\/wp-content\/uploads\/sites\/3\/2021\/04\/ETAPA1_1-300x169.jpg 300w, \/es-es\/blogs\/montana\/wp-content\/uploads\/sites\/3\/2021\/04\/ETAPA1_1-768x432.jpg 768w\" sizes=\"auto, (max-width: 800px) 100vw, 800px\" \/><\/p>\n<p><img loading=\"lazy\" decoding=\"async\" data-attachment-id=\"8229\" data-permalink=\"\/es-es\/blogs\/montana\/anillo-de-picos-3-macizos-recorrido-circular-por-los-picos-de-europa-i\/etapa1_2\/\" data-orig-file=\"\/es-es\/blogs\/montana\/wp-content\/uploads\/sites\/3\/2021\/04\/ETAPA1_2.jpg\" data-orig-size=\"800,450\" data-comments-opened=\"1\" data-image-meta=\"{&quot;aperture&quot;:&quot;0&quot;,&quot;credit&quot;:&quot;&quot;,&quot;camera&quot;:&quot;&quot;,&quot;caption&quot;:&quot;&quot;,&quot;created_timestamp&quot;:&quot;0&quot;,&quot;copyright&quot;:&quot;&quot;,&quot;focal_length&quot;:&quot;0&quot;,&quot;iso&quot;:&quot;0&quot;,&quot;shutter_speed&quot;:&quot;0&quot;,&quot;title&quot;:&quot;&quot;,&quot;orientation&quot;:&quot;0&quot;}\" data-image-title=\"ETAPA1_2\" data-image-description=\"\" data-image-caption=\"\" data-medium-file=\"\/es-es\/blogs\/montana\/wp-content\/uploads\/sites\/3\/2021\/04\/ETAPA1_2-300x169.jpg\" data-large-file=\"\/es-es\/blogs\/montana\/wp-content\/uploads\/sites\/3\/2021\/04\/ETAPA1_2.jpg\" class=\"size-full wp-image-8229 aligncenter\" src=\"\/es-es\/blogs\/montana\/wp-content\/uploads\/sites\/3\/2021\/04\/ETAPA1_2.jpg\" alt=\"noche en Tenerosa\" width=\"800\" height=\"450\" srcset=\"\/es-es\/blogs\/montana\/wp-content\/uploads\/sites\/3\/2021\/04\/ETAPA1_2.jpg 800w, \/es-es\/blogs\/montana\/wp-content\/uploads\/sites\/3\/2021\/04\/ETAPA1_2-300x169.jpg 300w, \/es-es\/blogs\/montana\/wp-content\/uploads\/sites\/3\/2021\/04\/ETAPA1_2-768x432.jpg 768w\" sizes=\"auto, (max-width: 800px) 100vw, 800px\" \/><\/p>\n<p><img loading=\"lazy\" decoding=\"async\" data-attachment-id=\"8230\" data-permalink=\"\/es-es\/blogs\/montana\/anillo-de-picos-3-macizos-recorrido-circular-por-los-picos-de-europa-i\/etapa1_3\/\" data-orig-file=\"\/es-es\/blogs\/montana\/wp-content\/uploads\/sites\/3\/2021\/04\/ETAPA1_3.jpg\" data-orig-size=\"800,450\" data-comments-opened=\"1\" data-image-meta=\"{&quot;aperture&quot;:&quot;0&quot;,&quot;credit&quot;:&quot;&quot;,&quot;camera&quot;:&quot;&quot;,&quot;caption&quot;:&quot;&quot;,&quot;created_timestamp&quot;:&quot;0&quot;,&quot;copyright&quot;:&quot;&quot;,&quot;focal_length&quot;:&quot;0&quot;,&quot;iso&quot;:&quot;0&quot;,&quot;shutter_speed&quot;:&quot;0&quot;,&quot;title&quot;:&quot;&quot;,&quot;orientation&quot;:&quot;0&quot;}\" data-image-title=\"ETAPA1_3\" data-image-description=\"\" data-image-caption=\"\" data-medium-file=\"\/es-es\/blogs\/montana\/wp-content\/uploads\/sites\/3\/2021\/04\/ETAPA1_3-300x169.jpg\" data-large-file=\"\/es-es\/blogs\/montana\/wp-content\/uploads\/sites\/3\/2021\/04\/ETAPA1_3.jpg\" class=\"size-full wp-image-8230 aligncenter\" src=\"\/es-es\/blogs\/montana\/wp-content\/uploads\/sites\/3\/2021\/04\/ETAPA1_3.jpg\" alt=\"Anillo de Picos: Recorrido circular por los Picos de Europa Noche en Tenerosa\" width=\"800\" height=\"450\" srcset=\"\/es-es\/blogs\/montana\/wp-content\/uploads\/sites\/3\/2021\/04\/ETAPA1_3.jpg 800w, \/es-es\/blogs\/montana\/wp-content\/uploads\/sites\/3\/2021\/04\/ETAPA1_3-300x169.jpg 300w, \/es-es\/blogs\/montana\/wp-content\/uploads\/sites\/3\/2021\/04\/ETAPA1_3-768x432.jpg 768w\" sizes=\"auto, (max-width: 800px) 100vw, 800px\" \/><\/p>\n<p>&nbsp;<\/p>\n<h3>PERFIL Y DETALLES T\u00c9CNICOS<\/h3>\n<p><img loading=\"lazy\" decoding=\"async\" data-attachment-id=\"8232\" data-permalink=\"\/es-es\/blogs\/montana\/anillo-de-picos-3-macizos-recorrido-circular-por-los-picos-de-europa-i\/perfilnocheentenerosa\/\" data-orig-file=\"\/es-es\/blogs\/montana\/wp-content\/uploads\/sites\/3\/2021\/04\/perfilnocheenTenerosa.jpg\" data-orig-size=\"800,482\" data-comments-opened=\"1\" data-image-meta=\"{&quot;aperture&quot;:&quot;0&quot;,&quot;credit&quot;:&quot;&quot;,&quot;camera&quot;:&quot;&quot;,&quot;caption&quot;:&quot;&quot;,&quot;created_timestamp&quot;:&quot;0&quot;,&quot;copyright&quot;:&quot;&quot;,&quot;focal_length&quot;:&quot;0&quot;,&quot;iso&quot;:&quot;0&quot;,&quot;shutter_speed&quot;:&quot;0&quot;,&quot;title&quot;:&quot;&quot;,&quot;orientation&quot;:&quot;0&quot;}\" data-image-title=\"perfilnocheenTenerosa\" data-image-description=\"\" data-image-caption=\"\" data-medium-file=\"\/es-es\/blogs\/montana\/wp-content\/uploads\/sites\/3\/2021\/04\/perfilnocheenTenerosa-300x181.jpg\" data-large-file=\"\/es-es\/blogs\/montana\/wp-content\/uploads\/sites\/3\/2021\/04\/perfilnocheenTenerosa.jpg\" class=\"size-full wp-image-8232 aligncenter\" src=\"\/es-es\/blogs\/montana\/wp-content\/uploads\/sites\/3\/2021\/04\/perfilnocheenTenerosa.jpg\" alt=\"perfil y detalles t\u00e9cnicos de Noche en Tenerosa\" width=\"800\" height=\"482\" srcset=\"\/es-es\/blogs\/montana\/wp-content\/uploads\/sites\/3\/2021\/04\/perfilnocheenTenerosa.jpg 800w, \/es-es\/blogs\/montana\/wp-content\/uploads\/sites\/3\/2021\/04\/perfilnocheenTenerosa-300x181.jpg 300w, \/es-es\/blogs\/montana\/wp-content\/uploads\/sites\/3\/2021\/04\/perfilnocheenTenerosa-768x463.jpg 768w\" sizes=\"auto, (max-width: 800px) 100vw, 800px\" \/><\/p>\n<ul>\n<li><strong>Distancia total<\/strong>: 5,2km<\/li>\n<li><strong>Desnivel<\/strong>: 434m\/-152m<\/li>\n<li><strong>Altura min\/max<\/strong>: 885m\/1320m<\/li>\n<li><strong>Refugios de tramo<\/strong>: La Tenerosa<\/li>\n<li><strong>Macizo Central<\/strong><\/li>\n<\/ul>\n<p>&nbsp;<\/p>\n<h2><strong>SEGUNDA ETAPA: TENEROSA (1300m) \u2013 VEGA DE ARIO (1630m)<\/strong><\/h2>\n<p>Deberemos salir de noche, a primera hora de la ma\u00f1ana, ya que es una<strong> etapa larga<\/strong> y, me atrever\u00eda a decir, <strong>la m\u00e1s dura de todas<\/strong>.<\/p>\n<p>Desde que salgamos de La Tenerosa, no pararemos de subir por el PR21.<\/p>\n<p>Pasaremos por unos <strong>senderos incre\u00edbles<\/strong>, que, si vamos de noche, no podremos apreciar. Recomendable darse un peque\u00f1o paseo si se pasa la noche en La Tenerosa para poder ver el paisaje, as\u00ed iremos calentando piernas.<\/p>\n<p>&nbsp;<\/p>\n<p><img loading=\"lazy\" decoding=\"async\" data-attachment-id=\"8234\" data-permalink=\"\/es-es\/blogs\/montana\/anillo-de-picos-3-macizos-recorrido-circular-por-los-picos-de-europa-i\/etapa2_1\/\" data-orig-file=\"\/es-es\/blogs\/montana\/wp-content\/uploads\/sites\/3\/2021\/04\/ETAPA2_1.jpg\" data-orig-size=\"800,450\" data-comments-opened=\"1\" data-image-meta=\"{&quot;aperture&quot;:&quot;0&quot;,&quot;credit&quot;:&quot;&quot;,&quot;camera&quot;:&quot;&quot;,&quot;caption&quot;:&quot;&quot;,&quot;created_timestamp&quot;:&quot;0&quot;,&quot;copyright&quot;:&quot;&quot;,&quot;focal_length&quot;:&quot;0&quot;,&quot;iso&quot;:&quot;0&quot;,&quot;shutter_speed&quot;:&quot;0&quot;,&quot;title&quot;:&quot;&quot;,&quot;orientation&quot;:&quot;0&quot;}\" data-image-title=\"ETAPA2_1\" data-image-description=\"\" data-image-caption=\"\" data-medium-file=\"\/es-es\/blogs\/montana\/wp-content\/uploads\/sites\/3\/2021\/04\/ETAPA2_1-300x169.jpg\" data-large-file=\"\/es-es\/blogs\/montana\/wp-content\/uploads\/sites\/3\/2021\/04\/ETAPA2_1.jpg\" class=\"size-full wp-image-8234 aligncenter\" src=\"\/es-es\/blogs\/montana\/wp-content\/uploads\/sites\/3\/2021\/04\/ETAPA2_1.jpg\" alt=\"Anillo de Picos: Recorrido circular por los Picos de Europa Tenerosa\" width=\"800\" height=\"450\" srcset=\"\/es-es\/blogs\/montana\/wp-content\/uploads\/sites\/3\/2021\/04\/ETAPA2_1.jpg 800w, \/es-es\/blogs\/montana\/wp-content\/uploads\/sites\/3\/2021\/04\/ETAPA2_1-300x169.jpg 300w, \/es-es\/blogs\/montana\/wp-content\/uploads\/sites\/3\/2021\/04\/ETAPA2_1-768x432.jpg 768w\" sizes=\"auto, (max-width: 800px) 100vw, 800px\" \/><\/p>\n<p><img loading=\"lazy\" decoding=\"async\" data-attachment-id=\"8235\" data-permalink=\"\/es-es\/blogs\/montana\/anillo-de-picos-3-macizos-recorrido-circular-por-los-picos-de-europa-i\/etapa2_2\/\" data-orig-file=\"\/es-es\/blogs\/montana\/wp-content\/uploads\/sites\/3\/2021\/04\/ETAPA2_2.jpg\" data-orig-size=\"800,450\" data-comments-opened=\"1\" data-image-meta=\"{&quot;aperture&quot;:&quot;0&quot;,&quot;credit&quot;:&quot;&quot;,&quot;camera&quot;:&quot;&quot;,&quot;caption&quot;:&quot;&quot;,&quot;created_timestamp&quot;:&quot;0&quot;,&quot;copyright&quot;:&quot;&quot;,&quot;focal_length&quot;:&quot;0&quot;,&quot;iso&quot;:&quot;0&quot;,&quot;shutter_speed&quot;:&quot;0&quot;,&quot;title&quot;:&quot;&quot;,&quot;orientation&quot;:&quot;0&quot;}\" data-image-title=\"ETAPA2_2\" data-image-description=\"\" data-image-caption=\"\" data-medium-file=\"\/es-es\/blogs\/montana\/wp-content\/uploads\/sites\/3\/2021\/04\/ETAPA2_2-300x169.jpg\" data-large-file=\"\/es-es\/blogs\/montana\/wp-content\/uploads\/sites\/3\/2021\/04\/ETAPA2_2.jpg\" class=\"size-full wp-image-8235 aligncenter\" src=\"\/es-es\/blogs\/montana\/wp-content\/uploads\/sites\/3\/2021\/04\/ETAPA2_2.jpg\" alt=\"Anillo de Picos: Recorrido circular por los Picos de Europa. Etapa 2 Tenerosa \" width=\"800\" height=\"450\" srcset=\"\/es-es\/blogs\/montana\/wp-content\/uploads\/sites\/3\/2021\/04\/ETAPA2_2.jpg 800w, \/es-es\/blogs\/montana\/wp-content\/uploads\/sites\/3\/2021\/04\/ETAPA2_2-300x169.jpg 300w, \/es-es\/blogs\/montana\/wp-content\/uploads\/sites\/3\/2021\/04\/ETAPA2_2-768x432.jpg 768w\" sizes=\"auto, (max-width: 800px) 100vw, 800px\" \/><\/p>\n<p>&nbsp;<\/p>\n<p>El <strong>primer tramo<\/strong> ser\u00e1 <strong>sendero de tierra<\/strong>: sencillo y poco t\u00e9cnico. Eso s\u00ed, no pararemos de <strong>subir<\/strong>. Esto nos durar\u00e1 poco, ya que empezar\u00e1 el t<strong>erreno t\u00e9cnico y rocoso t\u00edpico<\/strong> de Picos.<\/p>\n<p>Sobre el km 5, llegaremos al <strong>refugio de Urriellu<\/strong>, donde se encuentra el famoso <strong>Picu Urriellu<\/strong>, tambi\u00e9n conocido como el <strong>Naranjo de Bulnes<\/strong>.<\/p>\n<p>&nbsp;<\/p>\n<p><img loading=\"lazy\" decoding=\"async\" data-attachment-id=\"8236\" data-permalink=\"\/es-es\/blogs\/montana\/anillo-de-picos-3-macizos-recorrido-circular-por-los-picos-de-europa-i\/etapa2_3\/\" data-orig-file=\"\/es-es\/blogs\/montana\/wp-content\/uploads\/sites\/3\/2021\/04\/ETAPA2_3.jpg\" data-orig-size=\"800,450\" data-comments-opened=\"1\" data-image-meta=\"{&quot;aperture&quot;:&quot;0&quot;,&quot;credit&quot;:&quot;&quot;,&quot;camera&quot;:&quot;&quot;,&quot;caption&quot;:&quot;&quot;,&quot;created_timestamp&quot;:&quot;0&quot;,&quot;copyright&quot;:&quot;&quot;,&quot;focal_length&quot;:&quot;0&quot;,&quot;iso&quot;:&quot;0&quot;,&quot;shutter_speed&quot;:&quot;0&quot;,&quot;title&quot;:&quot;&quot;,&quot;orientation&quot;:&quot;0&quot;}\" data-image-title=\"ETAPA2_3\" data-image-description=\"\" data-image-caption=\"\" data-medium-file=\"\/es-es\/blogs\/montana\/wp-content\/uploads\/sites\/3\/2021\/04\/ETAPA2_3-300x169.jpg\" data-large-file=\"\/es-es\/blogs\/montana\/wp-content\/uploads\/sites\/3\/2021\/04\/ETAPA2_3.jpg\" class=\"size-full wp-image-8236 aligncenter\" src=\"\/es-es\/blogs\/montana\/wp-content\/uploads\/sites\/3\/2021\/04\/ETAPA2_3.jpg\" alt=\"Naranjo de Bulnes\" width=\"800\" height=\"450\" srcset=\"\/es-es\/blogs\/montana\/wp-content\/uploads\/sites\/3\/2021\/04\/ETAPA2_3.jpg 800w, \/es-es\/blogs\/montana\/wp-content\/uploads\/sites\/3\/2021\/04\/ETAPA2_3-300x169.jpg 300w, \/es-es\/blogs\/montana\/wp-content\/uploads\/sites\/3\/2021\/04\/ETAPA2_3-768x432.jpg 768w\" sizes=\"auto, (max-width: 800px) 100vw, 800px\" \/><\/p>\n<p>&nbsp;<\/p>\n<p>Ser\u00e1 un buen lugar para desayunar y recargar energ\u00edas.<\/p>\n<p>Tambi\u00e9n <strong>podemos alargar la primera etapa, y hacer noche en este refugio<\/strong>. Si hay disponibilidad, es una muy buena opci\u00f3n, adem\u00e1s de aligerar la carga de kil\u00f3metros en esta etapa, ya que se hace bastante dura.<\/p>\n<p><strong>Seguiremos subiendo<\/strong> sin dejar la roca para ir a buscar la Horcada Arenera (2273m), el punto m\u00e1s alto de esta etapa.<\/p>\n<p>&nbsp;<\/p>\n<p><img loading=\"lazy\" decoding=\"async\" data-attachment-id=\"8238\" data-permalink=\"\/es-es\/blogs\/montana\/anillo-de-picos-3-macizos-recorrido-circular-por-los-picos-de-europa-i\/etapa2_4\/\" data-orig-file=\"\/es-es\/blogs\/montana\/wp-content\/uploads\/sites\/3\/2021\/04\/ETAPA2_4.jpg\" data-orig-size=\"800,450\" data-comments-opened=\"1\" data-image-meta=\"{&quot;aperture&quot;:&quot;0&quot;,&quot;credit&quot;:&quot;&quot;,&quot;camera&quot;:&quot;&quot;,&quot;caption&quot;:&quot;&quot;,&quot;created_timestamp&quot;:&quot;0&quot;,&quot;copyright&quot;:&quot;&quot;,&quot;focal_length&quot;:&quot;0&quot;,&quot;iso&quot;:&quot;0&quot;,&quot;shutter_speed&quot;:&quot;0&quot;,&quot;title&quot;:&quot;&quot;,&quot;orientation&quot;:&quot;0&quot;}\" data-image-title=\"ETAPA2_4\" data-image-description=\"\" data-image-caption=\"\" data-medium-file=\"\/es-es\/blogs\/montana\/wp-content\/uploads\/sites\/3\/2021\/04\/ETAPA2_4-300x169.jpg\" data-large-file=\"\/es-es\/blogs\/montana\/wp-content\/uploads\/sites\/3\/2021\/04\/ETAPA2_4.jpg\" class=\"size-full wp-image-8238 aligncenter\" src=\"\/es-es\/blogs\/montana\/wp-content\/uploads\/sites\/3\/2021\/04\/ETAPA2_4.jpg\" alt=\"terreno t\u00e9cnico propio de los Picos de Europa\" width=\"800\" height=\"450\" srcset=\"\/es-es\/blogs\/montana\/wp-content\/uploads\/sites\/3\/2021\/04\/ETAPA2_4.jpg 800w, \/es-es\/blogs\/montana\/wp-content\/uploads\/sites\/3\/2021\/04\/ETAPA2_4-300x169.jpg 300w, \/es-es\/blogs\/montana\/wp-content\/uploads\/sites\/3\/2021\/04\/ETAPA2_4-768x432.jpg 768w\" sizes=\"auto, (max-width: 800px) 100vw, 800px\" \/><\/p>\n<p>&nbsp;<\/p>\n<p>Nos encontraremos tramos con cadenas y hierros que nos ayudar\u00e1n en los tramos m\u00e1s a\u00e9reos o de trepadas.<\/p>\n<p>&nbsp;<\/p>\n<p><img loading=\"lazy\" decoding=\"async\" data-attachment-id=\"8239\" data-permalink=\"\/es-es\/blogs\/montana\/anillo-de-picos-3-macizos-recorrido-circular-por-los-picos-de-europa-i\/etapa2_5\/\" data-orig-file=\"\/es-es\/blogs\/montana\/wp-content\/uploads\/sites\/3\/2021\/04\/ETAPA2_5.jpg\" data-orig-size=\"800,450\" data-comments-opened=\"1\" data-image-meta=\"{&quot;aperture&quot;:&quot;0&quot;,&quot;credit&quot;:&quot;&quot;,&quot;camera&quot;:&quot;&quot;,&quot;caption&quot;:&quot;&quot;,&quot;created_timestamp&quot;:&quot;0&quot;,&quot;copyright&quot;:&quot;&quot;,&quot;focal_length&quot;:&quot;0&quot;,&quot;iso&quot;:&quot;0&quot;,&quot;shutter_speed&quot;:&quot;0&quot;,&quot;title&quot;:&quot;&quot;,&quot;orientation&quot;:&quot;0&quot;}\" data-image-title=\"ETAPA2_5\" data-image-description=\"\" data-image-caption=\"\" data-medium-file=\"\/es-es\/blogs\/montana\/wp-content\/uploads\/sites\/3\/2021\/04\/ETAPA2_5-300x169.jpg\" data-large-file=\"\/es-es\/blogs\/montana\/wp-content\/uploads\/sites\/3\/2021\/04\/ETAPA2_5.jpg\" class=\"size-full wp-image-8239 aligncenter\" src=\"\/es-es\/blogs\/montana\/wp-content\/uploads\/sites\/3\/2021\/04\/ETAPA2_5.jpg\" alt=\"Ani\u00f1o de Picos: Recorrido circular por los Picos de Europa. Tramo con cadenas\" width=\"800\" height=\"450\" srcset=\"\/es-es\/blogs\/montana\/wp-content\/uploads\/sites\/3\/2021\/04\/ETAPA2_5.jpg 800w, \/es-es\/blogs\/montana\/wp-content\/uploads\/sites\/3\/2021\/04\/ETAPA2_5-300x169.jpg 300w, \/es-es\/blogs\/montana\/wp-content\/uploads\/sites\/3\/2021\/04\/ETAPA2_5-768x432.jpg 768w\" sizes=\"auto, (max-width: 800px) 100vw, 800px\" \/><\/p>\n<p><img loading=\"lazy\" decoding=\"async\" data-attachment-id=\"8240\" data-permalink=\"\/es-es\/blogs\/montana\/anillo-de-picos-3-macizos-recorrido-circular-por-los-picos-de-europa-i\/etapa2_6\/\" data-orig-file=\"\/es-es\/blogs\/montana\/wp-content\/uploads\/sites\/3\/2021\/04\/ETAPA2_6.jpg\" data-orig-size=\"800,450\" data-comments-opened=\"1\" data-image-meta=\"{&quot;aperture&quot;:&quot;0&quot;,&quot;credit&quot;:&quot;&quot;,&quot;camera&quot;:&quot;&quot;,&quot;caption&quot;:&quot;&quot;,&quot;created_timestamp&quot;:&quot;0&quot;,&quot;copyright&quot;:&quot;&quot;,&quot;focal_length&quot;:&quot;0&quot;,&quot;iso&quot;:&quot;0&quot;,&quot;shutter_speed&quot;:&quot;0&quot;,&quot;title&quot;:&quot;&quot;,&quot;orientation&quot;:&quot;0&quot;}\" data-image-title=\"ETAPA2_6\" data-image-description=\"\" data-image-caption=\"\" data-medium-file=\"\/es-es\/blogs\/montana\/wp-content\/uploads\/sites\/3\/2021\/04\/ETAPA2_6-300x169.jpg\" data-large-file=\"\/es-es\/blogs\/montana\/wp-content\/uploads\/sites\/3\/2021\/04\/ETAPA2_6.jpg\" class=\"size-full wp-image-8240 aligncenter\" src=\"\/es-es\/blogs\/montana\/wp-content\/uploads\/sites\/3\/2021\/04\/ETAPA2_6.jpg\" alt=\"ayuda cadenas para los tramos m\u00e1s a\u00e9reos\" width=\"800\" height=\"450\" srcset=\"\/es-es\/blogs\/montana\/wp-content\/uploads\/sites\/3\/2021\/04\/ETAPA2_6.jpg 800w, \/es-es\/blogs\/montana\/wp-content\/uploads\/sites\/3\/2021\/04\/ETAPA2_6-300x169.jpg 300w, \/es-es\/blogs\/montana\/wp-content\/uploads\/sites\/3\/2021\/04\/ETAPA2_6-768x432.jpg 768w\" sizes=\"auto, (max-width: 800px) 100vw, 800px\" \/><\/p>\n<p>&nbsp;<\/p>\n<p>Sin duda, este tramo nos dejar\u00e1 con la boca abierta. Es espectacular, muy salvaje.<\/p>\n<p>&nbsp;<\/p>\n<p><img loading=\"lazy\" decoding=\"async\" data-attachment-id=\"8242\" data-permalink=\"\/es-es\/blogs\/montana\/anillo-de-picos-3-macizos-recorrido-circular-por-los-picos-de-europa-i\/etapa2_7\/\" data-orig-file=\"\/es-es\/blogs\/montana\/wp-content\/uploads\/sites\/3\/2021\/04\/ETAPA2_7.jpg\" data-orig-size=\"800,450\" data-comments-opened=\"1\" data-image-meta=\"{&quot;aperture&quot;:&quot;0&quot;,&quot;credit&quot;:&quot;&quot;,&quot;camera&quot;:&quot;&quot;,&quot;caption&quot;:&quot;&quot;,&quot;created_timestamp&quot;:&quot;0&quot;,&quot;copyright&quot;:&quot;&quot;,&quot;focal_length&quot;:&quot;0&quot;,&quot;iso&quot;:&quot;0&quot;,&quot;shutter_speed&quot;:&quot;0&quot;,&quot;title&quot;:&quot;&quot;,&quot;orientation&quot;:&quot;0&quot;}\" data-image-title=\"ETAPA2_7\" data-image-description=\"\" data-image-caption=\"\" data-medium-file=\"\/es-es\/blogs\/montana\/wp-content\/uploads\/sites\/3\/2021\/04\/ETAPA2_7-300x169.jpg\" data-large-file=\"\/es-es\/blogs\/montana\/wp-content\/uploads\/sites\/3\/2021\/04\/ETAPA2_7.jpg\" class=\"size-full wp-image-8242 aligncenter\" src=\"\/es-es\/blogs\/montana\/wp-content\/uploads\/sites\/3\/2021\/04\/ETAPA2_7.jpg\" alt=\"etapa espectacular y muy salvaje\" width=\"800\" height=\"450\" srcset=\"\/es-es\/blogs\/montana\/wp-content\/uploads\/sites\/3\/2021\/04\/ETAPA2_7.jpg 800w, \/es-es\/blogs\/montana\/wp-content\/uploads\/sites\/3\/2021\/04\/ETAPA2_7-300x169.jpg 300w, \/es-es\/blogs\/montana\/wp-content\/uploads\/sites\/3\/2021\/04\/ETAPA2_7-768x432.jpg 768w\" sizes=\"auto, (max-width: 800px) 100vw, 800px\" \/><\/p>\n<p><img loading=\"lazy\" decoding=\"async\" data-attachment-id=\"8243\" data-permalink=\"\/es-es\/blogs\/montana\/anillo-de-picos-3-macizos-recorrido-circular-por-los-picos-de-europa-i\/etapa2_8\/\" data-orig-file=\"\/es-es\/blogs\/montana\/wp-content\/uploads\/sites\/3\/2021\/04\/ETAPA2_8.jpg\" data-orig-size=\"800,450\" data-comments-opened=\"1\" data-image-meta=\"{&quot;aperture&quot;:&quot;0&quot;,&quot;credit&quot;:&quot;&quot;,&quot;camera&quot;:&quot;&quot;,&quot;caption&quot;:&quot;&quot;,&quot;created_timestamp&quot;:&quot;0&quot;,&quot;copyright&quot;:&quot;&quot;,&quot;focal_length&quot;:&quot;0&quot;,&quot;iso&quot;:&quot;0&quot;,&quot;shutter_speed&quot;:&quot;0&quot;,&quot;title&quot;:&quot;&quot;,&quot;orientation&quot;:&quot;0&quot;}\" data-image-title=\"ETAPA2_8\" data-image-description=\"\" data-image-caption=\"\" data-medium-file=\"\/es-es\/blogs\/montana\/wp-content\/uploads\/sites\/3\/2021\/04\/ETAPA2_8-300x169.jpg\" data-large-file=\"\/es-es\/blogs\/montana\/wp-content\/uploads\/sites\/3\/2021\/04\/ETAPA2_8.jpg\" class=\"size-full wp-image-8243 aligncenter\" src=\"\/es-es\/blogs\/montana\/wp-content\/uploads\/sites\/3\/2021\/04\/ETAPA2_8.jpg\" alt=\"tramo de subida Tenerosa\" width=\"800\" height=\"450\" srcset=\"\/es-es\/blogs\/montana\/wp-content\/uploads\/sites\/3\/2021\/04\/ETAPA2_8.jpg 800w, \/es-es\/blogs\/montana\/wp-content\/uploads\/sites\/3\/2021\/04\/ETAPA2_8-300x169.jpg 300w, \/es-es\/blogs\/montana\/wp-content\/uploads\/sites\/3\/2021\/04\/ETAPA2_8-768x432.jpg 768w\" sizes=\"auto, (max-width: 800px) 100vw, 800px\" \/><\/p>\n<p>&nbsp;<\/p>\n<p>Empezaremos a <strong>bajar para<\/strong> ir a buscar el <strong>refugio Jou de los Cabrones<\/strong> (2024m).<\/p>\n<p>Hay unos 4 kil\u00f3metros de refugio a refugio, pero, \u00a1no nos confiemos! <strong>Bajada con tramos t\u00e9cnicos<\/strong>, lo que quiere decir que nos lo tendremos que tomar con calma porque es un <strong>tramo lento<\/strong>.<\/p>\n<p>&nbsp;<\/p>\n<p><img loading=\"lazy\" decoding=\"async\" data-attachment-id=\"8245\" data-permalink=\"\/es-es\/blogs\/montana\/anillo-de-picos-3-macizos-recorrido-circular-por-los-picos-de-europa-i\/etapa2_9\/\" data-orig-file=\"\/es-es\/blogs\/montana\/wp-content\/uploads\/sites\/3\/2021\/04\/ETAPA2_9.jpg\" data-orig-size=\"800,450\" data-comments-opened=\"1\" data-image-meta=\"{&quot;aperture&quot;:&quot;0&quot;,&quot;credit&quot;:&quot;&quot;,&quot;camera&quot;:&quot;&quot;,&quot;caption&quot;:&quot;&quot;,&quot;created_timestamp&quot;:&quot;0&quot;,&quot;copyright&quot;:&quot;&quot;,&quot;focal_length&quot;:&quot;0&quot;,&quot;iso&quot;:&quot;0&quot;,&quot;shutter_speed&quot;:&quot;0&quot;,&quot;title&quot;:&quot;&quot;,&quot;orientation&quot;:&quot;0&quot;}\" data-image-title=\"ETAPA2_9\" data-image-description=\"\" data-image-caption=\"\" data-medium-file=\"\/es-es\/blogs\/montana\/wp-content\/uploads\/sites\/3\/2021\/04\/ETAPA2_9-300x169.jpg\" data-large-file=\"\/es-es\/blogs\/montana\/wp-content\/uploads\/sites\/3\/2021\/04\/ETAPA2_9.jpg\" class=\"alignnone size-full wp-image-8245\" src=\"\/es-es\/blogs\/montana\/wp-content\/uploads\/sites\/3\/2021\/04\/ETAPA2_9.jpg\" alt=\"tramo lento\" width=\"800\" height=\"450\" srcset=\"\/es-es\/blogs\/montana\/wp-content\/uploads\/sites\/3\/2021\/04\/ETAPA2_9.jpg 800w, \/es-es\/blogs\/montana\/wp-content\/uploads\/sites\/3\/2021\/04\/ETAPA2_9-300x169.jpg 300w, \/es-es\/blogs\/montana\/wp-content\/uploads\/sites\/3\/2021\/04\/ETAPA2_9-768x432.jpg 768w\" sizes=\"auto, (max-width: 800px) 100vw, 800px\" \/><\/p>\n<p><img loading=\"lazy\" decoding=\"async\" data-attachment-id=\"8246\" data-permalink=\"\/es-es\/blogs\/montana\/anillo-de-picos-3-macizos-recorrido-circular-por-los-picos-de-europa-i\/etapa2_10\/\" data-orig-file=\"\/es-es\/blogs\/montana\/wp-content\/uploads\/sites\/3\/2021\/04\/ETAPA2_10.jpg\" data-orig-size=\"800,450\" data-comments-opened=\"1\" data-image-meta=\"{&quot;aperture&quot;:&quot;0&quot;,&quot;credit&quot;:&quot;&quot;,&quot;camera&quot;:&quot;&quot;,&quot;caption&quot;:&quot;&quot;,&quot;created_timestamp&quot;:&quot;0&quot;,&quot;copyright&quot;:&quot;&quot;,&quot;focal_length&quot;:&quot;0&quot;,&quot;iso&quot;:&quot;0&quot;,&quot;shutter_speed&quot;:&quot;0&quot;,&quot;title&quot;:&quot;&quot;,&quot;orientation&quot;:&quot;0&quot;}\" data-image-title=\"ETAPA2_10\" data-image-description=\"\" data-image-caption=\"\" data-medium-file=\"\/es-es\/blogs\/montana\/wp-content\/uploads\/sites\/3\/2021\/04\/ETAPA2_10-300x169.jpg\" data-large-file=\"\/es-es\/blogs\/montana\/wp-content\/uploads\/sites\/3\/2021\/04\/ETAPA2_10.jpg\" class=\"alignnone size-full wp-image-8246\" src=\"\/es-es\/blogs\/montana\/wp-content\/uploads\/sites\/3\/2021\/04\/ETAPA2_10.jpg\" alt=\"Anillo de Picos. Recorrido circular por los Picos de Europa. Bajada\" width=\"800\" height=\"450\" srcset=\"\/es-es\/blogs\/montana\/wp-content\/uploads\/sites\/3\/2021\/04\/ETAPA2_10.jpg 800w, \/es-es\/blogs\/montana\/wp-content\/uploads\/sites\/3\/2021\/04\/ETAPA2_10-300x169.jpg 300w, \/es-es\/blogs\/montana\/wp-content\/uploads\/sites\/3\/2021\/04\/ETAPA2_10-768x432.jpg 768w\" sizes=\"auto, (max-width: 800px) 100vw, 800px\" \/><\/p>\n<p>&nbsp;<\/p>\n<p>Una vez lleguemos al <strong>refugio de Jou de los Cabrones<\/strong> (2034m), podremos recargar agua.<\/p>\n<p>&nbsp;<\/p>\n<p><img loading=\"lazy\" decoding=\"async\" data-attachment-id=\"8247\" data-permalink=\"\/es-es\/blogs\/montana\/anillo-de-picos-3-macizos-recorrido-circular-por-los-picos-de-europa-i\/etapa2_11\/\" data-orig-file=\"\/es-es\/blogs\/montana\/wp-content\/uploads\/sites\/3\/2021\/04\/ETAPA2_11.jpg\" data-orig-size=\"800,450\" data-comments-opened=\"1\" data-image-meta=\"{&quot;aperture&quot;:&quot;0&quot;,&quot;credit&quot;:&quot;&quot;,&quot;camera&quot;:&quot;&quot;,&quot;caption&quot;:&quot;&quot;,&quot;created_timestamp&quot;:&quot;0&quot;,&quot;copyright&quot;:&quot;&quot;,&quot;focal_length&quot;:&quot;0&quot;,&quot;iso&quot;:&quot;0&quot;,&quot;shutter_speed&quot;:&quot;0&quot;,&quot;title&quot;:&quot;&quot;,&quot;orientation&quot;:&quot;0&quot;}\" data-image-title=\"ETAPA2_11\" data-image-description=\"\" data-image-caption=\"\" data-medium-file=\"\/es-es\/blogs\/montana\/wp-content\/uploads\/sites\/3\/2021\/04\/ETAPA2_11-300x169.jpg\" data-large-file=\"\/es-es\/blogs\/montana\/wp-content\/uploads\/sites\/3\/2021\/04\/ETAPA2_11.jpg\" class=\"alignnone size-full wp-image-8247\" src=\"\/es-es\/blogs\/montana\/wp-content\/uploads\/sites\/3\/2021\/04\/ETAPA2_11.jpg\" alt=\"recargar agua\" width=\"800\" height=\"450\" srcset=\"\/es-es\/blogs\/montana\/wp-content\/uploads\/sites\/3\/2021\/04\/ETAPA2_11.jpg 800w, \/es-es\/blogs\/montana\/wp-content\/uploads\/sites\/3\/2021\/04\/ETAPA2_11-300x169.jpg 300w, \/es-es\/blogs\/montana\/wp-content\/uploads\/sites\/3\/2021\/04\/ETAPA2_11-768x432.jpg 768w\" sizes=\"auto, (max-width: 800px) 100vw, 800px\" \/><\/p>\n<p>&nbsp;<\/p>\n<p><strong>Refugio en un entorno totalmente salvaje, apartado de todo<\/strong>, y el menos accesible de todo el parque natural. Por ello tiene un encanto especial, adem\u00e1s de una atenci\u00f3n estupenda del personal que trabaja en \u00e9l.<\/p>\n<p>&nbsp;<\/p>\n<p><img loading=\"lazy\" decoding=\"async\" data-attachment-id=\"8248\" data-permalink=\"\/es-es\/blogs\/montana\/anillo-de-picos-3-macizos-recorrido-circular-por-los-picos-de-europa-i\/etapa2_12\/\" data-orig-file=\"\/es-es\/blogs\/montana\/wp-content\/uploads\/sites\/3\/2021\/04\/ETAPA2_12.jpg\" data-orig-size=\"800,450\" data-comments-opened=\"1\" data-image-meta=\"{&quot;aperture&quot;:&quot;0&quot;,&quot;credit&quot;:&quot;&quot;,&quot;camera&quot;:&quot;&quot;,&quot;caption&quot;:&quot;&quot;,&quot;created_timestamp&quot;:&quot;0&quot;,&quot;copyright&quot;:&quot;&quot;,&quot;focal_length&quot;:&quot;0&quot;,&quot;iso&quot;:&quot;0&quot;,&quot;shutter_speed&quot;:&quot;0&quot;,&quot;title&quot;:&quot;&quot;,&quot;orientation&quot;:&quot;0&quot;}\" data-image-title=\"ETAPA2_12\" data-image-description=\"\" data-image-caption=\"\" data-medium-file=\"\/es-es\/blogs\/montana\/wp-content\/uploads\/sites\/3\/2021\/04\/ETAPA2_12-300x169.jpg\" data-large-file=\"\/es-es\/blogs\/montana\/wp-content\/uploads\/sites\/3\/2021\/04\/ETAPA2_12.jpg\" class=\"alignnone size-full wp-image-8248\" src=\"\/es-es\/blogs\/montana\/wp-content\/uploads\/sites\/3\/2021\/04\/ETAPA2_12.jpg\" alt=\"Anillo de Picos. Recorrido circular por los Picos de Europa. refugio Jou de los Cabrones \" width=\"800\" height=\"450\" srcset=\"\/es-es\/blogs\/montana\/wp-content\/uploads\/sites\/3\/2021\/04\/ETAPA2_12.jpg 800w, \/es-es\/blogs\/montana\/wp-content\/uploads\/sites\/3\/2021\/04\/ETAPA2_12-300x169.jpg 300w, \/es-es\/blogs\/montana\/wp-content\/uploads\/sites\/3\/2021\/04\/ETAPA2_12-768x432.jpg 768w\" sizes=\"auto, (max-width: 800px) 100vw, 800px\" \/><\/p>\n<p>&nbsp;<\/p>\n<p>Otra gran opci\u00f3n para hacer noche si tienen disponibilidad.<\/p>\n<p><strong>Seguiremos por el PR18<\/strong> <strong>hasta el puente Colines<\/strong>, y no dejaremos el PR18, que enlaza con el PR19 por las Salinas de Bulnes.<\/p>\n<p>Este tramo son unos <strong>9,5 kil\u00f3metros hasta llegar al r\u00edo Cares<\/strong> hacia el km 18,5.<\/p>\n<p>&nbsp;<\/p>\n<p><img loading=\"lazy\" decoding=\"async\" data-attachment-id=\"8249\" data-permalink=\"\/es-es\/blogs\/montana\/anillo-de-picos-3-macizos-recorrido-circular-por-los-picos-de-europa-i\/etapa2_13\/\" data-orig-file=\"\/es-es\/blogs\/montana\/wp-content\/uploads\/sites\/3\/2021\/04\/ETAPA2_13.jpg\" data-orig-size=\"800,450\" data-comments-opened=\"1\" data-image-meta=\"{&quot;aperture&quot;:&quot;0&quot;,&quot;credit&quot;:&quot;&quot;,&quot;camera&quot;:&quot;&quot;,&quot;caption&quot;:&quot;&quot;,&quot;created_timestamp&quot;:&quot;0&quot;,&quot;copyright&quot;:&quot;&quot;,&quot;focal_length&quot;:&quot;0&quot;,&quot;iso&quot;:&quot;0&quot;,&quot;shutter_speed&quot;:&quot;0&quot;,&quot;title&quot;:&quot;&quot;,&quot;orientation&quot;:&quot;0&quot;}\" data-image-title=\"ETAPA2_13\" data-image-description=\"\" data-image-caption=\"\" data-medium-file=\"\/es-es\/blogs\/montana\/wp-content\/uploads\/sites\/3\/2021\/04\/ETAPA2_13-300x169.jpg\" data-large-file=\"\/es-es\/blogs\/montana\/wp-content\/uploads\/sites\/3\/2021\/04\/ETAPA2_13.jpg\" class=\"size-full wp-image-8249 aligncenter\" src=\"\/es-es\/blogs\/montana\/wp-content\/uploads\/sites\/3\/2021\/04\/ETAPA2_13.jpg\" alt=\"hacia el r\u00edo Cares\" width=\"800\" height=\"450\" srcset=\"\/es-es\/blogs\/montana\/wp-content\/uploads\/sites\/3\/2021\/04\/ETAPA2_13.jpg 800w, \/es-es\/blogs\/montana\/wp-content\/uploads\/sites\/3\/2021\/04\/ETAPA2_13-300x169.jpg 300w, \/es-es\/blogs\/montana\/wp-content\/uploads\/sites\/3\/2021\/04\/ETAPA2_13-768x432.jpg 768w\" sizes=\"auto, (max-width: 800px) 100vw, 800px\" \/><\/p>\n<p>&nbsp;<\/p>\n<p>Nos encontraremos una <strong>bajada con bastante pendiente<\/strong>. Es f\u00e1cil pensar que, es bajada y lo haremos r\u00e1pido, recuperando el tiempo perdido, pero, \u00a1con calma!, porque es <strong>lenta de bajar.<\/strong><\/p>\n<p>&nbsp;<\/p>\n<p><img loading=\"lazy\" decoding=\"async\" data-attachment-id=\"8250\" data-permalink=\"\/es-es\/blogs\/montana\/anillo-de-picos-3-macizos-recorrido-circular-por-los-picos-de-europa-i\/etapa2_14\/\" data-orig-file=\"\/es-es\/blogs\/montana\/wp-content\/uploads\/sites\/3\/2021\/04\/ETAPA2_14.jpg\" data-orig-size=\"800,450\" data-comments-opened=\"1\" data-image-meta=\"{&quot;aperture&quot;:&quot;0&quot;,&quot;credit&quot;:&quot;&quot;,&quot;camera&quot;:&quot;&quot;,&quot;caption&quot;:&quot;&quot;,&quot;created_timestamp&quot;:&quot;0&quot;,&quot;copyright&quot;:&quot;&quot;,&quot;focal_length&quot;:&quot;0&quot;,&quot;iso&quot;:&quot;0&quot;,&quot;shutter_speed&quot;:&quot;0&quot;,&quot;title&quot;:&quot;&quot;,&quot;orientation&quot;:&quot;0&quot;}\" data-image-title=\"ETAPA2_14\" data-image-description=\"\" data-image-caption=\"\" data-medium-file=\"\/es-es\/blogs\/montana\/wp-content\/uploads\/sites\/3\/2021\/04\/ETAPA2_14-300x169.jpg\" data-large-file=\"\/es-es\/blogs\/montana\/wp-content\/uploads\/sites\/3\/2021\/04\/ETAPA2_14.jpg\" class=\"size-full wp-image-8250 aligncenter\" src=\"\/es-es\/blogs\/montana\/wp-content\/uploads\/sites\/3\/2021\/04\/ETAPA2_14.jpg\" alt=\"Anillo de Picos. Recorrido circular por los Picos de Europa bajada al r\u00edo Cares\" width=\"800\" height=\"450\" srcset=\"\/es-es\/blogs\/montana\/wp-content\/uploads\/sites\/3\/2021\/04\/ETAPA2_14.jpg 800w, \/es-es\/blogs\/montana\/wp-content\/uploads\/sites\/3\/2021\/04\/ETAPA2_14-300x169.jpg 300w, \/es-es\/blogs\/montana\/wp-content\/uploads\/sites\/3\/2021\/04\/ETAPA2_14-768x432.jpg 768w\" sizes=\"auto, (max-width: 800px) 100vw, 800px\" \/><\/p>\n<p><img loading=\"lazy\" decoding=\"async\" data-attachment-id=\"8251\" data-permalink=\"\/es-es\/blogs\/montana\/anillo-de-picos-3-macizos-recorrido-circular-por-los-picos-de-europa-i\/etapa2_15\/\" data-orig-file=\"\/es-es\/blogs\/montana\/wp-content\/uploads\/sites\/3\/2021\/04\/ETAPA2_15.jpg\" data-orig-size=\"800,450\" data-comments-opened=\"1\" data-image-meta=\"{&quot;aperture&quot;:&quot;0&quot;,&quot;credit&quot;:&quot;&quot;,&quot;camera&quot;:&quot;&quot;,&quot;caption&quot;:&quot;&quot;,&quot;created_timestamp&quot;:&quot;0&quot;,&quot;copyright&quot;:&quot;&quot;,&quot;focal_length&quot;:&quot;0&quot;,&quot;iso&quot;:&quot;0&quot;,&quot;shutter_speed&quot;:&quot;0&quot;,&quot;title&quot;:&quot;&quot;,&quot;orientation&quot;:&quot;0&quot;}\" data-image-title=\"ETAPA2_15\" data-image-description=\"\" data-image-caption=\"\" data-medium-file=\"\/es-es\/blogs\/montana\/wp-content\/uploads\/sites\/3\/2021\/04\/ETAPA2_15-300x169.jpg\" data-large-file=\"\/es-es\/blogs\/montana\/wp-content\/uploads\/sites\/3\/2021\/04\/ETAPA2_15.jpg\" class=\"alignnone size-full wp-image-8251\" src=\"\/es-es\/blogs\/montana\/wp-content\/uploads\/sites\/3\/2021\/04\/ETAPA2_15.jpg\" alt=\"Anillo de Picos. Recorrido circular por los Picos de Europa bajada al r\u00edo Cares\" width=\"800\" height=\"450\" srcset=\"\/es-es\/blogs\/montana\/wp-content\/uploads\/sites\/3\/2021\/04\/ETAPA2_15.jpg 800w, \/es-es\/blogs\/montana\/wp-content\/uploads\/sites\/3\/2021\/04\/ETAPA2_15-300x169.jpg 300w, \/es-es\/blogs\/montana\/wp-content\/uploads\/sites\/3\/2021\/04\/ETAPA2_15-768x432.jpg 768w\" sizes=\"auto, (max-width: 800px) 100vw, 800px\" \/><\/p>\n<p>&nbsp;<\/p>\n<p>Sobre el km 14,6, tendremos la <strong>opci\u00f3n de parar en Bulnes<\/strong>, aunque <strong>hay que desviarse un poco<\/strong>. Si nos es necesario, para no tener que ir al pueblo, en el mismo recorrido de bajada hay un <strong>restaurante<\/strong> donde podremos parar y nos atender\u00e1n genial.<\/p>\n<p>Continuaremos por un sendero muy chulo, por el que pasa el r\u00edo a nuestra izquierda, que nos llevar\u00e1 <strong>al puente de Jaya<\/strong>, inicio de la famosa <strong>ruta del Cares por el PR3<\/strong>.<\/p>\n<p>&nbsp;<\/p>\n<p><img loading=\"lazy\" decoding=\"async\" data-attachment-id=\"8252\" data-permalink=\"\/es-es\/blogs\/montana\/anillo-de-picos-3-macizos-recorrido-circular-por-los-picos-de-europa-i\/etapa2_16rutacares\/\" data-orig-file=\"\/es-es\/blogs\/montana\/wp-content\/uploads\/sites\/3\/2021\/04\/ETAPA2_16rutacares.jpg\" data-orig-size=\"800,450\" data-comments-opened=\"1\" data-image-meta=\"{&quot;aperture&quot;:&quot;0&quot;,&quot;credit&quot;:&quot;&quot;,&quot;camera&quot;:&quot;&quot;,&quot;caption&quot;:&quot;&quot;,&quot;created_timestamp&quot;:&quot;0&quot;,&quot;copyright&quot;:&quot;&quot;,&quot;focal_length&quot;:&quot;0&quot;,&quot;iso&quot;:&quot;0&quot;,&quot;shutter_speed&quot;:&quot;0&quot;,&quot;title&quot;:&quot;&quot;,&quot;orientation&quot;:&quot;0&quot;}\" data-image-title=\"ETAPA2_16rutacares\" data-image-description=\"\" data-image-caption=\"\" data-medium-file=\"\/es-es\/blogs\/montana\/wp-content\/uploads\/sites\/3\/2021\/04\/ETAPA2_16rutacares-300x169.jpg\" data-large-file=\"\/es-es\/blogs\/montana\/wp-content\/uploads\/sites\/3\/2021\/04\/ETAPA2_16rutacares.jpg\" class=\"alignnone size-full wp-image-8252\" src=\"\/es-es\/blogs\/montana\/wp-content\/uploads\/sites\/3\/2021\/04\/ETAPA2_16rutacares.jpg\" alt=\"Anillo de Picos. Inicio ruta del Cares\" width=\"800\" height=\"450\" srcset=\"\/es-es\/blogs\/montana\/wp-content\/uploads\/sites\/3\/2021\/04\/ETAPA2_16rutacares.jpg 800w, \/es-es\/blogs\/montana\/wp-content\/uploads\/sites\/3\/2021\/04\/ETAPA2_16rutacares-300x169.jpg 300w, \/es-es\/blogs\/montana\/wp-content\/uploads\/sites\/3\/2021\/04\/ETAPA2_16rutacares-768x432.jpg 768w\" sizes=\"auto, (max-width: 800px) 100vw, 800px\" \/><\/p>\n<p><img loading=\"lazy\" decoding=\"async\" data-attachment-id=\"8253\" data-permalink=\"\/es-es\/blogs\/montana\/anillo-de-picos-3-macizos-recorrido-circular-por-los-picos-de-europa-i\/etapa2_17\/\" data-orig-file=\"\/es-es\/blogs\/montana\/wp-content\/uploads\/sites\/3\/2021\/04\/ETAPA2_17.jpg\" data-orig-size=\"800,450\" data-comments-opened=\"1\" data-image-meta=\"{&quot;aperture&quot;:&quot;0&quot;,&quot;credit&quot;:&quot;&quot;,&quot;camera&quot;:&quot;&quot;,&quot;caption&quot;:&quot;&quot;,&quot;created_timestamp&quot;:&quot;0&quot;,&quot;copyright&quot;:&quot;&quot;,&quot;focal_length&quot;:&quot;0&quot;,&quot;iso&quot;:&quot;0&quot;,&quot;shutter_speed&quot;:&quot;0&quot;,&quot;title&quot;:&quot;&quot;,&quot;orientation&quot;:&quot;0&quot;}\" data-image-title=\"ETAPA2_17\" data-image-description=\"\" data-image-caption=\"\" data-medium-file=\"\/es-es\/blogs\/montana\/wp-content\/uploads\/sites\/3\/2021\/04\/ETAPA2_17-300x169.jpg\" data-large-file=\"\/es-es\/blogs\/montana\/wp-content\/uploads\/sites\/3\/2021\/04\/ETAPA2_17.jpg\" class=\"alignnone size-full wp-image-8253\" src=\"\/es-es\/blogs\/montana\/wp-content\/uploads\/sites\/3\/2021\/04\/ETAPA2_17.jpg\" alt=\"ruta del Cares\" width=\"800\" height=\"450\" srcset=\"\/es-es\/blogs\/montana\/wp-content\/uploads\/sites\/3\/2021\/04\/ETAPA2_17.jpg 800w, \/es-es\/blogs\/montana\/wp-content\/uploads\/sites\/3\/2021\/04\/ETAPA2_17-300x169.jpg 300w, \/es-es\/blogs\/montana\/wp-content\/uploads\/sites\/3\/2021\/04\/ETAPA2_17-768x432.jpg 768w\" sizes=\"auto, (max-width: 800px) 100vw, 800px\" \/><\/p>\n<p>&nbsp;<\/p>\n<p>Debajo del puente tenemos el r\u00edo. Si tenemos tiempo, es recomendable pegarse un <strong>chapuz\u00f3n<\/strong>.<\/p>\n<p>&nbsp;<\/p>\n<p><img loading=\"lazy\" decoding=\"async\" data-attachment-id=\"8254\" data-permalink=\"\/es-es\/blogs\/montana\/anillo-de-picos-3-macizos-recorrido-circular-por-los-picos-de-europa-i\/etapa2_18\/\" data-orig-file=\"\/es-es\/blogs\/montana\/wp-content\/uploads\/sites\/3\/2021\/04\/ETAPA2_18.jpg\" data-orig-size=\"800,450\" data-comments-opened=\"1\" data-image-meta=\"{&quot;aperture&quot;:&quot;0&quot;,&quot;credit&quot;:&quot;&quot;,&quot;camera&quot;:&quot;&quot;,&quot;caption&quot;:&quot;&quot;,&quot;created_timestamp&quot;:&quot;0&quot;,&quot;copyright&quot;:&quot;&quot;,&quot;focal_length&quot;:&quot;0&quot;,&quot;iso&quot;:&quot;0&quot;,&quot;shutter_speed&quot;:&quot;0&quot;,&quot;title&quot;:&quot;&quot;,&quot;orientation&quot;:&quot;0&quot;}\" data-image-title=\"ETAPA2_18\" data-image-description=\"\" data-image-caption=\"\" data-medium-file=\"\/es-es\/blogs\/montana\/wp-content\/uploads\/sites\/3\/2021\/04\/ETAPA2_18-300x169.jpg\" data-large-file=\"\/es-es\/blogs\/montana\/wp-content\/uploads\/sites\/3\/2021\/04\/ETAPA2_18.jpg\" class=\"alignnone size-full wp-image-8254\" src=\"\/es-es\/blogs\/montana\/wp-content\/uploads\/sites\/3\/2021\/04\/ETAPA2_18.jpg\" alt=\"para darse un chapuz\u00f3n\" width=\"800\" height=\"450\" srcset=\"\/es-es\/blogs\/montana\/wp-content\/uploads\/sites\/3\/2021\/04\/ETAPA2_18.jpg 800w, \/es-es\/blogs\/montana\/wp-content\/uploads\/sites\/3\/2021\/04\/ETAPA2_18-300x169.jpg 300w, \/es-es\/blogs\/montana\/wp-content\/uploads\/sites\/3\/2021\/04\/ETAPA2_18-768x432.jpg 768w\" sizes=\"auto, (max-width: 800px) 100vw, 800px\" \/><\/p>\n<p>&nbsp;<\/p>\n<p>Cogeremos la <strong>ruta del Cares unos 8 kil\u00f3metros<\/strong> (\u00a1OJO! no hasta el final) <strong>hasta el inicio de la Canal de Culiembro<\/strong>, donde seguiremos <strong>por el PR3 hasta la Canal de Trea<\/strong>.<\/p>\n<p>La ruta del Cares es m\u00e1s bien falso llano, no acumula mucho desnivel.<\/p>\n<p>&nbsp;<\/p>\n<p><img loading=\"lazy\" decoding=\"async\" data-attachment-id=\"8255\" data-permalink=\"\/es-es\/blogs\/montana\/anillo-de-picos-3-macizos-recorrido-circular-por-los-picos-de-europa-i\/etapa2_19\/\" data-orig-file=\"\/es-es\/blogs\/montana\/wp-content\/uploads\/sites\/3\/2021\/04\/ETAPA2_19.jpg\" data-orig-size=\"800,450\" data-comments-opened=\"1\" data-image-meta=\"{&quot;aperture&quot;:&quot;0&quot;,&quot;credit&quot;:&quot;&quot;,&quot;camera&quot;:&quot;&quot;,&quot;caption&quot;:&quot;&quot;,&quot;created_timestamp&quot;:&quot;0&quot;,&quot;copyright&quot;:&quot;&quot;,&quot;focal_length&quot;:&quot;0&quot;,&quot;iso&quot;:&quot;0&quot;,&quot;shutter_speed&quot;:&quot;0&quot;,&quot;title&quot;:&quot;&quot;,&quot;orientation&quot;:&quot;0&quot;}\" data-image-title=\"ETAPA2_19\" data-image-description=\"\" data-image-caption=\"\" data-medium-file=\"\/es-es\/blogs\/montana\/wp-content\/uploads\/sites\/3\/2021\/04\/ETAPA2_19-300x169.jpg\" data-large-file=\"\/es-es\/blogs\/montana\/wp-content\/uploads\/sites\/3\/2021\/04\/ETAPA2_19.jpg\" class=\"alignnone size-full wp-image-8255\" src=\"\/es-es\/blogs\/montana\/wp-content\/uploads\/sites\/3\/2021\/04\/ETAPA2_19.jpg\" alt=\"Anillo de Picos. Ruta del Cares\" width=\"800\" height=\"450\" srcset=\"\/es-es\/blogs\/montana\/wp-content\/uploads\/sites\/3\/2021\/04\/ETAPA2_19.jpg 800w, \/es-es\/blogs\/montana\/wp-content\/uploads\/sites\/3\/2021\/04\/ETAPA2_19-300x169.jpg 300w, \/es-es\/blogs\/montana\/wp-content\/uploads\/sites\/3\/2021\/04\/ETAPA2_19-768x432.jpg 768w\" sizes=\"auto, (max-width: 800px) 100vw, 800px\" \/><\/p>\n<p><img loading=\"lazy\" decoding=\"async\" data-attachment-id=\"8256\" data-permalink=\"\/es-es\/blogs\/montana\/anillo-de-picos-3-macizos-recorrido-circular-por-los-picos-de-europa-i\/etapa2_20\/\" data-orig-file=\"\/es-es\/blogs\/montana\/wp-content\/uploads\/sites\/3\/2021\/04\/ETAPA2_20.jpg\" data-orig-size=\"800,450\" data-comments-opened=\"1\" data-image-meta=\"{&quot;aperture&quot;:&quot;0&quot;,&quot;credit&quot;:&quot;&quot;,&quot;camera&quot;:&quot;&quot;,&quot;caption&quot;:&quot;&quot;,&quot;created_timestamp&quot;:&quot;0&quot;,&quot;copyright&quot;:&quot;&quot;,&quot;focal_length&quot;:&quot;0&quot;,&quot;iso&quot;:&quot;0&quot;,&quot;shutter_speed&quot;:&quot;0&quot;,&quot;title&quot;:&quot;&quot;,&quot;orientation&quot;:&quot;0&quot;}\" data-image-title=\"ETAPA2_20\" data-image-description=\"\" data-image-caption=\"\" data-medium-file=\"\/es-es\/blogs\/montana\/wp-content\/uploads\/sites\/3\/2021\/04\/ETAPA2_20-300x169.jpg\" data-large-file=\"\/es-es\/blogs\/montana\/wp-content\/uploads\/sites\/3\/2021\/04\/ETAPA2_20.jpg\" class=\"alignnone size-full wp-image-8256\" src=\"\/es-es\/blogs\/montana\/wp-content\/uploads\/sites\/3\/2021\/04\/ETAPA2_20.jpg\" alt=\"ruta del Cares\" width=\"800\" height=\"450\" srcset=\"\/es-es\/blogs\/montana\/wp-content\/uploads\/sites\/3\/2021\/04\/ETAPA2_20.jpg 800w, \/es-es\/blogs\/montana\/wp-content\/uploads\/sites\/3\/2021\/04\/ETAPA2_20-300x169.jpg 300w, \/es-es\/blogs\/montana\/wp-content\/uploads\/sites\/3\/2021\/04\/ETAPA2_20-768x432.jpg 768w\" sizes=\"auto, (max-width: 800px) 100vw, 800px\" \/><\/p>\n<p>&nbsp;<\/p>\n<p>Pero tranquilxs, que <strong>en Trea acumularemos desnivel del buen<\/strong>o. Es una de las 3 subidas m\u00e1s duras por excelencia de todo el anillo de Picos. Acumularemos 1200m+ en 4,3km.<\/p>\n<p>Antes de que empecemos a subir, encontraremos un puente donde al final, hay un punto de agua. Deberemos cargar, ya que lo necesitaremos.<\/p>\n<p>&nbsp;<\/p>\n<p><img loading=\"lazy\" decoding=\"async\" data-attachment-id=\"8258\" data-permalink=\"\/es-es\/blogs\/montana\/anillo-de-picos-3-macizos-recorrido-circular-por-los-picos-de-europa-i\/etapa2_21\/\" data-orig-file=\"\/es-es\/blogs\/montana\/wp-content\/uploads\/sites\/3\/2021\/04\/ETAPA2_21.jpg\" data-orig-size=\"800,450\" data-comments-opened=\"1\" data-image-meta=\"{&quot;aperture&quot;:&quot;0&quot;,&quot;credit&quot;:&quot;&quot;,&quot;camera&quot;:&quot;&quot;,&quot;caption&quot;:&quot;&quot;,&quot;created_timestamp&quot;:&quot;0&quot;,&quot;copyright&quot;:&quot;&quot;,&quot;focal_length&quot;:&quot;0&quot;,&quot;iso&quot;:&quot;0&quot;,&quot;shutter_speed&quot;:&quot;0&quot;,&quot;title&quot;:&quot;&quot;,&quot;orientation&quot;:&quot;0&quot;}\" data-image-title=\"ETAPA2_21\" data-image-description=\"\" data-image-caption=\"\" data-medium-file=\"\/es-es\/blogs\/montana\/wp-content\/uploads\/sites\/3\/2021\/04\/ETAPA2_21-300x169.jpg\" data-large-file=\"\/es-es\/blogs\/montana\/wp-content\/uploads\/sites\/3\/2021\/04\/ETAPA2_21.jpg\" class=\"alignnone size-full wp-image-8258\" src=\"\/es-es\/blogs\/montana\/wp-content\/uploads\/sites\/3\/2021\/04\/ETAPA2_21.jpg\" alt=\"Canal de Trea\" width=\"800\" height=\"450\" srcset=\"\/es-es\/blogs\/montana\/wp-content\/uploads\/sites\/3\/2021\/04\/ETAPA2_21.jpg 800w, \/es-es\/blogs\/montana\/wp-content\/uploads\/sites\/3\/2021\/04\/ETAPA2_21-300x169.jpg 300w, \/es-es\/blogs\/montana\/wp-content\/uploads\/sites\/3\/2021\/04\/ETAPA2_21-768x432.jpg 768w\" sizes=\"auto, (max-width: 800px) 100vw, 800px\" \/><\/p>\n<p><img loading=\"lazy\" decoding=\"async\" data-attachment-id=\"8259\" data-permalink=\"\/es-es\/blogs\/montana\/anillo-de-picos-3-macizos-recorrido-circular-por-los-picos-de-europa-i\/etapa2_22\/\" data-orig-file=\"\/es-es\/blogs\/montana\/wp-content\/uploads\/sites\/3\/2021\/04\/ETAPA2_22.jpg\" data-orig-size=\"800,450\" data-comments-opened=\"1\" data-image-meta=\"{&quot;aperture&quot;:&quot;0&quot;,&quot;credit&quot;:&quot;&quot;,&quot;camera&quot;:&quot;&quot;,&quot;caption&quot;:&quot;&quot;,&quot;created_timestamp&quot;:&quot;0&quot;,&quot;copyright&quot;:&quot;&quot;,&quot;focal_length&quot;:&quot;0&quot;,&quot;iso&quot;:&quot;0&quot;,&quot;shutter_speed&quot;:&quot;0&quot;,&quot;title&quot;:&quot;&quot;,&quot;orientation&quot;:&quot;0&quot;}\" data-image-title=\"ETAPA2_22\" data-image-description=\"\" data-image-caption=\"\" data-medium-file=\"\/es-es\/blogs\/montana\/wp-content\/uploads\/sites\/3\/2021\/04\/ETAPA2_22-300x169.jpg\" data-large-file=\"\/es-es\/blogs\/montana\/wp-content\/uploads\/sites\/3\/2021\/04\/ETAPA2_22.jpg\" class=\"alignnone size-full wp-image-8259\" src=\"\/es-es\/blogs\/montana\/wp-content\/uploads\/sites\/3\/2021\/04\/ETAPA2_22.jpg\" alt=\"Anillo de Picos. Paisaje\" width=\"800\" height=\"450\" srcset=\"\/es-es\/blogs\/montana\/wp-content\/uploads\/sites\/3\/2021\/04\/ETAPA2_22.jpg 800w, \/es-es\/blogs\/montana\/wp-content\/uploads\/sites\/3\/2021\/04\/ETAPA2_22-300x169.jpg 300w, \/es-es\/blogs\/montana\/wp-content\/uploads\/sites\/3\/2021\/04\/ETAPA2_22-768x432.jpg 768w\" sizes=\"auto, (max-width: 800px) 100vw, 800px\" \/><\/p>\n<p>&nbsp;<\/p>\n<p>Una vez lleguemos arriba, no nos confiemos, que nos quedar\u00e1 bastante rato hasta <strong>llegar al refugio Vega de Ario<\/strong> (1630m). Eso s\u00ed, el <strong>paisaje<\/strong> no tiene desperdicio.<\/p>\n<p>&nbsp;<\/p>\n<p><img loading=\"lazy\" decoding=\"async\" data-attachment-id=\"8262\" data-permalink=\"\/es-es\/blogs\/montana\/anillo-de-picos-3-macizos-recorrido-circular-por-los-picos-de-europa-i\/etapa2_23\/\" data-orig-file=\"\/es-es\/blogs\/montana\/wp-content\/uploads\/sites\/3\/2021\/04\/ETAPA2_23.jpg\" data-orig-size=\"800,450\" data-comments-opened=\"1\" data-image-meta=\"{&quot;aperture&quot;:&quot;0&quot;,&quot;credit&quot;:&quot;&quot;,&quot;camera&quot;:&quot;&quot;,&quot;caption&quot;:&quot;&quot;,&quot;created_timestamp&quot;:&quot;0&quot;,&quot;copyright&quot;:&quot;&quot;,&quot;focal_length&quot;:&quot;0&quot;,&quot;iso&quot;:&quot;0&quot;,&quot;shutter_speed&quot;:&quot;0&quot;,&quot;title&quot;:&quot;&quot;,&quot;orientation&quot;:&quot;0&quot;}\" data-image-title=\"ETAPA2_23\" data-image-description=\"\" data-image-caption=\"\" data-medium-file=\"\/es-es\/blogs\/montana\/wp-content\/uploads\/sites\/3\/2021\/04\/ETAPA2_23-300x169.jpg\" data-large-file=\"\/es-es\/blogs\/montana\/wp-content\/uploads\/sites\/3\/2021\/04\/ETAPA2_23.jpg\" class=\"size-full wp-image-8262 aligncenter\" src=\"\/es-es\/blogs\/montana\/wp-content\/uploads\/sites\/3\/2021\/04\/ETAPA2_23.jpg\" alt=\"Paisaje Picos de Europa\" width=\"800\" height=\"450\" srcset=\"\/es-es\/blogs\/montana\/wp-content\/uploads\/sites\/3\/2021\/04\/ETAPA2_23.jpg 800w, \/es-es\/blogs\/montana\/wp-content\/uploads\/sites\/3\/2021\/04\/ETAPA2_23-300x169.jpg 300w, \/es-es\/blogs\/montana\/wp-content\/uploads\/sites\/3\/2021\/04\/ETAPA2_23-768x432.jpg 768w\" sizes=\"auto, (max-width: 800px) 100vw, 800px\" \/><\/p>\n<p><img loading=\"lazy\" decoding=\"async\" data-attachment-id=\"8263\" data-permalink=\"\/es-es\/blogs\/montana\/anillo-de-picos-3-macizos-recorrido-circular-por-los-picos-de-europa-i\/etapa2_24\/\" data-orig-file=\"\/es-es\/blogs\/montana\/wp-content\/uploads\/sites\/3\/2021\/04\/ETAPA2_24.jpg\" data-orig-size=\"800,450\" data-comments-opened=\"1\" data-image-meta=\"{&quot;aperture&quot;:&quot;0&quot;,&quot;credit&quot;:&quot;&quot;,&quot;camera&quot;:&quot;&quot;,&quot;caption&quot;:&quot;&quot;,&quot;created_timestamp&quot;:&quot;0&quot;,&quot;copyright&quot;:&quot;&quot;,&quot;focal_length&quot;:&quot;0&quot;,&quot;iso&quot;:&quot;0&quot;,&quot;shutter_speed&quot;:&quot;0&quot;,&quot;title&quot;:&quot;&quot;,&quot;orientation&quot;:&quot;0&quot;}\" data-image-title=\"ETAPA2_24\" data-image-description=\"\" data-image-caption=\"\" data-medium-file=\"\/es-es\/blogs\/montana\/wp-content\/uploads\/sites\/3\/2021\/04\/ETAPA2_24-300x169.jpg\" data-large-file=\"\/es-es\/blogs\/montana\/wp-content\/uploads\/sites\/3\/2021\/04\/ETAPA2_24.jpg\" class=\"size-full wp-image-8263 aligncenter\" src=\"\/es-es\/blogs\/montana\/wp-content\/uploads\/sites\/3\/2021\/04\/ETAPA2_24.jpg\" alt=\"Despu\u00e9s de 31,5km, llegaremos a Vega de Ario \" width=\"800\" height=\"450\" srcset=\"\/es-es\/blogs\/montana\/wp-content\/uploads\/sites\/3\/2021\/04\/ETAPA2_24.jpg 800w, \/es-es\/blogs\/montana\/wp-content\/uploads\/sites\/3\/2021\/04\/ETAPA2_24-300x169.jpg 300w, \/es-es\/blogs\/montana\/wp-content\/uploads\/sites\/3\/2021\/04\/ETAPA2_24-768x432.jpg 768w\" sizes=\"auto, (max-width: 800px) 100vw, 800px\" \/><\/p>\n<p>&nbsp;<\/p>\n<p><strong>Despu\u00e9s de 31,5 kil\u00f3metros, llegaremos a Vega de Ario<\/strong> (1630m), donde nos esperar\u00e1 una cena buen\u00edsima y una atenci\u00f3n excepcional.<\/p>\n<p>Refugio en un entorno precioso y muy bien conservado.<\/p>\n<p>&nbsp;<\/p>\n<p><img loading=\"lazy\" decoding=\"async\" data-attachment-id=\"8264\" data-permalink=\"\/es-es\/blogs\/montana\/anillo-de-picos-3-macizos-recorrido-circular-por-los-picos-de-europa-i\/etapa2_25\/\" data-orig-file=\"\/es-es\/blogs\/montana\/wp-content\/uploads\/sites\/3\/2021\/04\/ETAPA2_25.jpg\" data-orig-size=\"800,450\" data-comments-opened=\"1\" data-image-meta=\"{&quot;aperture&quot;:&quot;0&quot;,&quot;credit&quot;:&quot;&quot;,&quot;camera&quot;:&quot;&quot;,&quot;caption&quot;:&quot;&quot;,&quot;created_timestamp&quot;:&quot;0&quot;,&quot;copyright&quot;:&quot;&quot;,&quot;focal_length&quot;:&quot;0&quot;,&quot;iso&quot;:&quot;0&quot;,&quot;shutter_speed&quot;:&quot;0&quot;,&quot;title&quot;:&quot;&quot;,&quot;orientation&quot;:&quot;0&quot;}\" data-image-title=\"ETAPA2_25\" data-image-description=\"\" data-image-caption=\"\" data-medium-file=\"\/es-es\/blogs\/montana\/wp-content\/uploads\/sites\/3\/2021\/04\/ETAPA2_25-300x169.jpg\" data-large-file=\"\/es-es\/blogs\/montana\/wp-content\/uploads\/sites\/3\/2021\/04\/ETAPA2_25.jpg\" class=\"size-full wp-image-8264 aligncenter\" src=\"\/es-es\/blogs\/montana\/wp-content\/uploads\/sites\/3\/2021\/04\/ETAPA2_25.jpg\" alt=\"Anillo de Picos: refugio en Vega de Ario\" width=\"800\" height=\"450\" srcset=\"\/es-es\/blogs\/montana\/wp-content\/uploads\/sites\/3\/2021\/04\/ETAPA2_25.jpg 800w, \/es-es\/blogs\/montana\/wp-content\/uploads\/sites\/3\/2021\/04\/ETAPA2_25-300x169.jpg 300w, \/es-es\/blogs\/montana\/wp-content\/uploads\/sites\/3\/2021\/04\/ETAPA2_25-768x432.jpg 768w\" sizes=\"auto, (max-width: 800px) 100vw, 800px\" \/><\/p>\n<p>&nbsp;<\/p>\n<h3>PERFIL Y DETALLES T\u00c9CNICOS<\/h3>\n<p><img loading=\"lazy\" decoding=\"async\" data-attachment-id=\"8266\" data-permalink=\"\/es-es\/blogs\/montana\/anillo-de-picos-3-macizos-recorrido-circular-por-los-picos-de-europa-i\/perfilnocheenruta2tenerosa\/\" data-orig-file=\"\/es-es\/blogs\/montana\/wp-content\/uploads\/sites\/3\/2021\/04\/perfilnocheenRuta2Tenerosa.jpg\" data-orig-size=\"800,491\" data-comments-opened=\"1\" data-image-meta=\"{&quot;aperture&quot;:&quot;0&quot;,&quot;credit&quot;:&quot;&quot;,&quot;camera&quot;:&quot;&quot;,&quot;caption&quot;:&quot;&quot;,&quot;created_timestamp&quot;:&quot;0&quot;,&quot;copyright&quot;:&quot;&quot;,&quot;focal_length&quot;:&quot;0&quot;,&quot;iso&quot;:&quot;0&quot;,&quot;shutter_speed&quot;:&quot;0&quot;,&quot;title&quot;:&quot;&quot;,&quot;orientation&quot;:&quot;0&quot;}\" data-image-title=\"perfilnocheenRuta2Tenerosa\" data-image-description=\"\" data-image-caption=\"\" data-medium-file=\"\/es-es\/blogs\/montana\/wp-content\/uploads\/sites\/3\/2021\/04\/perfilnocheenRuta2Tenerosa-300x184.jpg\" data-large-file=\"\/es-es\/blogs\/montana\/wp-content\/uploads\/sites\/3\/2021\/04\/perfilnocheenRuta2Tenerosa.jpg\" class=\"alignnone size-full wp-image-8266\" src=\"\/es-es\/blogs\/montana\/wp-content\/uploads\/sites\/3\/2021\/04\/perfilnocheenRuta2Tenerosa.jpg\" alt=\"Perfil y detalles t\u00e9cnicos La Tenerosa\" width=\"800\" height=\"491\" srcset=\"\/es-es\/blogs\/montana\/wp-content\/uploads\/sites\/3\/2021\/04\/perfilnocheenRuta2Tenerosa.jpg 800w, \/es-es\/blogs\/montana\/wp-content\/uploads\/sites\/3\/2021\/04\/perfilnocheenRuta2Tenerosa-300x184.jpg 300w, \/es-es\/blogs\/montana\/wp-content\/uploads\/sites\/3\/2021\/04\/perfilnocheenRuta2Tenerosa-768x471.jpg 768w\" sizes=\"auto, (max-width: 800px) 100vw, 800px\" \/><\/p>\n<ul>\n<li><strong>Distancia<\/strong>: 31.52 km<\/li>\n<li><strong>Altura min\/max<\/strong>: 251 m\/2289 m<\/li>\n<li><strong>Desnivel<\/strong>: 2632 m\/-2324 m<\/li>\n<li><strong>Refugios de tramo<\/strong>: La Tenerosa, Vega de Urriellu, Jou de los Cabrones, Vega de Ario.<\/li>\n<li><strong>Macizo Central \u2013 Occidental<\/strong><\/li>\n<\/ul>\n<p>&nbsp;<\/p>\n<h3>A TENER EN CUENTA<\/h3>\n<ul>\n<li>Puntos de agua: 7 durante el recorrido.<\/li>\n<\/ul>\n<p>Desde inicio: 4,8km (Refugio Urriellu); 9km (Refugio Jou de los Cabrones), 12km; 14,5km; 18,8km; 28,3km; fin (Vega de Ario).<\/p>\n<ul>\n<li>Ruta de dificultad t\u00e9cnica elevada.<\/li>\n<li>Hecha en verano, en invierno hay nieve.<\/li>\n<\/ul>\n<p>Hasta ahora te hemos contado paso a paso la primera y la segunda etapa de la ruta Anillo de Picos 3 macizos.\u00a0 Impresionantes, \u00bfverdad? Te dejamos un respiro y en unos d\u00edas te daremos las tres etapas que nos quedan para completar este recorrido circular por los Picos de Europa.<\/p>\n<p>Por\u00a0<strong><a href=\"\/es-es\/blogs\/montana\/trail-molieres-recorrido-de-escandalo-por-el-valle-de-aran\/\" target=\"_blank\" rel=\"noopener\">Jessica Romero Oca\u00f1a<\/a>\u00a0<\/strong><a href=\"https:\/\/www.instagram.com\/brusyotto\/?hl=es\" target=\"_blank\" rel=\"noopener\">(@brusyotto)<\/a>, amante de la monta\u00f1a, aficionada a las carreras de ultra distancia y colaboradora de\u00a0<a href=\"https:\/\/www.forumsport.com\/es-es\/\" target=\"_blank\" rel=\"noopener\">Forum Sport<\/a><\/p>\n<h2 style=\"text-indent: 35.4pt; line-height: 18.0pt; background: white; margin: 0cm 0cm 7.5pt 35.4pt;\"><\/h2>\n","protected":false},"excerpt":{"rendered":"<p>Cuando pensamos en la belleza de la monta\u00f1a a muchxs nos viene a la cabeza los Picos de Europa. Y a ellos nos vamos precisamente haciendo un recorrido circular en 5 etapas. \u00bfTe apetece venir con nosotros en esta ruta Anillo de Picos 3 macizos? [&#8230;]<\/p>\n<p><a class=\"btn btn-secondary understrap-read-more-link\" href=\"\/es-es\/blogs\/montana\/anillo-de-picos-3-macizos-recorrido-circular-por-los-picos-de-europa-i\/\">Conocer m\u00e1s<\/a><\/p>\n","protected":false},"author":1,"featured_media":8285,"comment_status":"open","ping_status":"open","sticky":false,"template":"","format":"standard","meta":{"_seopress_robots_primary_cat":"7","ngg_post_thumbnail":0,"jetpack_post_was_ever_published":false,"_jetpack_newsletter_access":"","_jetpack_dont_email_post_to_subs":false,"_jetpack_newsletter_tier_id":0,"_jetpack_memberships_contains_paywalled_content":false,"_jetpack_memberships_contains_paid_content":false,"footnotes":"","jetpack_publicize_message":"","jetpack_publicize_feature_enabled":true,"jetpack_social_post_already_shared":true,"jetpack_social_options":{"image_generator_settings":{"template":"highway","enabled":false},"version":2}},"categories":[7],"tags":[],"class_list":{"0":"post-8223","1":"post","2":"type-post","3":"status-publish","4":"format-standard","5":"has-post-thumbnail","7":"category-rutas"},"jetpack_publicize_connections":[],"acf":[],"jetpack_sharing_enabled":true,"jetpack_featured_media_url":"\/es-es\/blogs\/montana\/wp-content\/uploads\/sites\/3\/2021\/04\/GettyImages-10717803921.jpg","jetpack_shortlink":"https:\/\/wp.me\/p8n7Aj-28D","jetpack-related-posts":[],"_links":{"self":[{"href":"\/es-es\/blogs\/montana\/wp-json\/wp\/v2\/posts\/8223","targetHints":{"allow":["GET"]}}],"collection":[{"href":"\/es-es\/blogs\/montana\/wp-json\/wp\/v2\/posts"}],"about":[{"href":"\/es-es\/blogs\/montana\/wp-json\/wp\/v2\/types\/post"}],"author":[{"embeddable":true,"href":"\/es-es\/blogs\/montana\/wp-json\/wp\/v2\/users\/1"}],"replies":[{"embeddable":true,"href":"\/es-es\/blogs\/montana\/wp-json\/wp\/v2\/comments?post=8223"}],"version-history":[{"count":28,"href":"\/es-es\/blogs\/montana\/wp-json\/wp\/v2\/posts\/8223\/revisions"}],"predecessor-version":[{"id":8286,"href":"\/es-es\/blogs\/montana\/wp-json\/wp\/v2\/posts\/8223\/revisions\/8286"}],"wp:featuredmedia":[{"embeddable":true,"href":"\/es-es\/blogs\/montana\/wp-json\/wp\/v2\/media\/8285"}],"wp:attachment":[{"href":"\/es-es\/blogs\/montana\/wp-json\/wp\/v2\/media?parent=8223"}],"wp:term":[{"taxonomy":"category","embeddable":true,"href":"\/es-es\/blogs\/montana\/wp-json\/wp\/v2\/categories?post=8223"},{"taxonomy":"post_tag","embeddable":true,"href":"\/es-es\/blogs\/montana\/wp-json\/wp\/v2\/tags?post=8223"}],"curies":[{"name":"wp","href":"https:\/\/api.w.org\/{rel}","templated":true}]}}