{"id":8501,"date":"2021-05-18T15:38:39","date_gmt":"2021-05-18T15:38:39","guid":{"rendered":"\/es-es\/blogs\/montana\/?p=8501"},"modified":"2023-02-10T11:40:46","modified_gmt":"2023-02-10T11:40:46","slug":"hasta-la-cima-de-pico-san-vicente-te-vienes","status":"publish","type":"post","link":"\/es-es\/blogs\/montana\/hasta-la-cima-de-pico-san-vicente-te-vienes\/","title":{"rendered":"Hasta la cima de Pico San Vicente: \u00bfTe vienes?"},"content":{"rendered":"<p>Est\u00e1 en la Sierra de Hornijo, en Cantabria, y desde su cumbre se pueden disfrutar de unos paisajes asombrosos. Hablamos de Pico San Vicente, escarpado, exigente y singular. \u00bfNos vamos de ruta?<\/p>\n<p><!--more--><\/p>\n<p>El <strong>pico San Vicente<\/strong> se conoce popularmente como el <strong>\u201ccervino\u201d c\u00e1ntabro<\/strong> por su silueta, que se asemeja a la singular forma piramidal del monte Cervino, la quinta cima m\u00e1s alta los Alpes, situado entre Suiza e Italia.<\/p>\n<p>&nbsp;<\/p>\n<p><img loading=\"lazy\" decoding=\"async\" data-attachment-id=\"8509\" data-permalink=\"\/es-es\/blogs\/montana\/hasta-la-cima-de-pico-san-vicente-te-vienes\/cueva1turismo\/\" data-orig-file=\"\/es-es\/blogs\/montana\/wp-content\/uploads\/sites\/3\/2021\/05\/cueva1Turismo.jpg\" data-orig-size=\"800,533\" data-comments-opened=\"1\" data-image-meta=\"{&quot;aperture&quot;:&quot;0&quot;,&quot;credit&quot;:&quot;&quot;,&quot;camera&quot;:&quot;&quot;,&quot;caption&quot;:&quot;&quot;,&quot;created_timestamp&quot;:&quot;0&quot;,&quot;copyright&quot;:&quot;&quot;,&quot;focal_length&quot;:&quot;0&quot;,&quot;iso&quot;:&quot;0&quot;,&quot;shutter_speed&quot;:&quot;0&quot;,&quot;title&quot;:&quot;&quot;,&quot;orientation&quot;:&quot;0&quot;}\" data-image-title=\"cueva1Turismo\" data-image-description=\"\" data-image-caption=\"\" data-medium-file=\"\/es-es\/blogs\/montana\/wp-content\/uploads\/sites\/3\/2021\/05\/cueva1Turismo-300x200.jpg\" data-large-file=\"\/es-es\/blogs\/montana\/wp-content\/uploads\/sites\/3\/2021\/05\/cueva1Turismo.jpg\" class=\"size-full wp-image-8509 aligncenter\" src=\"\/es-es\/blogs\/montana\/wp-content\/uploads\/sites\/3\/2021\/05\/cueva1Turismo.jpg\" alt=\"Foto Turismo Cantabria\" width=\"800\" height=\"533\" srcset=\"\/es-es\/blogs\/montana\/wp-content\/uploads\/sites\/3\/2021\/05\/cueva1Turismo.jpg 800w, \/es-es\/blogs\/montana\/wp-content\/uploads\/sites\/3\/2021\/05\/cueva1Turismo-300x200.jpg 300w, \/es-es\/blogs\/montana\/wp-content\/uploads\/sites\/3\/2021\/05\/cueva1Turismo-768x512.jpg 768w\" sizes=\"auto, (max-width: 800px) 100vw, 800px\" \/><\/p>\n<p style=\"text-align: center;\">Pico San Vicente visto desde la caverna de Covalanas. Foto: Turismo de Cantabria<\/p>\n<p>&nbsp;<\/p>\n<p>La <strong>escarpada vertiente oriental<\/strong> del pico San Vicente, en la c\u00e1ntabra Sierra de Hornijo, es un cono rocoso de relieves c\u00e1rsticos que nacen en la orilla del r\u00edo G\u00e1ndara, <strong>cerca de Ramales de la Victoria<\/strong>, y crecen 800 metros de desnivel hasta rematar en una <strong>bonita cumbre piramidal de afilados y agrestes lapiaces<\/strong>. As\u00ed que mucho cuidado por donde se pisa porque nos podemos encontrar con grietas escondidas entre la hierba, y estar provistos de buen calzado de monta\u00f1a.<\/p>\n<p>Durante la ascensi\u00f3n y hasta su cumbre se puede disfrutar de unas <strong>vistas espectaculares<\/strong> de las colinas ganaderas del <a href=\"https:\/\/www.turismodecantabria.com\/descubrela\/municipios\/60-soba\" target=\"_blank\" rel=\"noopener\">Valle de Soba<\/a> y los montes del <a href=\"https:\/\/turismodecantabria.com\/disfrutala\/parques-naturales\/4-parque-natural-de-los-collados-del-ason\" target=\"_blank\" rel=\"noopener\">Parque Natural de los Collados de As\u00f3n<\/a>.<\/p>\n<p>&nbsp;<\/p>\n<p><img loading=\"lazy\" decoding=\"async\" data-attachment-id=\"8510\" data-permalink=\"\/es-es\/blogs\/montana\/hasta-la-cima-de-pico-san-vicente-te-vienes\/paisaje-desde-el-mirador-de-la-gandara-en-soba\/\" data-orig-file=\"\/es-es\/blogs\/montana\/wp-content\/uploads\/sites\/3\/2021\/05\/Valle-de-SobaTurismoCantabria.jpg\" data-orig-size=\"600,400\" data-comments-opened=\"1\" data-image-meta=\"{&quot;aperture&quot;:&quot;8&quot;,&quot;credit&quot;:&quot;Miguel Angel de Arriba&quot;,&quot;camera&quot;:&quot;&quot;,&quot;caption&quot;:&quot;PAISAJE DESDE EL MIRADOR DE LA G\\u00c1NDARA EN SOBA&quot;,&quot;created_timestamp&quot;:&quot;1292075526&quot;,&quot;copyright&quot;:&quot;SOCIEDAD REGIONAL DE CULTURA Y DEPORTE&quot;,&quot;focal_length&quot;:&quot;30.294068803595&quot;,&quot;iso&quot;:&quot;100&quot;,&quot;shutter_speed&quot;:&quot;0.008&quot;,&quot;title&quot;:&quot;PAISAJE DESDE EL MIRADOR DE LA G\\u00c1NDARA EN SOBA&quot;,&quot;orientation&quot;:&quot;1&quot;}\" data-image-title=\"PAISAJE DESDE EL MIRADOR DE LA G\u00c1NDARA EN SOBA\" data-image-description=\"\" data-image-caption=\"&lt;p&gt;PAISAJE DESDE EL MIRADOR DE LA G\u00c1NDARA EN SOBA&lt;\/p&gt;\n\" data-medium-file=\"\/es-es\/blogs\/montana\/wp-content\/uploads\/sites\/3\/2021\/05\/Valle-de-SobaTurismoCantabria-300x200.jpg\" data-large-file=\"\/es-es\/blogs\/montana\/wp-content\/uploads\/sites\/3\/2021\/05\/Valle-de-SobaTurismoCantabria.jpg\" class=\"size-full wp-image-8510 aligncenter\" src=\"\/es-es\/blogs\/montana\/wp-content\/uploads\/sites\/3\/2021\/05\/Valle-de-SobaTurismoCantabria.jpg\" alt=\"Valle de Soba\" width=\"600\" height=\"400\" srcset=\"\/es-es\/blogs\/montana\/wp-content\/uploads\/sites\/3\/2021\/05\/Valle-de-SobaTurismoCantabria.jpg 600w, \/es-es\/blogs\/montana\/wp-content\/uploads\/sites\/3\/2021\/05\/Valle-de-SobaTurismoCantabria-300x200.jpg 300w\" sizes=\"auto, (max-width: 600px) 100vw, 600px\" \/><\/p>\n<p style=\"text-align: center;\">Paisaje desde el mirador de la G\u00e1ndara, en Soba. Foto: Turismo de Cantabria<\/p>\n<p>&nbsp;<\/p>\n<p>La monta\u00f1a presenta dos rutas de ascenso habituales y una traves\u00eda completa de las cimas y collados que componen este macizo calc\u00e1reo.<\/p>\n<h2><strong>Rutas de ascenso al Pico San Vicente<\/strong><\/h2>\n<ul>\n<li>Un itinerario marcado con hitos y se\u00f1ales de pintura sale del <strong>barrio<\/strong> de <strong>Ramales de la Victoria<\/strong> conocido como el <strong>Salto del Oso<\/strong>, un paraje del r\u00edo G\u00e1ndara donde cuenta la tradici\u00f3n que un oso salt\u00f3 el cauce durante una riada. El <strong>sendero<\/strong> recorre los bosques del valle hasta las cuatro<strong> casas de Manzaneda<\/strong> y completa la <strong>subida<\/strong> por las <strong>empinadas terrazas de la cara sur<\/strong>.<\/li>\n<\/ul>\n<ul>\n<li>En el <strong>puente donde se unen los r\u00edos As\u00f3n y G\u00e1ndara<\/strong> sale el <strong>camino de la arista norte<\/strong> (F+), primero por el <strong>GR-74<\/strong>, pasando por <strong>La Ferrer\u00eda<\/strong> y <strong>Torcamanizas<\/strong>, y despu\u00e9s directamente por el <strong>muro de lapiaz<\/strong> y <strong>escalones de hierba<\/strong> de la vertiginosa pared septentrional de la monta\u00f1a.<\/li>\n<\/ul>\n<p>&nbsp;<\/p>\n<figure id=\"attachment_8514\" aria-describedby=\"caption-attachment-8514\" style=\"width: 800px\" class=\"wp-caption alignnone\"><img loading=\"lazy\" decoding=\"async\" data-attachment-id=\"8514\" data-permalink=\"\/es-es\/blogs\/montana\/hasta-la-cima-de-pico-san-vicente-te-vienes\/gettyimages-5002941251\/\" data-orig-file=\"\/es-es\/blogs\/montana\/wp-content\/uploads\/sites\/3\/2021\/05\/GettyImages-5002941251.jpg\" data-orig-size=\"800,600\" data-comments-opened=\"1\" data-image-meta=\"{&quot;aperture&quot;:&quot;0&quot;,&quot;credit&quot;:&quot;&quot;,&quot;camera&quot;:&quot;&quot;,&quot;caption&quot;:&quot;&quot;,&quot;created_timestamp&quot;:&quot;0&quot;,&quot;copyright&quot;:&quot;&quot;,&quot;focal_length&quot;:&quot;0&quot;,&quot;iso&quot;:&quot;0&quot;,&quot;shutter_speed&quot;:&quot;0&quot;,&quot;title&quot;:&quot;&quot;,&quot;orientation&quot;:&quot;0&quot;}\" data-image-title=\"GettyImages-500294125(1)\" data-image-description=\"\" data-image-caption=\"\" data-medium-file=\"\/es-es\/blogs\/montana\/wp-content\/uploads\/sites\/3\/2021\/05\/GettyImages-5002941251-300x225.jpg\" data-large-file=\"\/es-es\/blogs\/montana\/wp-content\/uploads\/sites\/3\/2021\/05\/GettyImages-5002941251.jpg\" class=\"wp-image-8514 size-full\" src=\"\/es-es\/blogs\/montana\/wp-content\/uploads\/sites\/3\/2021\/05\/GettyImages-5002941251.jpg\" alt=\"Pico San Vicente\" width=\"800\" height=\"600\" srcset=\"\/es-es\/blogs\/montana\/wp-content\/uploads\/sites\/3\/2021\/05\/GettyImages-5002941251.jpg 800w, \/es-es\/blogs\/montana\/wp-content\/uploads\/sites\/3\/2021\/05\/GettyImages-5002941251-300x225.jpg 300w, \/es-es\/blogs\/montana\/wp-content\/uploads\/sites\/3\/2021\/05\/GettyImages-5002941251-768x576.jpg 768w\" sizes=\"auto, (max-width: 800px) 100vw, 800px\" \/><figcaption id=\"caption-attachment-8514\" class=\"wp-caption-text\">El r\u00edo As\u00f3n, en Ramales de la Victoria.<\/figcaption><\/figure>\n<p>&nbsp;<\/p>\n<h2><strong>Traves\u00eda<\/strong><\/h2>\n<p>En la cumbre del San Vicente comienza la <strong>traves\u00eda integral de la sierra<\/strong> (AD+), pasando por <strong>El Piquete<\/strong> (917 m), <strong>Hoyufresnu<\/strong> (1.056 m) y <strong>Tobazona<\/strong> (1.039 m).<\/p>\n<p>El terreno de la cuerda es un<strong> suelo muy complicado<\/strong> de lapiaz y relieves c\u00e1rsticos con grandes grietas y fisuras escondidas entre las cepas de hierba. La <strong>distancia<\/strong> <strong>no<\/strong> es <strong>muy larga<\/strong> pero la <strong>progresi\u00f3n<\/strong> es <strong>lenta<\/strong>, <strong>peligrosa<\/strong> y precisa algo de <strong>orientaci\u00f3n t\u00e9cnica<\/strong>.<\/p>\n<p>&nbsp;<\/p>\n<p><strong> <img loading=\"lazy\" decoding=\"async\" data-attachment-id=\"8505\" data-permalink=\"\/es-es\/blogs\/montana\/hasta-la-cima-de-pico-san-vicente-te-vienes\/san-vicente-1\/\" data-orig-file=\"\/es-es\/blogs\/montana\/wp-content\/uploads\/sites\/3\/2021\/05\/san-vicente-1.jpg\" data-orig-size=\"800,460\" data-comments-opened=\"1\" data-image-meta=\"{&quot;aperture&quot;:&quot;0&quot;,&quot;credit&quot;:&quot;&quot;,&quot;camera&quot;:&quot;&quot;,&quot;caption&quot;:&quot;&quot;,&quot;created_timestamp&quot;:&quot;0&quot;,&quot;copyright&quot;:&quot;&quot;,&quot;focal_length&quot;:&quot;0&quot;,&quot;iso&quot;:&quot;0&quot;,&quot;shutter_speed&quot;:&quot;0&quot;,&quot;title&quot;:&quot;&quot;,&quot;orientation&quot;:&quot;0&quot;}\" data-image-title=\"san-vicente-1\" data-image-description=\"\" data-image-caption=\"\" data-medium-file=\"\/es-es\/blogs\/montana\/wp-content\/uploads\/sites\/3\/2021\/05\/san-vicente-1-300x173.jpg\" data-large-file=\"\/es-es\/blogs\/montana\/wp-content\/uploads\/sites\/3\/2021\/05\/san-vicente-1.jpg\" class=\"alignnone size-full wp-image-8505\" src=\"\/es-es\/blogs\/montana\/wp-content\/uploads\/sites\/3\/2021\/05\/san-vicente-1.jpg\" alt=\"Pico San Vicente\" width=\"800\" height=\"460\" srcset=\"\/es-es\/blogs\/montana\/wp-content\/uploads\/sites\/3\/2021\/05\/san-vicente-1.jpg 800w, \/es-es\/blogs\/montana\/wp-content\/uploads\/sites\/3\/2021\/05\/san-vicente-1-300x173.jpg 300w, \/es-es\/blogs\/montana\/wp-content\/uploads\/sites\/3\/2021\/05\/san-vicente-1-768x442.jpg 768w\" sizes=\"auto, (max-width: 800px) 100vw, 800px\" \/><\/strong><\/p>\n<p>&nbsp;<\/p>\n<p>Hablemos ahora de la identidad y naturaleza del paisaje para saber qu\u00e9 es lo que nos vamos a encontrar en esta ruta hasta la cima de Pico San Vicente.<\/p>\n<h2><strong>Paisaje Pico San Vicente<\/strong><\/h2>\n<h3><strong>Modelado glaciar<\/strong><\/h3>\n<p>Las monta\u00f1as y sierras del <strong>Valle de Soba<\/strong> y los <strong>Collados de As\u00f3n<\/strong> son terrenos calizos del Cret\u00e1cico, hace unos 65 millones de a\u00f1os, modelados durante la orogenia alpina y las glaciaciones del Cuaternario.<\/p>\n<p>As\u00ed se desarroll\u00f3 un <strong>paisaje c\u00e1rstico<\/strong> de relieves acentuados con abundantes formaciones de lapiaces, poljes, dolinas y morfolog\u00edas glaciares con los dep\u00f3sitos morr\u00e9nicos m\u00e1s bajos de la pen\u00ednsula ib\u00e9rica a 350 metros de altitud.<\/p>\n<p>La <strong>sierra de Hornijo<\/strong> es una muestra clara de los restos residuales de la erosi\u00f3n glaciar formando agrestes macizos monta\u00f1oso en forma de escalones sobre las planicies de la cordillera.<\/p>\n<p>&nbsp;<\/p>\n<p><img loading=\"lazy\" decoding=\"async\" data-attachment-id=\"8506\" data-permalink=\"\/es-es\/blogs\/montana\/hasta-la-cima-de-pico-san-vicente-te-vienes\/san-vicente-3\/\" data-orig-file=\"\/es-es\/blogs\/montana\/wp-content\/uploads\/sites\/3\/2021\/05\/san-vicente-3.jpg\" data-orig-size=\"800,460\" data-comments-opened=\"1\" data-image-meta=\"{&quot;aperture&quot;:&quot;0&quot;,&quot;credit&quot;:&quot;&quot;,&quot;camera&quot;:&quot;&quot;,&quot;caption&quot;:&quot;&quot;,&quot;created_timestamp&quot;:&quot;0&quot;,&quot;copyright&quot;:&quot;&quot;,&quot;focal_length&quot;:&quot;0&quot;,&quot;iso&quot;:&quot;0&quot;,&quot;shutter_speed&quot;:&quot;0&quot;,&quot;title&quot;:&quot;&quot;,&quot;orientation&quot;:&quot;0&quot;}\" data-image-title=\"san-vicente-3\" data-image-description=\"\" data-image-caption=\"\" data-medium-file=\"\/es-es\/blogs\/montana\/wp-content\/uploads\/sites\/3\/2021\/05\/san-vicente-3-300x173.jpg\" data-large-file=\"\/es-es\/blogs\/montana\/wp-content\/uploads\/sites\/3\/2021\/05\/san-vicente-3.jpg\" class=\"size-full wp-image-8506 aligncenter\" src=\"\/es-es\/blogs\/montana\/wp-content\/uploads\/sites\/3\/2021\/05\/san-vicente-3.jpg\" alt=\"Pico San Vicente\" width=\"800\" height=\"460\" srcset=\"\/es-es\/blogs\/montana\/wp-content\/uploads\/sites\/3\/2021\/05\/san-vicente-3.jpg 800w, \/es-es\/blogs\/montana\/wp-content\/uploads\/sites\/3\/2021\/05\/san-vicente-3-300x173.jpg 300w, \/es-es\/blogs\/montana\/wp-content\/uploads\/sites\/3\/2021\/05\/san-vicente-3-768x442.jpg 768w\" sizes=\"auto, (max-width: 800px) 100vw, 800px\" \/><\/p>\n<p>&nbsp;<\/p>\n<h3><strong>Parque Natural de los Collados de As\u00f3n<\/strong><\/h3>\n<p>Es un paisaje de agua y roca envuelto en el verde deslumbrante de los pastos ganaderos y los relieves calizos de <strong>monta\u00f1a del Alto As\u00f3n<\/strong>, con abundantes muestras de modelado glaciar de la Era Cuaternaria en la monta\u00f1a oriental de Cantabria.<\/p>\n<p>Un lugar que no hay que perderse, sobre todo en primavera, es el salto de agua que forma el nacimiento del r\u00edo As\u00f3n, una de las maravillas naturales del precioso Valle del Soba.<\/p>\n<p>&nbsp;<\/p>\n<p><img loading=\"lazy\" decoding=\"async\" data-attachment-id=\"8507\" data-permalink=\"\/es-es\/blogs\/montana\/hasta-la-cima-de-pico-san-vicente-te-vienes\/cascada-del-ason_1\/\" data-orig-file=\"\/es-es\/blogs\/montana\/wp-content\/uploads\/sites\/3\/2021\/05\/cascada-del-ason_1.jpg\" data-orig-size=\"800,460\" data-comments-opened=\"1\" data-image-meta=\"{&quot;aperture&quot;:&quot;0&quot;,&quot;credit&quot;:&quot;&quot;,&quot;camera&quot;:&quot;&quot;,&quot;caption&quot;:&quot;&quot;,&quot;created_timestamp&quot;:&quot;0&quot;,&quot;copyright&quot;:&quot;&quot;,&quot;focal_length&quot;:&quot;0&quot;,&quot;iso&quot;:&quot;0&quot;,&quot;shutter_speed&quot;:&quot;0&quot;,&quot;title&quot;:&quot;&quot;,&quot;orientation&quot;:&quot;0&quot;}\" data-image-title=\"cascada-del-ason_1\" data-image-description=\"\" data-image-caption=\"\" data-medium-file=\"\/es-es\/blogs\/montana\/wp-content\/uploads\/sites\/3\/2021\/05\/cascada-del-ason_1-300x173.jpg\" data-large-file=\"\/es-es\/blogs\/montana\/wp-content\/uploads\/sites\/3\/2021\/05\/cascada-del-ason_1.jpg\" class=\"size-full wp-image-8507 aligncenter\" src=\"\/es-es\/blogs\/montana\/wp-content\/uploads\/sites\/3\/2021\/05\/cascada-del-ason_1.jpg\" alt=\"Cascada del As\u00f3n\" width=\"800\" height=\"460\" srcset=\"\/es-es\/blogs\/montana\/wp-content\/uploads\/sites\/3\/2021\/05\/cascada-del-ason_1.jpg 800w, \/es-es\/blogs\/montana\/wp-content\/uploads\/sites\/3\/2021\/05\/cascada-del-ason_1-300x173.jpg 300w, \/es-es\/blogs\/montana\/wp-content\/uploads\/sites\/3\/2021\/05\/cascada-del-ason_1-768x442.jpg 768w\" sizes=\"auto, (max-width: 800px) 100vw, 800px\" \/><\/p>\n<p>&nbsp;<\/p>\n<p><a href=\"https:\/\/redcantabrarural.com\/post-portfolio\/collados-del-ason-montana-oriental\/\" target=\"_blank\" rel=\"noopener\">El Centro de Interpretaci\u00f3n<\/a> del espacio protegido est\u00e1 en el Barrio de Lav\u00edn de La G\u00e1ndara de Soba.<\/p>\n<p>&nbsp;<\/p>\n<h3><strong>Arte paleol\u00edtico<\/strong><\/h3>\n<p>El <a href=\"https:\/\/www.aytoramales.org\/\" target=\"_blank\" rel=\"noopener\">municipio de Ramales de la Victoria<\/a> y el Valle de Soba es una <strong>zona arqueol\u00f3gica de primer nivel<\/strong>, con varios <strong>yacimientos<\/strong> y <strong>cuevas<\/strong> declaradas <strong>Bien de Inter\u00e9s Cultural<\/strong>.<\/p>\n<p>La <a href=\"https:\/\/www.turismodecantabria.com\/disfrutala\/que-visitar\/259-cueva-de-covalanas\/buscador-cHJvY2VzYXJCdXNxdWVkYT1vayZub21icmU9Y292YWxhbmFzJmlkQ2F0ZWdvcmlhPTEm\" target=\"_blank\" rel=\"noopener\">Cueva de Covalanas<\/a> es <strong>Patrimonio de la Humanidad<\/strong> por las manifestaciones de <strong>arte rupestre<\/strong> descubiertas en el interior. En las pinturas hay unos veinte ciervos, un caballo y otros animales dibujados en color rojo mediante la t\u00e9cnica de tamponado.<\/p>\n<p>&nbsp;<\/p>\n<p><img loading=\"lazy\" decoding=\"async\" data-attachment-id=\"8508\" data-permalink=\"\/es-es\/blogs\/montana\/hasta-la-cima-de-pico-san-vicente-te-vienes\/cuevaturismo\/\" data-orig-file=\"\/es-es\/blogs\/montana\/wp-content\/uploads\/sites\/3\/2021\/05\/cuevaTurismo.jpg\" data-orig-size=\"800,561\" data-comments-opened=\"1\" data-image-meta=\"{&quot;aperture&quot;:&quot;0&quot;,&quot;credit&quot;:&quot;&quot;,&quot;camera&quot;:&quot;&quot;,&quot;caption&quot;:&quot;&quot;,&quot;created_timestamp&quot;:&quot;0&quot;,&quot;copyright&quot;:&quot;&quot;,&quot;focal_length&quot;:&quot;0&quot;,&quot;iso&quot;:&quot;0&quot;,&quot;shutter_speed&quot;:&quot;0&quot;,&quot;title&quot;:&quot;&quot;,&quot;orientation&quot;:&quot;0&quot;}\" data-image-title=\"cuevaTurismo\" data-image-description=\"\" data-image-caption=\"\" data-medium-file=\"\/es-es\/blogs\/montana\/wp-content\/uploads\/sites\/3\/2021\/05\/cuevaTurismo-300x210.jpg\" data-large-file=\"\/es-es\/blogs\/montana\/wp-content\/uploads\/sites\/3\/2021\/05\/cuevaTurismo.jpg\" class=\"alignnone size-full wp-image-8508\" src=\"\/es-es\/blogs\/montana\/wp-content\/uploads\/sites\/3\/2021\/05\/cuevaTurismo.jpg\" alt=\"Cueva de Covalanas\" width=\"800\" height=\"561\" srcset=\"\/es-es\/blogs\/montana\/wp-content\/uploads\/sites\/3\/2021\/05\/cuevaTurismo.jpg 800w, \/es-es\/blogs\/montana\/wp-content\/uploads\/sites\/3\/2021\/05\/cuevaTurismo-300x210.jpg 300w, \/es-es\/blogs\/montana\/wp-content\/uploads\/sites\/3\/2021\/05\/cuevaTurismo-768x539.jpg 768w\" sizes=\"auto, (max-width: 800px) 100vw, 800px\" \/><\/p>\n<p style=\"text-align: center;\">Foto: Turismo de Cantabria<\/p>\n<p>&nbsp;<\/p>\n<h3><strong>C\u00f3mo llegar a Pico San Vicente<\/strong><\/h3>\n<p>Desde Santander por la A-8 y la N-629 hasta el conjunto urbano de Ramales de la Victoria.<\/p>\n<p>\u00bfGanas de m\u00e1s cimas?<\/p>\n<ul>\n<li><a href=\"\/es-es\/blogs\/montana\/picos-con-aires-alpinos-peninsula\/\" target=\"_blank\" rel=\"noopener\">Cinco picos con aires alpinos en la pen\u00ednsula<\/a><\/li>\n<li><a href=\"\/es-es\/blogs\/montana\/ascension-a-las-cumbres-de-mampodre\/\" target=\"_blank\" rel=\"noopener\">Ascensi\u00f3n a las cumbres de Mampodre<\/a><\/li>\n<li><a href=\"\/es-es\/blogs\/montana\/trail-molieres-recorrido-de-escandalo-por-el-valle-de-aran\/\" target=\"_blank\" rel=\"noopener\">Trail Moli\u00e8res: recorrido de esc\u00e1ndalo por el valle de Ar\u00e1n<\/a><\/li>\n<li><a href=\"\/es-es\/blogs\/montana\/anillo-de-picos-3-macizos-recorrido-circular-por-los-picos-de-europa-i\/\" target=\"_blank\" rel=\"noopener\">Anillo de Picos 3 macizos: recorrido circular por los Picos de Europa (I)<\/a><\/li>\n<li><a href=\"\/es-es\/blogs\/montana\/anillo-de-picos-3-macizos-recorrido-circular-por-los-picos-de-europa-ii\/\" target=\"_blank\" rel=\"noopener\">Anillo de Picos 3 macizos: recorrido circular por los Picos de Europa (II)<\/a><\/li>\n<\/ul>\n","protected":false},"excerpt":{"rendered":"<p>Est\u00e1 en la Sierra de Hornijo, en Cantabria, y desde su cumbre se pueden disfrutar de unos paisajes asombrosos. Hablamos de Pico San Vicente, escarpado, exigente y singular. \u00bfNos vamos de ruta? [&#8230;]<\/p>\n<p><a class=\"btn btn-secondary understrap-read-more-link\" href=\"\/es-es\/blogs\/montana\/hasta-la-cima-de-pico-san-vicente-te-vienes\/\">Conocer m\u00e1s<\/a><\/p>\n","protected":false},"author":1,"featured_media":8504,"comment_status":"open","ping_status":"open","sticky":false,"template":"","format":"standard","meta":{"_seopress_robots_primary_cat":"7","ngg_post_thumbnail":0,"jetpack_post_was_ever_published":false,"_jetpack_newsletter_access":"","_jetpack_dont_email_post_to_subs":false,"_jetpack_newsletter_tier_id":0,"_jetpack_memberships_contains_paywalled_content":false,"_jetpack_memberships_contains_paid_content":false,"footnotes":"","jetpack_publicize_message":"","jetpack_publicize_feature_enabled":true,"jetpack_social_post_already_shared":true,"jetpack_social_options":{"image_generator_settings":{"template":"highway","enabled":false},"version":2}},"categories":[7],"tags":[],"class_list":{"0":"post-8501","1":"post","2":"type-post","3":"status-publish","4":"format-standard","5":"has-post-thumbnail","7":"category-rutas"},"jetpack_publicize_connections":[],"acf":[],"jetpack_sharing_enabled":true,"jetpack_featured_media_url":"\/es-es\/blogs\/montana\/wp-content\/uploads\/sites\/3\/2021\/05\/san-vicente4_home.jpg","jetpack_shortlink":"https:\/\/wp.me\/p8n7Aj-2d7","jetpack-related-posts":[],"_links":{"self":[{"href":"\/es-es\/blogs\/montana\/wp-json\/wp\/v2\/posts\/8501","targetHints":{"allow":["GET"]}}],"collection":[{"href":"\/es-es\/blogs\/montana\/wp-json\/wp\/v2\/posts"}],"about":[{"href":"\/es-es\/blogs\/montana\/wp-json\/wp\/v2\/types\/post"}],"author":[{"embeddable":true,"href":"\/es-es\/blogs\/montana\/wp-json\/wp\/v2\/users\/1"}],"replies":[{"embeddable":true,"href":"\/es-es\/blogs\/montana\/wp-json\/wp\/v2\/comments?post=8501"}],"version-history":[{"count":8,"href":"\/es-es\/blogs\/montana\/wp-json\/wp\/v2\/posts\/8501\/revisions"}],"predecessor-version":[{"id":12448,"href":"\/es-es\/blogs\/montana\/wp-json\/wp\/v2\/posts\/8501\/revisions\/12448"}],"wp:featuredmedia":[{"embeddable":true,"href":"\/es-es\/blogs\/montana\/wp-json\/wp\/v2\/media\/8504"}],"wp:attachment":[{"href":"\/es-es\/blogs\/montana\/wp-json\/wp\/v2\/media?parent=8501"}],"wp:term":[{"taxonomy":"category","embeddable":true,"href":"\/es-es\/blogs\/montana\/wp-json\/wp\/v2\/categories?post=8501"},{"taxonomy":"post_tag","embeddable":true,"href":"\/es-es\/blogs\/montana\/wp-json\/wp\/v2\/tags?post=8501"}],"curies":[{"name":"wp","href":"https:\/\/api.w.org\/{rel}","templated":true}]}}