{"id":8518,"date":"2021-05-26T15:42:43","date_gmt":"2021-05-26T15:42:43","guid":{"rendered":"\/es-es\/blogs\/montana\/?p=8518"},"modified":"2021-06-02T18:27:26","modified_gmt":"2021-06-02T18:27:26","slug":"5-rutas-por-la-peninsula-que-son-autenticos-tesoros-por-descubrir","status":"publish","type":"post","link":"\/es-es\/blogs\/montana\/5-rutas-por-la-peninsula-que-son-autenticos-tesoros-por-descubrir\/","title":{"rendered":"5 rutas por la Pen\u00ednsula que son aut\u00e9nticos tesoros por descubrir"},"content":{"rendered":"<p>Pasa bastantes veces: nos vamos lejos para conocer y recorrer pa\u00edses m\u00e1s o menos ex\u00f3ticos y lo que tenemos bien cerquita, que es igual o mejor, no lo conocemos. Por eso te invitamos a descubrir estos aut\u00e9nticos tesoros outdoor que nos est\u00e1n esperando. Apunta en tu agenda estas 5 rutas por la Pen\u00ednsula que te sorprender\u00e1n.<br \/>\n<!--more--><br \/>\nEste verano es ideal para descubrir nuestra geograf\u00eda y algunos de esos rincones que pasan desapercibidos y nos dan ese soplo de aire fresco y renovaci\u00f3n que tanto necesitamos.<\/p>\n<p>Aqu\u00ed tienes estas 5 rutas por la Pen\u00ednsula que a buen seguro te sorprender\u00e1n por todo lo que ofrecen a las y los amantes del aire libre.<\/p>\n<p>&nbsp;<\/p>\n<p><img loading=\"lazy\" decoding=\"async\" data-attachment-id=\"8523\" data-permalink=\"\/es-es\/blogs\/montana\/5-rutas-por-la-peninsula-que-son-autenticos-tesoros-por-descubrir\/1-13\/\" data-orig-file=\"\/es-es\/blogs\/montana\/wp-content\/uploads\/sites\/3\/2021\/05\/1-1.jpg\" data-orig-size=\"800,460\" data-comments-opened=\"1\" data-image-meta=\"{&quot;aperture&quot;:&quot;0&quot;,&quot;credit&quot;:&quot;&quot;,&quot;camera&quot;:&quot;&quot;,&quot;caption&quot;:&quot;&quot;,&quot;created_timestamp&quot;:&quot;0&quot;,&quot;copyright&quot;:&quot;&quot;,&quot;focal_length&quot;:&quot;0&quot;,&quot;iso&quot;:&quot;0&quot;,&quot;shutter_speed&quot;:&quot;0&quot;,&quot;title&quot;:&quot;&quot;,&quot;orientation&quot;:&quot;0&quot;}\" data-image-title=\"1\" data-image-description=\"\" data-image-caption=\"\" data-medium-file=\"\/es-es\/blogs\/montana\/wp-content\/uploads\/sites\/3\/2021\/05\/1-1-300x173.jpg\" data-large-file=\"\/es-es\/blogs\/montana\/wp-content\/uploads\/sites\/3\/2021\/05\/1-1.jpg\" class=\"alignnone size-full wp-image-8523 aligncenter\" src=\"\/es-es\/blogs\/montana\/wp-content\/uploads\/sites\/3\/2021\/05\/1-1.jpg\" alt=\"5 rutas por la pen\u00ednsula que son aut\u00e9nticos tesoros por descubrir\" width=\"800\" height=\"460\" srcset=\"\/es-es\/blogs\/montana\/wp-content\/uploads\/sites\/3\/2021\/05\/1-1.jpg 800w, \/es-es\/blogs\/montana\/wp-content\/uploads\/sites\/3\/2021\/05\/1-1-300x173.jpg 300w, \/es-es\/blogs\/montana\/wp-content\/uploads\/sites\/3\/2021\/05\/1-1-768x442.jpg 768w\" sizes=\"auto, (max-width: 800px) 100vw, 800px\" \/><\/p>\n<p>&nbsp;<\/p>\n<h2><strong>1. La Laguna del Campillo<\/strong><\/h2>\n<p><a href=\"http:\/\/www.madrid.org\/cs\/Satellite?blobcol=urldata&amp;blobheader=application%2Fpdf&amp;blobheadername1=Content-Disposition&amp;blobheadervalue1=filename%3DLa+laguna+del+Campillo+baja.pdf&amp;blobkey=id&amp;blobtable=MungoBlobs&amp;blobwhere=1352836854087&amp;ssbinary=true\" target=\"_blank\" rel=\"noopener\">Un lugar perfecto <strong>para hacer senderismo<\/strong><\/a>, tanto con ni\u00f1os como sin ellos, y tambi\u00e9n para el <strong>avistamiento de aves<\/strong>. Se encuentra en <strong>Rivas-Vaciamadrid<\/strong> a unos pocos minutos de Madrid y pertenece\u00a0al parque regional del sureste.<\/p>\n<p>Tiene un <strong>paisaje realmente espectacular<\/strong>, sobre todo por los acantilados y la fauna y la flora.<\/p>\n<p>Algo que no muchas personas saben es que aqu\u00ed tuvo lugar parte de la guerra civil en la batalla del Jarama y todav\u00eda se pueden encontrar restos de ella, tanto en la zona de la Laguna del Campillo que est\u00e1 a un lado del Jarama como en la otra orilla, en forma de cuevas, obuses, trincheras y b\u00fankeres como el de la Mara\u00f1osa, que est\u00e1 en la otra orilla del r\u00edo.<\/p>\n<p>&nbsp;<\/p>\n<p><img loading=\"lazy\" decoding=\"async\" data-attachment-id=\"8519\" data-permalink=\"\/es-es\/blogs\/montana\/5-rutas-por-la-peninsula-que-son-autenticos-tesoros-por-descubrir\/2-12\/\" data-orig-file=\"\/es-es\/blogs\/montana\/wp-content\/uploads\/sites\/3\/2021\/05\/2.jpg\" data-orig-size=\"800,533\" data-comments-opened=\"1\" data-image-meta=\"{&quot;aperture&quot;:&quot;0&quot;,&quot;credit&quot;:&quot;&quot;,&quot;camera&quot;:&quot;&quot;,&quot;caption&quot;:&quot;&quot;,&quot;created_timestamp&quot;:&quot;0&quot;,&quot;copyright&quot;:&quot;&quot;,&quot;focal_length&quot;:&quot;0&quot;,&quot;iso&quot;:&quot;0&quot;,&quot;shutter_speed&quot;:&quot;0&quot;,&quot;title&quot;:&quot;&quot;,&quot;orientation&quot;:&quot;0&quot;}\" data-image-title=\"2\" data-image-description=\"\" data-image-caption=\"\" data-medium-file=\"\/es-es\/blogs\/montana\/wp-content\/uploads\/sites\/3\/2021\/05\/2-300x200.jpg\" data-large-file=\"\/es-es\/blogs\/montana\/wp-content\/uploads\/sites\/3\/2021\/05\/2.jpg\" class=\"alignnone size-full wp-image-8519\" src=\"\/es-es\/blogs\/montana\/wp-content\/uploads\/sites\/3\/2021\/05\/2.jpg\" alt=\"La Laguna del Campillo\" width=\"800\" height=\"533\" srcset=\"\/es-es\/blogs\/montana\/wp-content\/uploads\/sites\/3\/2021\/05\/2.jpg 800w, \/es-es\/blogs\/montana\/wp-content\/uploads\/sites\/3\/2021\/05\/2-300x200.jpg 300w, \/es-es\/blogs\/montana\/wp-content\/uploads\/sites\/3\/2021\/05\/2-768x512.jpg 768w\" sizes=\"auto, (max-width: 800px) 100vw, 800px\" \/><\/p>\n<p>&nbsp;<\/p>\n<h2><strong>2. Las Barrancas de Buruj\u00f3n<\/strong><\/h2>\n<p>Se trata de un lugar realmente fascinante por el <strong>paisaje<\/strong> que conforma este lugar y la atm\u00f3sfera que lo rodea.<\/p>\n<p>Se ha ganado <a href=\"http:\/\/www.turismocastillalamancha.es\/naturaleza\/barrancas-de-castrejon-y-calana-61175\/descripcion\/\" target=\"_blank\" rel=\"noopener\">el sobrenombre del <strong>ca\u00f1\u00f3n del colorado manchego<\/strong><\/a> por su gran parecido con el Ca\u00f1\u00f3n del Colorado debido a la<strong> curiosa geolog\u00eda del terreno<\/strong> (c\u00e1rcavas) y tambi\u00e9n por los <strong>colores<\/strong> que presentan estas formaciones.<\/p>\n<p>Adem\u00e1s, seg\u00fan va avanzando el d\u00eda los colores van cambiando, lo cual aumenta el espect\u00e1culo.<\/p>\n<p>Este maravilloso lugar se encuentra <strong>a unos 30 kil\u00f3metros de Toledo<\/strong>, en el <strong>municipio de Buruj\u00f3n<\/strong> y es un lugar perfecto para hacer una excursi\u00f3n de un d\u00eda y poder as\u00ed contemplar la singularidad de este lugar.<\/p>\n<p>&nbsp;<\/p>\n<p><img loading=\"lazy\" decoding=\"async\" data-attachment-id=\"8535\" data-permalink=\"\/es-es\/blogs\/montana\/5-rutas-por-la-peninsula-que-son-autenticos-tesoros-por-descubrir\/gettyimages-1784565581\/\" data-orig-file=\"\/es-es\/blogs\/montana\/wp-content\/uploads\/sites\/3\/2021\/05\/GettyImages-1784565581.jpg\" data-orig-size=\"800,600\" data-comments-opened=\"1\" data-image-meta=\"{&quot;aperture&quot;:&quot;0&quot;,&quot;credit&quot;:&quot;&quot;,&quot;camera&quot;:&quot;&quot;,&quot;caption&quot;:&quot;&quot;,&quot;created_timestamp&quot;:&quot;0&quot;,&quot;copyright&quot;:&quot;&quot;,&quot;focal_length&quot;:&quot;0&quot;,&quot;iso&quot;:&quot;0&quot;,&quot;shutter_speed&quot;:&quot;0&quot;,&quot;title&quot;:&quot;&quot;,&quot;orientation&quot;:&quot;0&quot;}\" data-image-title=\"GettyImages-178456558(1)\" data-image-description=\"\" data-image-caption=\"\" data-medium-file=\"\/es-es\/blogs\/montana\/wp-content\/uploads\/sites\/3\/2021\/05\/GettyImages-1784565581-300x225.jpg\" data-large-file=\"\/es-es\/blogs\/montana\/wp-content\/uploads\/sites\/3\/2021\/05\/GettyImages-1784565581.jpg\" class=\"alignnone size-full wp-image-8535\" src=\"\/es-es\/blogs\/montana\/wp-content\/uploads\/sites\/3\/2021\/05\/GettyImages-1784565581.jpg\" alt=\"5 rutas por la pen\u00ednsula\" width=\"800\" height=\"600\" srcset=\"\/es-es\/blogs\/montana\/wp-content\/uploads\/sites\/3\/2021\/05\/GettyImages-1784565581.jpg 800w, \/es-es\/blogs\/montana\/wp-content\/uploads\/sites\/3\/2021\/05\/GettyImages-1784565581-300x225.jpg 300w, \/es-es\/blogs\/montana\/wp-content\/uploads\/sites\/3\/2021\/05\/GettyImages-1784565581-768x576.jpg 768w\" sizes=\"auto, (max-width: 800px) 100vw, 800px\" \/><\/p>\n<p>&nbsp;<\/p>\n<p>Una vez llegas al parking puedes disfrutar del paisaje mediante <strong>dos senderos<\/strong> que no tienen p\u00e9rdida:<\/p>\n<ul>\n<li>Uno es circular y recorre los principales miradores del lugar y tiene <strong>6 kil\u00f3metros<\/strong> de recorrido.<\/li>\n<li>Y el otro es de <strong>ida y vuelta<\/strong> y te da una perspectiva diferente del lugar, ya que discurre por encima de los acantilados, por lo tanto, las vistas son incre\u00edbles.<\/li>\n<\/ul>\n<p>Adem\u00e1s de poder hacer <strong>senderismo<\/strong>, tambi\u00e9n puedes disfrutar con la <strong><a href=\"\/es-es\/blogs\/montana\/birdwatching-los-mejores-lugares-para-observacion-aves\/\" target=\"_blank\" rel=\"noopener\">observaci\u00f3n de aves<\/a>,<\/strong> ya que es una zona de especial protecci\u00f3n para ellas, y tambi\u00e9n es un magn\u00edfico lugar para <strong>observar las estrellas y la v\u00eda l\u00e1ctea.<\/strong><\/p>\n<p>&nbsp;<\/p>\n<p><img loading=\"lazy\" decoding=\"async\" data-attachment-id=\"8520\" data-permalink=\"\/es-es\/blogs\/montana\/5-rutas-por-la-peninsula-que-son-autenticos-tesoros-por-descubrir\/3-13\/\" data-orig-file=\"\/es-es\/blogs\/montana\/wp-content\/uploads\/sites\/3\/2021\/05\/3-1.jpg\" data-orig-size=\"800,600\" data-comments-opened=\"1\" data-image-meta=\"{&quot;aperture&quot;:&quot;0&quot;,&quot;credit&quot;:&quot;&quot;,&quot;camera&quot;:&quot;&quot;,&quot;caption&quot;:&quot;&quot;,&quot;created_timestamp&quot;:&quot;0&quot;,&quot;copyright&quot;:&quot;&quot;,&quot;focal_length&quot;:&quot;0&quot;,&quot;iso&quot;:&quot;0&quot;,&quot;shutter_speed&quot;:&quot;0&quot;,&quot;title&quot;:&quot;&quot;,&quot;orientation&quot;:&quot;0&quot;}\" data-image-title=\"3\" data-image-description=\"\" data-image-caption=\"\" data-medium-file=\"\/es-es\/blogs\/montana\/wp-content\/uploads\/sites\/3\/2021\/05\/3-1-300x225.jpg\" data-large-file=\"\/es-es\/blogs\/montana\/wp-content\/uploads\/sites\/3\/2021\/05\/3-1.jpg\" class=\"size-full wp-image-8520 aligncenter\" src=\"\/es-es\/blogs\/montana\/wp-content\/uploads\/sites\/3\/2021\/05\/3-1.jpg\" alt=\"Las Barrancas de Buruj\u00f3n\" width=\"800\" height=\"600\" srcset=\"\/es-es\/blogs\/montana\/wp-content\/uploads\/sites\/3\/2021\/05\/3-1.jpg 800w, \/es-es\/blogs\/montana\/wp-content\/uploads\/sites\/3\/2021\/05\/3-1-300x225.jpg 300w, \/es-es\/blogs\/montana\/wp-content\/uploads\/sites\/3\/2021\/05\/3-1-768x576.jpg 768w\" sizes=\"auto, (max-width: 800px) 100vw, 800px\" \/><\/p>\n<p>&nbsp;<\/p>\n<h2><strong>3. Priego<\/strong><\/h2>\n<p>Es <a href=\"http:\/\/www.turismocastillalamancha.es\/patrimonio\/priego-40531\/descripcion\/\" target=\"_blank\" rel=\"noopener\">un pueblo que se encuentra en <strong>el norte de la provincia de Cuenca<\/strong><\/a> y que hace frontera con la serran\u00eda de Cuenca.<\/p>\n<p>Al estar situado entre La Alcarria y la serran\u00eda conquense, cuenta con un <strong>rico patrimonio natural<\/strong> entre el que hay que destacar las <strong>sierras del Rodenal y Valseco<\/strong>. Por las que discurre el <strong>r\u00edo Escabas<\/strong>, que forma a su paso por el pueblo de Priego, el <strong><a href=\"https:\/\/www.descubrecuenca.com\/es\/enclaves-y-poblaciones\/la-alcarria\/priego-estrecho-de-priego-14\" target=\"_blank\" rel=\"noopener\">Estrecho de Priego<\/a><\/strong>, una hoz absolutamente espectacular con unas paredes de granito enormes y que sirve de refugio a buitres leonados, adem\u00e1s de otras aves.<\/p>\n<p>En este lugar, adem\u00e1s de poder contemplar el maravilloso <strong>paisaje<\/strong> que nos regala la serran\u00eda de Cuenca, podemos realizar varias <strong>actividades<\/strong> como senderismo, ba\u00f1arse en el r\u00edo.<\/p>\n<p>Es tambi\u00e9n el mejor lugar para iniciarse en el mundo de las v\u00edas ferratas, ya que hay 2 que son f\u00e1ciles:<\/p>\n<ul>\n<li>La primera, que se conoce con el nombre de <strong>Estrecho de Priego<\/strong>, es la <strong>m\u00e1s sencilla<\/strong> de las dos. Es una <strong>K3<\/strong>, que es perfecta para iniciarse tanto para ni\u00f1os que midan a partir de 1,20 metros como para adultos. El <strong>\u00fanico tramo que puede dar alg\u00fan que otro problema <\/strong>es al comienzo de la v\u00eda, en la mitad superior de la placa vertical, cuando nos encontramos con un peque\u00f1o desplome. Por lo dem\u00e1s es sencilla y muy divertida.<\/li>\n<\/ul>\n<ul>\n<li>La otra v\u00eda ferrata que hay es la de <strong>las buitreras<\/strong> que es una <strong>K4<\/strong> y es m\u00e1s larga y dura que la anterior.<\/li>\n<\/ul>\n<p>&nbsp;<\/p>\n<p><img loading=\"lazy\" decoding=\"async\" data-attachment-id=\"8521\" data-permalink=\"\/es-es\/blogs\/montana\/5-rutas-por-la-peninsula-que-son-autenticos-tesoros-por-descubrir\/4-11\/\" data-orig-file=\"\/es-es\/blogs\/montana\/wp-content\/uploads\/sites\/3\/2021\/05\/4-1.jpg\" data-orig-size=\"800,600\" data-comments-opened=\"1\" data-image-meta=\"{&quot;aperture&quot;:&quot;0&quot;,&quot;credit&quot;:&quot;&quot;,&quot;camera&quot;:&quot;&quot;,&quot;caption&quot;:&quot;&quot;,&quot;created_timestamp&quot;:&quot;0&quot;,&quot;copyright&quot;:&quot;&quot;,&quot;focal_length&quot;:&quot;0&quot;,&quot;iso&quot;:&quot;0&quot;,&quot;shutter_speed&quot;:&quot;0&quot;,&quot;title&quot;:&quot;&quot;,&quot;orientation&quot;:&quot;0&quot;}\" data-image-title=\"4\" data-image-description=\"\" data-image-caption=\"\" data-medium-file=\"\/es-es\/blogs\/montana\/wp-content\/uploads\/sites\/3\/2021\/05\/4-1-300x225.jpg\" data-large-file=\"\/es-es\/blogs\/montana\/wp-content\/uploads\/sites\/3\/2021\/05\/4-1.jpg\" class=\"size-full wp-image-8521 aligncenter\" src=\"\/es-es\/blogs\/montana\/wp-content\/uploads\/sites\/3\/2021\/05\/4-1.jpg\" alt=\"5 rutas por la pen\u00ednsula que son aut\u00e9nticos tesoros por descubrir\" width=\"800\" height=\"600\" srcset=\"\/es-es\/blogs\/montana\/wp-content\/uploads\/sites\/3\/2021\/05\/4-1.jpg 800w, \/es-es\/blogs\/montana\/wp-content\/uploads\/sites\/3\/2021\/05\/4-1-300x225.jpg 300w, \/es-es\/blogs\/montana\/wp-content\/uploads\/sites\/3\/2021\/05\/4-1-768x576.jpg 768w\" sizes=\"auto, (max-width: 800px) 100vw, 800px\" \/><\/p>\n<p>&nbsp;<\/p>\n<h2><strong>4. Cabo Cope<\/strong><\/h2>\n<p>En el municipio de <strong>\u00c1guilas<\/strong>, en <strong>Murcia<\/strong>, se encuentra este remanso de paz y tranquilidad. Cabo Cope es un lugar fant\u00e1stico, que todav\u00eda no es muy conocido y por eso es <strong>costa virgen<\/strong>.<\/p>\n<p>Forma parte del Parque Regional de <a href=\"https:\/\/www.murciaturistica.es\/es\/espacio_natural\/cabo-cope-y-puntas-de-calnegre-4502\/\" target=\"_blank\" rel=\"noopener\">Cabo Cope y Puntas de Calnegre<\/a> . Se encuentra muy cerca de la ciudad de Calabardina y tiene una <strong>gran fauna<\/strong>. Tambi\u00e9n es un lugar de <strong>inter\u00e9s cultural<\/strong>, ya que puedes encontrar restos del neol\u00edtico en las cuevas que hay all\u00ed y la Torre de Cope.<\/p>\n<p>Adem\u00e1s de Cabo Cope hay que destacar la ciudad de <strong><a href=\"https:\/\/www.regmurcia.com\/servlet\/s.Sl?sit=a,828,c,373,m,1871\" target=\"_blank\" rel=\"noopener\">Calabardina<\/a><\/strong> que posee unos fondos marinos espectaculares para el buceo al igual que la Isla del Fraile, situada al este de \u00c1guilas.<\/p>\n<p>&nbsp;<\/p>\n<p><img loading=\"lazy\" decoding=\"async\" data-attachment-id=\"8522\" data-permalink=\"\/es-es\/blogs\/montana\/5-rutas-por-la-peninsula-que-son-autenticos-tesoros-por-descubrir\/5-10\/\" data-orig-file=\"\/es-es\/blogs\/montana\/wp-content\/uploads\/sites\/3\/2021\/05\/5-1.jpg\" data-orig-size=\"800,599\" data-comments-opened=\"1\" data-image-meta=\"{&quot;aperture&quot;:&quot;0&quot;,&quot;credit&quot;:&quot;&quot;,&quot;camera&quot;:&quot;&quot;,&quot;caption&quot;:&quot;&quot;,&quot;created_timestamp&quot;:&quot;0&quot;,&quot;copyright&quot;:&quot;&quot;,&quot;focal_length&quot;:&quot;0&quot;,&quot;iso&quot;:&quot;0&quot;,&quot;shutter_speed&quot;:&quot;0&quot;,&quot;title&quot;:&quot;&quot;,&quot;orientation&quot;:&quot;0&quot;}\" data-image-title=\"5\" data-image-description=\"\" data-image-caption=\"\" data-medium-file=\"\/es-es\/blogs\/montana\/wp-content\/uploads\/sites\/3\/2021\/05\/5-1-300x225.jpg\" data-large-file=\"\/es-es\/blogs\/montana\/wp-content\/uploads\/sites\/3\/2021\/05\/5-1.jpg\" class=\"size-full wp-image-8522 aligncenter\" src=\"\/es-es\/blogs\/montana\/wp-content\/uploads\/sites\/3\/2021\/05\/5-1.jpg\" alt=\"5 rutas por la pen\u00ednsula que son aut\u00e9nticos tesoros por descubrir\" width=\"800\" height=\"599\" srcset=\"\/es-es\/blogs\/montana\/wp-content\/uploads\/sites\/3\/2021\/05\/5-1.jpg 800w, \/es-es\/blogs\/montana\/wp-content\/uploads\/sites\/3\/2021\/05\/5-1-300x225.jpg 300w, \/es-es\/blogs\/montana\/wp-content\/uploads\/sites\/3\/2021\/05\/5-1-768x575.jpg 768w\" sizes=\"auto, (max-width: 800px) 100vw, 800px\" \/><\/p>\n<p>&nbsp;<\/p>\n<h2><strong>5. El Desierto de las Palmas<\/strong><\/h2>\n<p>Al contrario de lo que se puede llegar a pensar debido al nombre de este lugar, no se trata de un desierto, sino de un parque natural que se encuentra <strong>a pocos kil\u00f3metros de<\/strong> <strong>Benicasim<\/strong>, que pertenece a la provincia de <strong>Castell\u00f3n<\/strong>.<\/p>\n<p>El Desierto de las Palmas (o <a href=\"https:\/\/www.castellonturismo.com\/que-hacer\/parques-naturales\/les-palmes\/\" target=\"_blank\" rel=\"noopener\">Desert de Les Palmes<\/a>) es un lugar perfecto para hacer <strong>senderismo<\/strong>, ya que hay bastantes rutas para ello a lo largo del parque y no es un lugar muy conocido. Por ello, vas a poder disfrutar con bastante tranquilidad de todos los encantos que encierra este maravilloso parque natural como <strong>el<\/strong> <strong>Pico Bartolo.<\/strong><\/p>\n<p>El Pico Bartolo es <a href=\"https:\/\/turismo.benicassim.es\/lugares\/85\/Rutas-por-el-Desert-de-les-Palmes\">una de las <strong>rutas<\/strong> que se pueden realizar all\u00ed<\/a> y que te lleva o bien por la ruta normal o a trav\u00e9s de las crestas, en una ruta m\u00e1s exigente, a la cima del Pico Bartolo que est\u00e1 a 729 metros y es uno de los picos m\u00e1s alto de la provincia de Castell\u00f3n, las Agujas de Santa \u00c1gueda y la Aguja de Saland\u00f3 y el Monasterio de las Carmelitas.<\/p>\n<p>&nbsp;<\/p>\n<p><img loading=\"lazy\" decoding=\"async\" data-attachment-id=\"8530\" data-permalink=\"\/es-es\/blogs\/montana\/5-rutas-por-la-peninsula-que-son-autenticos-tesoros-por-descubrir\/desierto6\/\" data-orig-file=\"\/es-es\/blogs\/montana\/wp-content\/uploads\/sites\/3\/2021\/05\/desierto6.jpg\" data-orig-size=\"800,650\" data-comments-opened=\"1\" data-image-meta=\"{&quot;aperture&quot;:&quot;0&quot;,&quot;credit&quot;:&quot;&quot;,&quot;camera&quot;:&quot;&quot;,&quot;caption&quot;:&quot;&quot;,&quot;created_timestamp&quot;:&quot;0&quot;,&quot;copyright&quot;:&quot;&quot;,&quot;focal_length&quot;:&quot;0&quot;,&quot;iso&quot;:&quot;0&quot;,&quot;shutter_speed&quot;:&quot;0&quot;,&quot;title&quot;:&quot;&quot;,&quot;orientation&quot;:&quot;0&quot;}\" data-image-title=\"desierto6\" data-image-description=\"\" data-image-caption=\"\" data-medium-file=\"\/es-es\/blogs\/montana\/wp-content\/uploads\/sites\/3\/2021\/05\/desierto6-300x244.jpg\" data-large-file=\"\/es-es\/blogs\/montana\/wp-content\/uploads\/sites\/3\/2021\/05\/desierto6.jpg\" class=\"size-full wp-image-8530 aligncenter\" src=\"\/es-es\/blogs\/montana\/wp-content\/uploads\/sites\/3\/2021\/05\/desierto6.jpg\" alt=\"Desert de Les Palmes\" width=\"800\" height=\"650\" srcset=\"\/es-es\/blogs\/montana\/wp-content\/uploads\/sites\/3\/2021\/05\/desierto6.jpg 800w, \/es-es\/blogs\/montana\/wp-content\/uploads\/sites\/3\/2021\/05\/desierto6-300x244.jpg 300w, \/es-es\/blogs\/montana\/wp-content\/uploads\/sites\/3\/2021\/05\/desierto6-768x624.jpg 768w\" sizes=\"auto, (max-width: 800px) 100vw, 800px\" \/><\/p>\n<p style=\"text-align: center;\">Foto: Turismo Benic\u00e0ssim<\/p>\n<p>&nbsp;<\/p>\n<p>Estas 5 rutas por la pen\u00ednsula te llevan por lugres que seguramente te atrapar\u00e1n con su belleza y naturaleza. Pero todav\u00eda tenemos m\u00e1s opciones<a href=\"https:\/\/www.forumsport.com\/es-es\/search\/?text=mochilas&amp;submit=\" target=\"_blank\" rel=\"noopener\"> para que cojas la mochila<\/a> y te empapes de naturaleza, entre ellas:<\/p>\n<ul>\n<li class=\"col-12 col-md entry-title\"><a href=\"\/es-es\/blogs\/montana\/hasta-la-cima-de-pico-san-vicente-te-vienes\/\" target=\"_blank\" rel=\"noopener\">HASTA LA CIMA DE PICO SAN VICENTE: \u00bfTE VIENES?<\/a><\/li>\n<li class=\"col-12 col-md entry-title\"><a href=\"\/es-es\/blogs\/montana\/anillo-de-picos-3-macizos-recorrido-circular-por-los-picos-de-europa-i\/\" target=\"_blank\" rel=\"noopener\">ANILLO DE PICOS 3 MACIZOS: RECORRIDO CIRCULAR POR LOS PICOS DE EUROPA<\/a><\/li>\n<li class=\"col-12 col-md entry-title\"><a href=\"\/es-es\/blogs\/montana\/de-ruta-por-el-entorno-del-lago-de-sanabria\/\" target=\"_blank\" rel=\"noopener\">DE RUTA POR EL ENTORNO DEL LAGO DE SANABRIA<\/a><\/li>\n<li class=\"col-12 col-md entry-title\"><a href=\"\/es-es\/blogs\/montana\/ruta-a-talaia-el-mirador-de-ogono\/\" target=\"_blank\" rel=\"noopener\">RUTA A TALAIA, EL MIRADOR DE OGO\u00d1O<\/a><\/li>\n<\/ul>\n<p>&nbsp;<\/p>\n<p>&nbsp;<\/p>\n","protected":false},"excerpt":{"rendered":"<p>Pasa bastantes veces: nos vamos lejos para conocer y recorrer pa\u00edses m\u00e1s o menos ex\u00f3ticos y lo que tenemos bien cerquita, que es igual o mejor, no lo conocemos. Por eso te invitamos a descubrir estos aut\u00e9nticos tesoros outdoor que nos est\u00e1n esperando. Apunta en tu agenda estas 5 rutas por la Pen\u00ednsula que te [&#8230;]<\/p>\n<p><a class=\"btn btn-secondary understrap-read-more-link\" href=\"\/es-es\/blogs\/montana\/5-rutas-por-la-peninsula-que-son-autenticos-tesoros-por-descubrir\/\">Conocer m\u00e1s<\/a><\/p>\n","protected":false},"author":1,"featured_media":8528,"comment_status":"open","ping_status":"open","sticky":false,"template":"","format":"standard","meta":{"_seopress_robots_primary_cat":"7","ngg_post_thumbnail":0,"jetpack_post_was_ever_published":false,"_jetpack_newsletter_access":"","_jetpack_dont_email_post_to_subs":false,"_jetpack_newsletter_tier_id":0,"_jetpack_memberships_contains_paywalled_content":false,"_jetpack_memberships_contains_paid_content":false,"footnotes":"","jetpack_publicize_message":"","jetpack_publicize_feature_enabled":true,"jetpack_social_post_already_shared":true,"jetpack_social_options":{"image_generator_settings":{"template":"highway","enabled":false},"version":2}},"categories":[7],"tags":[],"class_list":{"0":"post-8518","1":"post","2":"type-post","3":"status-publish","4":"format-standard","5":"has-post-thumbnail","7":"category-rutas"},"jetpack_publicize_connections":[],"acf":[],"jetpack_sharing_enabled":true,"jetpack_featured_media_url":"\/es-es\/blogs\/montana\/wp-content\/uploads\/sites\/3\/2021\/05\/Barrancas_home.jpg","jetpack_shortlink":"https:\/\/wp.me\/p8n7Aj-2do","jetpack-related-posts":[],"_links":{"self":[{"href":"\/es-es\/blogs\/montana\/wp-json\/wp\/v2\/posts\/8518","targetHints":{"allow":["GET"]}}],"collection":[{"href":"\/es-es\/blogs\/montana\/wp-json\/wp\/v2\/posts"}],"about":[{"href":"\/es-es\/blogs\/montana\/wp-json\/wp\/v2\/types\/post"}],"author":[{"embeddable":true,"href":"\/es-es\/blogs\/montana\/wp-json\/wp\/v2\/users\/1"}],"replies":[{"embeddable":true,"href":"\/es-es\/blogs\/montana\/wp-json\/wp\/v2\/comments?post=8518"}],"version-history":[{"count":11,"href":"\/es-es\/blogs\/montana\/wp-json\/wp\/v2\/posts\/8518\/revisions"}],"predecessor-version":[{"id":8712,"href":"\/es-es\/blogs\/montana\/wp-json\/wp\/v2\/posts\/8518\/revisions\/8712"}],"wp:featuredmedia":[{"embeddable":true,"href":"\/es-es\/blogs\/montana\/wp-json\/wp\/v2\/media\/8528"}],"wp:attachment":[{"href":"\/es-es\/blogs\/montana\/wp-json\/wp\/v2\/media?parent=8518"}],"wp:term":[{"taxonomy":"category","embeddable":true,"href":"\/es-es\/blogs\/montana\/wp-json\/wp\/v2\/categories?post=8518"},{"taxonomy":"post_tag","embeddable":true,"href":"\/es-es\/blogs\/montana\/wp-json\/wp\/v2\/tags?post=8518"}],"curies":[{"name":"wp","href":"https:\/\/api.w.org\/{rel}","templated":true}]}}