{"id":9356,"date":"2021-09-16T08:48:52","date_gmt":"2021-09-16T08:48:52","guid":{"rendered":"\/es-es\/blogs\/montana\/?p=9356"},"modified":"2025-01-17T11:45:28","modified_gmt":"2025-01-17T11:45:28","slug":"vias-ferrata-i-que-son-y-que-materiales-necesitas-para-hacerlas","status":"publish","type":"post","link":"\/es-es\/blogs\/montana\/vias-ferrata-i-que-son-y-que-materiales-necesitas-para-hacerlas\/","title":{"rendered":"V\u00edas Ferrata (I): Qu\u00e9 son y qu\u00e9 materiales necesitas para hacerlas"},"content":{"rendered":"<p>En las dos pr\u00f3ximas semanas vamos a cont\u00e1roslo todo sobre las V\u00edas Ferrata: los mejores lugares para hacerlas, algunos tips para subirlas con seguridad\u2026 \u00bfA que te ha picado el gusanillo? \u00a1Comenzamos!<\/p>\n<p><!--more--><\/p>\n<p>En la primera parte de este dossier, os contamos qu\u00e9 son, c\u00f3mo nacieron y un listado del material recomendable para lanzarte a la aventura de las V\u00edas Ferrata.<\/p>\n<h2><strong>\u00bfQu\u00e9 son las V\u00edas Ferrata?<br \/>\n<\/strong><\/h2>\n<p>La <strong>V\u00eda Ferrata<\/strong> es un itinerario vertical (incluso horizontal) equipado con grapas, escaleras, pasamanos, puentes colgantes, tirolinas&#8230; asegurado con un cable de acero al que los usuarios atamos un disipador de energ\u00eda para que amortig\u00fce la ca\u00edda en caso de que \u00e9sta se produzca.<\/p>\n<p>&nbsp;<\/p>\n<p><img loading=\"lazy\" decoding=\"async\" data-attachment-id=\"9366\" data-permalink=\"\/es-es\/blogs\/montana\/vias-ferrata-i-que-son-y-que-materiales-necesitas-para-hacerlas\/viaferrata1_1\/\" data-orig-file=\"\/es-es\/blogs\/montana\/wp-content\/uploads\/sites\/3\/2021\/09\/ViaFerrata1_1.jpg\" data-orig-size=\"800,600\" data-comments-opened=\"1\" data-image-meta=\"{&quot;aperture&quot;:&quot;0&quot;,&quot;credit&quot;:&quot;&quot;,&quot;camera&quot;:&quot;&quot;,&quot;caption&quot;:&quot;&quot;,&quot;created_timestamp&quot;:&quot;0&quot;,&quot;copyright&quot;:&quot;&quot;,&quot;focal_length&quot;:&quot;0&quot;,&quot;iso&quot;:&quot;0&quot;,&quot;shutter_speed&quot;:&quot;0&quot;,&quot;title&quot;:&quot;&quot;,&quot;orientation&quot;:&quot;0&quot;}\" data-image-title=\"ViaFerrata1_1\" data-image-description=\"\" data-image-caption=\"\" data-medium-file=\"\/es-es\/blogs\/montana\/wp-content\/uploads\/sites\/3\/2021\/09\/ViaFerrata1_1-300x225.jpg\" data-large-file=\"\/es-es\/blogs\/montana\/wp-content\/uploads\/sites\/3\/2021\/09\/ViaFerrata1_1.jpg\" class=\"aligncenter wp-image-9366 size-full\" src=\"\/es-es\/blogs\/montana\/wp-content\/uploads\/sites\/3\/2021\/09\/ViaFerrata1_1.jpg\" alt=\"V\u00edas Ferrata\" width=\"800\" height=\"600\" srcset=\"\/es-es\/blogs\/montana\/wp-content\/uploads\/sites\/3\/2021\/09\/ViaFerrata1_1.jpg 800w, \/es-es\/blogs\/montana\/wp-content\/uploads\/sites\/3\/2021\/09\/ViaFerrata1_1-300x225.jpg 300w, \/es-es\/blogs\/montana\/wp-content\/uploads\/sites\/3\/2021\/09\/ViaFerrata1_1-768x576.jpg 768w\" sizes=\"auto, (max-width: 800px) 100vw, 800px\" \/><\/p>\n<p>&nbsp;<\/p>\n<h2><strong>Un poco de historia<\/strong><\/h2>\n<p>Aunque la primera V\u00eda Ferrata se construy\u00f3 en 1843 en Austria, fue algo m\u00e1s tarde, durante la <strong>Primera Guerra Mundial<\/strong> (Gran Guerra, 1914) cuando se instalaron masivamente con fines militares con intenci\u00f3n de hacer m\u00e1s accesibles y r\u00e1pidos los traicioneros pasos de monta\u00f1a en los <strong>Dolomitas <\/strong>para los soldados del reino Italiano.<\/p>\n<p>&nbsp;<\/p>\n<h2><strong>Las V\u00edas Ferrata en la actualidad<\/strong><\/h2>\n<p>Ahora las <strong>V\u00edas Ferrata<\/strong> se utilizan con fines l\u00fadicos, resultando una <strong>actividad algo m\u00e1s t\u00e9cnica que el monta\u00f1ismo<\/strong>, pero <strong>no tan complicada como la escalada<\/strong>.<\/p>\n<p>Dependiendo del nivel de dificultad, se trata de un itinerario de alpinismo\/escalada protegido y equipado para que resulte lo m\u00e1s accesible posible.<\/p>\n<p>Apta para todas las edades, <strong>incluso podremos disfrutarlas con los m\u00e1s peque\u00f1os.<\/strong><\/p>\n<p>&nbsp;<\/p>\n<p><img loading=\"lazy\" decoding=\"async\" data-attachment-id=\"9396\" data-permalink=\"\/es-es\/blogs\/montana\/vias-ferrata-i-que-son-y-que-materiales-necesitas-para-hacerlas\/gettyimages-12787753741\/\" data-orig-file=\"\/es-es\/blogs\/montana\/wp-content\/uploads\/sites\/3\/2021\/09\/GettyImages-12787753741.jpg\" data-orig-size=\"800,600\" data-comments-opened=\"1\" data-image-meta=\"{&quot;aperture&quot;:&quot;0&quot;,&quot;credit&quot;:&quot;&quot;,&quot;camera&quot;:&quot;&quot;,&quot;caption&quot;:&quot;&quot;,&quot;created_timestamp&quot;:&quot;0&quot;,&quot;copyright&quot;:&quot;&quot;,&quot;focal_length&quot;:&quot;0&quot;,&quot;iso&quot;:&quot;0&quot;,&quot;shutter_speed&quot;:&quot;0&quot;,&quot;title&quot;:&quot;&quot;,&quot;orientation&quot;:&quot;0&quot;}\" data-image-title=\"GettyImages-1278775374(1)\" data-image-description=\"\" data-image-caption=\"\" data-medium-file=\"\/es-es\/blogs\/montana\/wp-content\/uploads\/sites\/3\/2021\/09\/GettyImages-12787753741-300x225.jpg\" data-large-file=\"\/es-es\/blogs\/montana\/wp-content\/uploads\/sites\/3\/2021\/09\/GettyImages-12787753741.jpg\" class=\"alignnone size-full wp-image-9396\" src=\"\/es-es\/blogs\/montana\/wp-content\/uploads\/sites\/3\/2021\/09\/GettyImages-12787753741.jpg\" alt=\"V\u00edas Ferrata\" width=\"800\" height=\"600\" srcset=\"\/es-es\/blogs\/montana\/wp-content\/uploads\/sites\/3\/2021\/09\/GettyImages-12787753741.jpg 800w, \/es-es\/blogs\/montana\/wp-content\/uploads\/sites\/3\/2021\/09\/GettyImages-12787753741-300x225.jpg 300w, \/es-es\/blogs\/montana\/wp-content\/uploads\/sites\/3\/2021\/09\/GettyImages-12787753741-768x576.jpg 768w\" sizes=\"auto, (max-width: 800px) 100vw, 800px\" \/><\/p>\n<p>&nbsp;<\/p>\n<p>Las V\u00edas Ferrata <strong>est\u00e1n equipadas con un cable de acero <\/strong>que discurre la totalidad del itinerario. Este cable ir\u00e1 fijado a la pared cada 3-4 metros y el usuario ir\u00e1 anclado a este cable con 2 disipadores, de manera que, si se produce una ca\u00edda, quedar\u00e1 colgado del cable de seguridad.<\/p>\n<p>Adem\u00e1s, para hacer m\u00e1s accesible el recorrido, la pared <strong>est\u00e1 equipada de pelda\u00f1os de acero<\/strong> para que podamos subir de manera f\u00e1cil. Como guinda del pastel, suele ser com\u00fan encontrarnos con <strong>puentes tibetanos<\/strong>, <strong>tirolinas<\/strong> y otras instalaciones que \u00a1nos cargar\u00e1n de adrenalina!<\/p>\n<p>&nbsp;<\/p>\n<p><img loading=\"lazy\" decoding=\"async\" data-attachment-id=\"9367\" data-permalink=\"\/es-es\/blogs\/montana\/vias-ferrata-i-que-son-y-que-materiales-necesitas-para-hacerlas\/viaferrata1_2_puente\/\" data-orig-file=\"\/es-es\/blogs\/montana\/wp-content\/uploads\/sites\/3\/2021\/09\/ViaFerrata1_2_puente.jpg\" data-orig-size=\"800,600\" data-comments-opened=\"1\" data-image-meta=\"{&quot;aperture&quot;:&quot;0&quot;,&quot;credit&quot;:&quot;&quot;,&quot;camera&quot;:&quot;&quot;,&quot;caption&quot;:&quot;&quot;,&quot;created_timestamp&quot;:&quot;0&quot;,&quot;copyright&quot;:&quot;&quot;,&quot;focal_length&quot;:&quot;0&quot;,&quot;iso&quot;:&quot;0&quot;,&quot;shutter_speed&quot;:&quot;0&quot;,&quot;title&quot;:&quot;&quot;,&quot;orientation&quot;:&quot;0&quot;}\" data-image-title=\"ViaFerrata1_2_puente\" data-image-description=\"\" data-image-caption=\"\" data-medium-file=\"\/es-es\/blogs\/montana\/wp-content\/uploads\/sites\/3\/2021\/09\/ViaFerrata1_2_puente-300x225.jpg\" data-large-file=\"\/es-es\/blogs\/montana\/wp-content\/uploads\/sites\/3\/2021\/09\/ViaFerrata1_2_puente.jpg\" class=\"aligncenter wp-image-9367 size-full\" src=\"\/es-es\/blogs\/montana\/wp-content\/uploads\/sites\/3\/2021\/09\/ViaFerrata1_2_puente.jpg\" alt=\"V\u00edas Ferrata\" width=\"800\" height=\"600\" srcset=\"\/es-es\/blogs\/montana\/wp-content\/uploads\/sites\/3\/2021\/09\/ViaFerrata1_2_puente.jpg 800w, \/es-es\/blogs\/montana\/wp-content\/uploads\/sites\/3\/2021\/09\/ViaFerrata1_2_puente-300x225.jpg 300w, \/es-es\/blogs\/montana\/wp-content\/uploads\/sites\/3\/2021\/09\/ViaFerrata1_2_puente-768x576.jpg 768w\" sizes=\"auto, (max-width: 800px) 100vw, 800px\" \/><\/p>\n<p>&nbsp;<\/p>\n<p>Catalogadas por <strong>dificultades<\/strong> que comprenden desde <strong>K1 (muy f\u00e1cil)<\/strong> hasta <strong>K6 (Extremadamente dif\u00edcil)<\/strong>. Los niveles m\u00e1s populares suelen ser entre el K2 y el K4.<\/p>\n<p>Es <strong>totalmente recomendable <a href=\"https:\/\/www.camptocamp.org\/articles\/925306\/en\/help-guidebook-grades-for-via-ferrata\" target=\"_blank\" rel=\"noopener\">empezar por lo m\u00e1s f\u00e1cil<\/a><\/strong>, para ir progresando poco a poco.<\/p>\n<p>Adem\u00e1s del nivel de dificultad, hay que informarse de:<\/p>\n<ul>\n<li>La <strong>longitud total de la v\u00eda<\/strong>.<\/li>\n<li>El <strong>tiempo<\/strong> que nos va a llevar.<\/li>\n<li>Si es apta para <strong>ni\u00f1os<\/strong> o no.<\/li>\n<li>Y si tiene posibles <strong>escapes<\/strong> que podamos usar en caso de que algo se tuerza.<\/li>\n<\/ul>\n<p>\u00a1Estudiarse el <strong>croquis de la v\u00eda con atenci\u00f3n es imprescindible!<\/strong><\/p>\n<p>&nbsp;<\/p>\n<p><img loading=\"lazy\" decoding=\"async\" data-attachment-id=\"9370\" data-permalink=\"\/es-es\/blogs\/montana\/vias-ferrata-i-que-son-y-que-materiales-necesitas-para-hacerlas\/viaferrata1_4_dificultad\/\" data-orig-file=\"\/es-es\/blogs\/montana\/wp-content\/uploads\/sites\/3\/2021\/09\/ViaFerrata1_4_dificultad.jpg\" data-orig-size=\"800,600\" data-comments-opened=\"1\" data-image-meta=\"{&quot;aperture&quot;:&quot;0&quot;,&quot;credit&quot;:&quot;&quot;,&quot;camera&quot;:&quot;&quot;,&quot;caption&quot;:&quot;&quot;,&quot;created_timestamp&quot;:&quot;0&quot;,&quot;copyright&quot;:&quot;&quot;,&quot;focal_length&quot;:&quot;0&quot;,&quot;iso&quot;:&quot;0&quot;,&quot;shutter_speed&quot;:&quot;0&quot;,&quot;title&quot;:&quot;&quot;,&quot;orientation&quot;:&quot;0&quot;}\" data-image-title=\"ViaFerrata1_4_dificultad\" data-image-description=\"\" data-image-caption=\"\" data-medium-file=\"\/es-es\/blogs\/montana\/wp-content\/uploads\/sites\/3\/2021\/09\/ViaFerrata1_4_dificultad-300x225.jpg\" data-large-file=\"\/es-es\/blogs\/montana\/wp-content\/uploads\/sites\/3\/2021\/09\/ViaFerrata1_4_dificultad.jpg\" class=\"aligncenter wp-image-9370 size-full\" src=\"\/es-es\/blogs\/montana\/wp-content\/uploads\/sites\/3\/2021\/09\/ViaFerrata1_4_dificultad.jpg\" alt=\"V\u00edas Ferrata\" width=\"800\" height=\"600\" srcset=\"\/es-es\/blogs\/montana\/wp-content\/uploads\/sites\/3\/2021\/09\/ViaFerrata1_4_dificultad.jpg 800w, \/es-es\/blogs\/montana\/wp-content\/uploads\/sites\/3\/2021\/09\/ViaFerrata1_4_dificultad-300x225.jpg 300w, \/es-es\/blogs\/montana\/wp-content\/uploads\/sites\/3\/2021\/09\/ViaFerrata1_4_dificultad-768x576.jpg 768w\" sizes=\"auto, (max-width: 800px) 100vw, 800px\" \/><\/p>\n<p>&nbsp;<\/p>\n<p><strong>Elige el itinerario apto para todos los integrantes del grupo<\/strong>. Recuerda que un grupo es tan experto como el menos experto de sus integrantes. <strong>Intenta formarte para ser aut\u00f3nomo.<\/strong><\/p>\n<h2><strong>Material necesario para las V\u00edas Ferrata<br \/>\n<\/strong><\/h2>\n<p>Y una vez que sabemos qu\u00e9 es una V\u00eda Ferrata y en qu\u00e9 tenemos que fijarnos para poder abordarlas es el tiempo de contar el equipamiento que debemos llevar s\u00ed o s\u00ed y nuestras propuestas, productos que puedes encontrar en Forum Sport y en nuestra tienda online.<\/p>\n<h3><strong>Disipadores<\/strong><\/h3>\n<p>Un buen disipador, como el <strong>Camp Kinetic Rewind<\/strong>, ligero y provisto de un absorbedor de energ\u00eda por desgarro variable:<\/p>\n<ul>\n<li>Dispone de <strong>mosquetones Hercules<\/strong> de gran calidad.<\/li>\n<li>Una especial <strong>eslinga el\u00e1stica<\/strong> (sistema Rewind) <strong>de 22 mm<\/strong> que se estira y recoge para no entorpecer los movimientos har\u00e1 el ascenso mucho m\u00e1s c\u00f3modo.<\/li>\n<li>La <strong>cuerda de conexi\u00f3n trenzada de nylon<\/strong> asegura el correcto posicionamiento del equipo con puntos de uni\u00f3n de cualquier tipo, por lo que se puede usar con todos los modelos de arn\u00e9s.<\/li>\n<\/ul>\n<p>&nbsp;<\/p>\n<p><img loading=\"lazy\" decoding=\"async\" data-attachment-id=\"9371\" data-permalink=\"\/es-es\/blogs\/montana\/vias-ferrata-i-que-son-y-que-materiales-necesitas-para-hacerlas\/viaferrata1_disipador\/\" data-orig-file=\"\/es-es\/blogs\/montana\/wp-content\/uploads\/sites\/3\/2021\/09\/ViaFerrata1_disipador.jpg\" data-orig-size=\"800,800\" data-comments-opened=\"1\" data-image-meta=\"{&quot;aperture&quot;:&quot;0&quot;,&quot;credit&quot;:&quot;&quot;,&quot;camera&quot;:&quot;&quot;,&quot;caption&quot;:&quot;&quot;,&quot;created_timestamp&quot;:&quot;0&quot;,&quot;copyright&quot;:&quot;&quot;,&quot;focal_length&quot;:&quot;0&quot;,&quot;iso&quot;:&quot;0&quot;,&quot;shutter_speed&quot;:&quot;0&quot;,&quot;title&quot;:&quot;&quot;,&quot;orientation&quot;:&quot;0&quot;}\" data-image-title=\"ViaFerrata1_disipador\" data-image-description=\"\" data-image-caption=\"\" data-medium-file=\"\/es-es\/blogs\/montana\/wp-content\/uploads\/sites\/3\/2021\/09\/ViaFerrata1_disipador-300x300.jpg\" data-large-file=\"\/es-es\/blogs\/montana\/wp-content\/uploads\/sites\/3\/2021\/09\/ViaFerrata1_disipador.jpg\" class=\"aligncenter wp-image-9371 size-full\" src=\"\/es-es\/blogs\/montana\/wp-content\/uploads\/sites\/3\/2021\/09\/ViaFerrata1_disipador.jpg\" alt=\"V\u00edas Ferrata\" width=\"800\" height=\"800\" srcset=\"\/es-es\/blogs\/montana\/wp-content\/uploads\/sites\/3\/2021\/09\/ViaFerrata1_disipador.jpg 800w, \/es-es\/blogs\/montana\/wp-content\/uploads\/sites\/3\/2021\/09\/ViaFerrata1_disipador-300x300.jpg 300w, \/es-es\/blogs\/montana\/wp-content\/uploads\/sites\/3\/2021\/09\/ViaFerrata1_disipador-150x150.jpg 150w, \/es-es\/blogs\/montana\/wp-content\/uploads\/sites\/3\/2021\/09\/ViaFerrata1_disipador-768x768.jpg 768w, \/es-es\/blogs\/montana\/wp-content\/uploads\/sites\/3\/2021\/09\/ViaFerrata1_disipador-400x400.jpg 400w\" sizes=\"auto, (max-width: 800px) 100vw, 800px\" \/><\/p>\n<p>&nbsp;<\/p>\n<p>&nbsp;<\/p>\n<h3><strong>Arn\u00e9s<\/strong><\/h3>\n<p>\u00a1La polivalencia por excelencia!<\/p>\n<p>El arn\u00e9s <a href=\"https:\/\/www.forumsport.com\/es-es\/petzl-arnes-corax-azul-arnes-c051ba-1000707453-p\" target=\"_blank\" rel=\"noopener\"><strong>Petzl Corax<\/strong><\/a>&nbsp;nos servir\u00e1 tanto para V\u00edas Ferrata como para actividades de escalada y alpinismo.<\/p>\n<ul>\n<li><strong>F\u00e1cil<\/strong> <strong>de poner<\/strong>, <strong>utilizar<\/strong> y muy <strong>c\u00f3modo<\/strong>, es <strong>regulable<\/strong> tanto en cintura como perneras y est\u00e1 destinado a la mayor\u00eda de los usuarios.<\/li>\n<li>Disponible en varios colores y en dos tallas para adaptarse a todas las morfolog\u00edas.<\/li>\n<\/ul>\n<p>&nbsp;<\/p>\n<p><img loading=\"lazy\" decoding=\"async\" data-attachment-id=\"9372\" data-permalink=\"\/es-es\/blogs\/montana\/vias-ferrata-i-que-son-y-que-materiales-necesitas-para-hacerlas\/viaferrata1_arnes\/\" data-orig-file=\"\/es-es\/blogs\/montana\/wp-content\/uploads\/sites\/3\/2021\/09\/ViaFerrata1_arnes.jpg\" data-orig-size=\"800,800\" data-comments-opened=\"1\" data-image-meta=\"{&quot;aperture&quot;:&quot;0&quot;,&quot;credit&quot;:&quot;&quot;,&quot;camera&quot;:&quot;&quot;,&quot;caption&quot;:&quot;&quot;,&quot;created_timestamp&quot;:&quot;0&quot;,&quot;copyright&quot;:&quot;&quot;,&quot;focal_length&quot;:&quot;0&quot;,&quot;iso&quot;:&quot;0&quot;,&quot;shutter_speed&quot;:&quot;0&quot;,&quot;title&quot;:&quot;&quot;,&quot;orientation&quot;:&quot;0&quot;}\" data-image-title=\"ViaFerrata1_arnes\" data-image-description=\"\" data-image-caption=\"\" data-medium-file=\"\/es-es\/blogs\/montana\/wp-content\/uploads\/sites\/3\/2021\/09\/ViaFerrata1_arnes-300x300.jpg\" data-large-file=\"\/es-es\/blogs\/montana\/wp-content\/uploads\/sites\/3\/2021\/09\/ViaFerrata1_arnes.jpg\" class=\"aligncenter wp-image-9372 size-full\" src=\"\/es-es\/blogs\/montana\/wp-content\/uploads\/sites\/3\/2021\/09\/ViaFerrata1_arnes.jpg\" alt=\"V\u00edas Ferrata\" width=\"800\" height=\"800\" srcset=\"\/es-es\/blogs\/montana\/wp-content\/uploads\/sites\/3\/2021\/09\/ViaFerrata1_arnes.jpg 800w, \/es-es\/blogs\/montana\/wp-content\/uploads\/sites\/3\/2021\/09\/ViaFerrata1_arnes-300x300.jpg 300w, \/es-es\/blogs\/montana\/wp-content\/uploads\/sites\/3\/2021\/09\/ViaFerrata1_arnes-150x150.jpg 150w, \/es-es\/blogs\/montana\/wp-content\/uploads\/sites\/3\/2021\/09\/ViaFerrata1_arnes-768x768.jpg 768w, \/es-es\/blogs\/montana\/wp-content\/uploads\/sites\/3\/2021\/09\/ViaFerrata1_arnes-400x400.jpg 400w\" sizes=\"auto, (max-width: 800px) 100vw, 800px\" \/><\/p>\n<p><a href=\"https:\/\/www.forumsport.com\/es-es\/petzl-arnes-corax-azul-arnes-c051ba-1000707453-p\" target=\"_blank\" rel=\"noopener\"><img loading=\"lazy\" decoding=\"async\" data-attachment-id=\"5181\" data-permalink=\"\/es-es\/blogs\/montana\/pantalones-ligeros-de-montana-una-apuesta-segura-para-todo-el-ano\/boton-ver-producto\/\" data-orig-file=\"\/es-es\/blogs\/montana\/wp-content\/uploads\/sites\/3\/2019\/10\/BOT\u00d3N-ver-producto.jpg\" data-orig-size=\"105,30\" data-comments-opened=\"1\" data-image-meta=\"{&quot;aperture&quot;:&quot;0&quot;,&quot;credit&quot;:&quot;&quot;,&quot;camera&quot;:&quot;&quot;,&quot;caption&quot;:&quot;&quot;,&quot;created_timestamp&quot;:&quot;0&quot;,&quot;copyright&quot;:&quot;&quot;,&quot;focal_length&quot;:&quot;0&quot;,&quot;iso&quot;:&quot;0&quot;,&quot;shutter_speed&quot;:&quot;0&quot;,&quot;title&quot;:&quot;&quot;,&quot;orientation&quot;:&quot;0&quot;}\" data-image-title=\"BOT\u00d3N&#8211;ver-producto\" data-image-description=\"\" data-image-caption=\"\" data-medium-file=\"\/es-es\/blogs\/montana\/wp-content\/uploads\/sites\/3\/2019\/10\/BOT\u00d3N-ver-producto.jpg\" data-large-file=\"\/es-es\/blogs\/montana\/wp-content\/uploads\/sites\/3\/2019\/10\/BOT\u00d3N-ver-producto.jpg\" class=\"aligncenter wp-image-5181 size-full\" src=\"\/es-es\/blogs\/montana\/wp-content\/uploads\/sites\/3\/2019\/10\/BOT\u00d3N-ver-producto.jpg\" alt=\"V\u00edas Ferrata\" width=\"105\" height=\"30\"><\/a><\/p>\n<h3><strong>Casco<\/strong><\/h3>\n<p>\u00a1Un casco robusto y protector que te seguir\u00e1 en todas tus aventuras!<\/p>\n<p>El <a href=\"https:\/\/www.forumsport.com\/es-es\/petzl-casco-escalada-boreo-helmet-a042va-1000931207-p\" target=\"_blank\" rel=\"noopener\"><strong>Petzl Boreo<\/strong><\/a>&nbsp;(para \u00e9l) y <a href=\"https:\/\/www.forumsport.com\/es-es\/petzl-casco-escalada-boreo-helmet-a042va-1000931207-p\" target=\"_blank\" rel=\"noopener\"><strong>Borea<\/strong><\/a> (para ella) es adecuado para actividades como la escalada, la V\u00eda Ferrata, el descenso de barrancos o la espeleolog\u00eda.<\/p>\n<ul>\n<li>La <strong>dureza<\/strong> de su carcasa asegura una resistencia \u00f3ptima contra los impactos y las rayadas.<\/li>\n<li>Su forma envolvente aporta una <strong>mayor protecci\u00f3n en toda la cabeza<\/strong>, permaneciendo a la vez compacto y ventilado para aportar un confort m\u00e1ximo.<\/li>\n<\/ul>\n<p>Puedes ver aqu\u00ed c\u00f3mo es y todas las caracter\u00edsticas del casco Petzl Boreo<\/p>\n<p><img loading=\"lazy\" decoding=\"async\" data-attachment-id=\"9373\" data-permalink=\"\/es-es\/blogs\/montana\/vias-ferrata-i-que-son-y-que-materiales-necesitas-para-hacerlas\/viaferrata1_cascoboreo\/\" data-orig-file=\"\/es-es\/blogs\/montana\/wp-content\/uploads\/sites\/3\/2021\/09\/ViaFerrata1_cascoboreo.jpg\" data-orig-size=\"800,800\" data-comments-opened=\"1\" data-image-meta=\"{&quot;aperture&quot;:&quot;0&quot;,&quot;credit&quot;:&quot;&quot;,&quot;camera&quot;:&quot;&quot;,&quot;caption&quot;:&quot;&quot;,&quot;created_timestamp&quot;:&quot;0&quot;,&quot;copyright&quot;:&quot;&quot;,&quot;focal_length&quot;:&quot;0&quot;,&quot;iso&quot;:&quot;0&quot;,&quot;shutter_speed&quot;:&quot;0&quot;,&quot;title&quot;:&quot;&quot;,&quot;orientation&quot;:&quot;0&quot;}\" data-image-title=\"ViaFerrata1_cascoboreo\" data-image-description=\"\" data-image-caption=\"\" data-medium-file=\"\/es-es\/blogs\/montana\/wp-content\/uploads\/sites\/3\/2021\/09\/ViaFerrata1_cascoboreo-300x300.jpg\" data-large-file=\"\/es-es\/blogs\/montana\/wp-content\/uploads\/sites\/3\/2021\/09\/ViaFerrata1_cascoboreo.jpg\" class=\"aligncenter wp-image-9373 size-full\" src=\"\/es-es\/blogs\/montana\/wp-content\/uploads\/sites\/3\/2021\/09\/ViaFerrata1_cascoboreo.jpg\" alt=\"V\u00edas Ferrata\" width=\"800\" height=\"800\" srcset=\"\/es-es\/blogs\/montana\/wp-content\/uploads\/sites\/3\/2021\/09\/ViaFerrata1_cascoboreo.jpg 800w, \/es-es\/blogs\/montana\/wp-content\/uploads\/sites\/3\/2021\/09\/ViaFerrata1_cascoboreo-300x300.jpg 300w, \/es-es\/blogs\/montana\/wp-content\/uploads\/sites\/3\/2021\/09\/ViaFerrata1_cascoboreo-150x150.jpg 150w, \/es-es\/blogs\/montana\/wp-content\/uploads\/sites\/3\/2021\/09\/ViaFerrata1_cascoboreo-768x768.jpg 768w, \/es-es\/blogs\/montana\/wp-content\/uploads\/sites\/3\/2021\/09\/ViaFerrata1_cascoboreo-400x400.jpg 400w\" sizes=\"auto, (max-width: 800px) 100vw, 800px\" \/><\/p>\n<p><a href=\"https:\/\/www.forumsport.com\/es-es\/petzl-casco-escalada-boreo-helmet-a042va-1000931207-p\" target=\"_blank\" rel=\"noopener\"><img loading=\"lazy\" decoding=\"async\" data-attachment-id=\"5181\" data-permalink=\"\/es-es\/blogs\/montana\/pantalones-ligeros-de-montana-una-apuesta-segura-para-todo-el-ano\/boton-ver-producto\/\" data-orig-file=\"\/es-es\/blogs\/montana\/wp-content\/uploads\/sites\/3\/2019\/10\/BOT\u00d3N-ver-producto.jpg\" data-orig-size=\"105,30\" data-comments-opened=\"1\" data-image-meta=\"{&quot;aperture&quot;:&quot;0&quot;,&quot;credit&quot;:&quot;&quot;,&quot;camera&quot;:&quot;&quot;,&quot;caption&quot;:&quot;&quot;,&quot;created_timestamp&quot;:&quot;0&quot;,&quot;copyright&quot;:&quot;&quot;,&quot;focal_length&quot;:&quot;0&quot;,&quot;iso&quot;:&quot;0&quot;,&quot;shutter_speed&quot;:&quot;0&quot;,&quot;title&quot;:&quot;&quot;,&quot;orientation&quot;:&quot;0&quot;}\" data-image-title=\"BOT\u00d3N&#8211;ver-producto\" data-image-description=\"\" data-image-caption=\"\" data-medium-file=\"\/es-es\/blogs\/montana\/wp-content\/uploads\/sites\/3\/2019\/10\/BOT\u00d3N-ver-producto.jpg\" data-large-file=\"\/es-es\/blogs\/montana\/wp-content\/uploads\/sites\/3\/2019\/10\/BOT\u00d3N-ver-producto.jpg\" class=\"aligncenter wp-image-5181 size-full\" src=\"\/es-es\/blogs\/montana\/wp-content\/uploads\/sites\/3\/2019\/10\/BOT\u00d3N-ver-producto.jpg\" alt=\"V\u00edas Ferrata\" width=\"105\" height=\"30\"><\/a><\/p>\n<p>&nbsp;<\/p>\n<p>Y aqu\u00ed nuestra propuesta de casco para chica, el modelo Borea.<\/p>\n<p class=\"jetpack-slideshow-noscript robots-nocontent\">El pase de diapositivas requiere JavaScript.<\/p><div id=\"gallery-9356-1-slideshow\" class=\"jetpack-slideshow-window jetpack-slideshow jetpack-slideshow-black\" data-trans=\"fade\" data-autostart=\"1\" data-gallery=\"[{&quot;src&quot;:&quot;https:\\\/\\\/blogs.forumsport.com\\\/es-es\\\/blogs\\\/montana\\\/wp-content\\\/uploads\\\/sites\\\/3\\\/2021\\\/09\\\/ViaFerrata1_cascoborea1.jpg&quot;,&quot;id&quot;:&quot;9374&quot;,&quot;title&quot;:&quot;ViaFerrata1_cascoborea1&quot;,&quot;alt&quot;:&quot;Borea&quot;,&quot;caption&quot;:&quot;&quot;,&quot;itemprop&quot;:&quot;image&quot;},{&quot;src&quot;:&quot;https:\\\/\\\/blogs.forumsport.com\\\/es-es\\\/blogs\\\/montana\\\/wp-content\\\/uploads\\\/sites\\\/3\\\/2021\\\/09\\\/ViaFerrata1_cascoborea2.jpg&quot;,&quot;id&quot;:&quot;9375&quot;,&quot;title&quot;:&quot;ViaFerrata1_cascoborea2&quot;,&quot;alt&quot;:&quot;&quot;,&quot;caption&quot;:&quot;&quot;,&quot;itemprop&quot;:&quot;image&quot;},{&quot;src&quot;:&quot;https:\\\/\\\/blogs.forumsport.com\\\/es-es\\\/blogs\\\/montana\\\/wp-content\\\/uploads\\\/sites\\\/3\\\/2021\\\/09\\\/ViaFerrata1_cascoborea3.jpg&quot;,&quot;id&quot;:&quot;9376&quot;,&quot;title&quot;:&quot;ViaFerrata1_cascoborea3&quot;,&quot;alt&quot;:&quot;&quot;,&quot;caption&quot;:&quot;&quot;,&quot;itemprop&quot;:&quot;image&quot;}]\" itemscope itemtype=\"https:\/\/schema.org\/ImageGallery\"><\/div>\n<p><a href=\"https:\/\/www.forumsport.com\/es-es\/petzl-casco-escalada-borea-casco-verde-sm-a048ba00-1000629668-p\" target=\"_blank\" rel=\"noopener\"><br \/>\n<\/a><a href=\"https:\/\/www.forumsport.com\/es-es\/petzl-casco-escalada-boreo-helmet-a042va-1000931207-p\" target=\"_blank\" rel=\"noopener\"><img loading=\"lazy\" decoding=\"async\" data-attachment-id=\"5181\" data-permalink=\"\/es-es\/blogs\/montana\/pantalones-ligeros-de-montana-una-apuesta-segura-para-todo-el-ano\/boton-ver-producto\/\" data-orig-file=\"\/es-es\/blogs\/montana\/wp-content\/uploads\/sites\/3\/2019\/10\/BOT\u00d3N-ver-producto.jpg\" data-orig-size=\"105,30\" data-comments-opened=\"1\" data-image-meta=\"{&quot;aperture&quot;:&quot;0&quot;,&quot;credit&quot;:&quot;&quot;,&quot;camera&quot;:&quot;&quot;,&quot;caption&quot;:&quot;&quot;,&quot;created_timestamp&quot;:&quot;0&quot;,&quot;copyright&quot;:&quot;&quot;,&quot;focal_length&quot;:&quot;0&quot;,&quot;iso&quot;:&quot;0&quot;,&quot;shutter_speed&quot;:&quot;0&quot;,&quot;title&quot;:&quot;&quot;,&quot;orientation&quot;:&quot;0&quot;}\" data-image-title=\"BOT\u00d3N&#8211;ver-producto\" data-image-description=\"\" data-image-caption=\"\" data-medium-file=\"\/es-es\/blogs\/montana\/wp-content\/uploads\/sites\/3\/2019\/10\/BOT\u00d3N-ver-producto.jpg\" data-large-file=\"\/es-es\/blogs\/montana\/wp-content\/uploads\/sites\/3\/2019\/10\/BOT\u00d3N-ver-producto.jpg\" class=\"aligncenter wp-image-5181 size-full\" src=\"\/es-es\/blogs\/montana\/wp-content\/uploads\/sites\/3\/2019\/10\/BOT\u00d3N-ver-producto.jpg\" alt=\"V\u00edas Ferrata\" width=\"105\" height=\"30\"><\/a><\/p>\n<h2><strong>V\u00edas Ferrata: Material recomendable<\/strong><\/h2>\n<p>Hay m\u00e1s materiales para hacer V\u00edas ferrata. No son estrictamente necesarios pero, la verdad, son absolutamente recomendables para mejorar la experiencia.<\/p>\n<p>&nbsp;<\/p>\n<p><img loading=\"lazy\" decoding=\"async\" data-attachment-id=\"9368\" data-permalink=\"\/es-es\/blogs\/montana\/vias-ferrata-i-que-son-y-que-materiales-necesitas-para-hacerlas\/viaferrata1_3material_recomendable\/\" data-orig-file=\"\/es-es\/blogs\/montana\/wp-content\/uploads\/sites\/3\/2021\/09\/ViaFerrata1_3material_recomendable.jpg\" data-orig-size=\"800,600\" data-comments-opened=\"1\" data-image-meta=\"{&quot;aperture&quot;:&quot;0&quot;,&quot;credit&quot;:&quot;&quot;,&quot;camera&quot;:&quot;&quot;,&quot;caption&quot;:&quot;&quot;,&quot;created_timestamp&quot;:&quot;0&quot;,&quot;copyright&quot;:&quot;&quot;,&quot;focal_length&quot;:&quot;0&quot;,&quot;iso&quot;:&quot;0&quot;,&quot;shutter_speed&quot;:&quot;0&quot;,&quot;title&quot;:&quot;&quot;,&quot;orientation&quot;:&quot;0&quot;}\" data-image-title=\"ViaFerrata1_3material_recomendable\" data-image-description=\"\" data-image-caption=\"\" data-medium-file=\"\/es-es\/blogs\/montana\/wp-content\/uploads\/sites\/3\/2021\/09\/ViaFerrata1_3material_recomendable-300x225.jpg\" data-large-file=\"\/es-es\/blogs\/montana\/wp-content\/uploads\/sites\/3\/2021\/09\/ViaFerrata1_3material_recomendable.jpg\" class=\"aligncenter wp-image-9368 size-full\" src=\"\/es-es\/blogs\/montana\/wp-content\/uploads\/sites\/3\/2021\/09\/ViaFerrata1_3material_recomendable.jpg\" alt=\"V\u00edas Ferrata\" width=\"800\" height=\"600\" srcset=\"\/es-es\/blogs\/montana\/wp-content\/uploads\/sites\/3\/2021\/09\/ViaFerrata1_3material_recomendable.jpg 800w, \/es-es\/blogs\/montana\/wp-content\/uploads\/sites\/3\/2021\/09\/ViaFerrata1_3material_recomendable-300x225.jpg 300w, \/es-es\/blogs\/montana\/wp-content\/uploads\/sites\/3\/2021\/09\/ViaFerrata1_3material_recomendable-768x576.jpg 768w\" sizes=\"auto, (max-width: 800px) 100vw, 800px\" \/><\/p>\n<p>&nbsp;<\/p>\n<h3><strong>Anillos- Cabo de anclaje<\/strong><\/h3>\n<p>Un par de anillos de dyneema como los <a href=\"https:\/\/www.forumsport.com\/es-es\/fixe-cinta-express-anillo-cinta-65cm-dyn-10mmancho-552-1000307111-p\" target=\"_blank\" rel=\"noopener\"><strong>Fixe<\/strong><\/a>&nbsp;para usarlas como <strong>cabo de anclaje <\/strong>para poder descansar, montar alguna<strong> reuni\u00f3n de fortuna<\/strong>\u2026 Muy \u00fatiles para diferentes usos.<\/p>\n<p><img loading=\"lazy\" decoding=\"async\" data-attachment-id=\"9378\" data-permalink=\"\/es-es\/blogs\/montana\/vias-ferrata-i-que-son-y-que-materiales-necesitas-para-hacerlas\/viaferrata1_anillofixe\/\" data-orig-file=\"\/es-es\/blogs\/montana\/wp-content\/uploads\/sites\/3\/2021\/09\/ViaFerrata1_anillofixe.jpg\" data-orig-size=\"1000,1000\" data-comments-opened=\"1\" data-image-meta=\"{&quot;aperture&quot;:&quot;0&quot;,&quot;credit&quot;:&quot;&quot;,&quot;camera&quot;:&quot;&quot;,&quot;caption&quot;:&quot;&quot;,&quot;created_timestamp&quot;:&quot;0&quot;,&quot;copyright&quot;:&quot;&quot;,&quot;focal_length&quot;:&quot;0&quot;,&quot;iso&quot;:&quot;0&quot;,&quot;shutter_speed&quot;:&quot;0&quot;,&quot;title&quot;:&quot;&quot;,&quot;orientation&quot;:&quot;0&quot;}\" data-image-title=\"ViaFerrata1_anillofixe\" data-image-description=\"\" data-image-caption=\"\" data-medium-file=\"\/es-es\/blogs\/montana\/wp-content\/uploads\/sites\/3\/2021\/09\/ViaFerrata1_anillofixe-300x300.jpg\" data-large-file=\"\/es-es\/blogs\/montana\/wp-content\/uploads\/sites\/3\/2021\/09\/ViaFerrata1_anillofixe.jpg\" class=\"size-full wp-image-9378 aligncenter\" src=\"\/es-es\/blogs\/montana\/wp-content\/uploads\/sites\/3\/2021\/09\/ViaFerrata1_anillofixe.jpg\" alt=\"anillos de dyneema como los Fixe&nbsp;\" width=\"1000\" height=\"1000\" srcset=\"\/es-es\/blogs\/montana\/wp-content\/uploads\/sites\/3\/2021\/09\/ViaFerrata1_anillofixe.jpg 1000w, \/es-es\/blogs\/montana\/wp-content\/uploads\/sites\/3\/2021\/09\/ViaFerrata1_anillofixe-300x300.jpg 300w, \/es-es\/blogs\/montana\/wp-content\/uploads\/sites\/3\/2021\/09\/ViaFerrata1_anillofixe-150x150.jpg 150w, \/es-es\/blogs\/montana\/wp-content\/uploads\/sites\/3\/2021\/09\/ViaFerrata1_anillofixe-768x768.jpg 768w, \/es-es\/blogs\/montana\/wp-content\/uploads\/sites\/3\/2021\/09\/ViaFerrata1_anillofixe-400x400.jpg 400w, \/es-es\/blogs\/montana\/wp-content\/uploads\/sites\/3\/2021\/09\/ViaFerrata1_anillofixe-800x800.jpg 800w\" sizes=\"auto, (max-width: 1000px) 100vw, 1000px\" \/><\/p>\n<p>&nbsp;<\/p>\n<p><a href=\"https:\/\/www.forumsport.com\/es-es\/fixe-cinta-express-anillo-cinta-65cm-dyn-10mmancho-552-1000307111-p\" target=\"_blank\" rel=\"noopener\"><img loading=\"lazy\" decoding=\"async\" data-attachment-id=\"5181\" data-permalink=\"\/es-es\/blogs\/montana\/pantalones-ligeros-de-montana-una-apuesta-segura-para-todo-el-ano\/boton-ver-producto\/\" data-orig-file=\"\/es-es\/blogs\/montana\/wp-content\/uploads\/sites\/3\/2019\/10\/BOT\u00d3N-ver-producto.jpg\" data-orig-size=\"105,30\" data-comments-opened=\"1\" data-image-meta=\"{&quot;aperture&quot;:&quot;0&quot;,&quot;credit&quot;:&quot;&quot;,&quot;camera&quot;:&quot;&quot;,&quot;caption&quot;:&quot;&quot;,&quot;created_timestamp&quot;:&quot;0&quot;,&quot;copyright&quot;:&quot;&quot;,&quot;focal_length&quot;:&quot;0&quot;,&quot;iso&quot;:&quot;0&quot;,&quot;shutter_speed&quot;:&quot;0&quot;,&quot;title&quot;:&quot;&quot;,&quot;orientation&quot;:&quot;0&quot;}\" data-image-title=\"BOT\u00d3N&#8211;ver-producto\" data-image-description=\"\" data-image-caption=\"\" data-medium-file=\"\/es-es\/blogs\/montana\/wp-content\/uploads\/sites\/3\/2019\/10\/BOT\u00d3N-ver-producto.jpg\" data-large-file=\"\/es-es\/blogs\/montana\/wp-content\/uploads\/sites\/3\/2019\/10\/BOT\u00d3N-ver-producto.jpg\" class=\"aligncenter wp-image-5181 size-full\" src=\"\/es-es\/blogs\/montana\/wp-content\/uploads\/sites\/3\/2019\/10\/BOT\u00d3N-ver-producto.jpg\" alt=\"V\u00edas Ferrata\" width=\"105\" height=\"30\"><\/a><\/p>\n<h3><strong>Poleas<\/strong><\/h3>\n<p>Una polea como la <strong><a href=\"https:\/\/www.forumsport.com\/es-es\/search\/?q=SINGING+ROCK+TANDEM&amp;text=SINGING+ROCK+TANDEM&amp;submit=\" target=\"_blank\" rel=\"noopener\">Singing Rock Tandem<\/a><\/strong>&nbsp;es ideal para tirolinas de cables de acero de hasta 12mm.<\/p>\n<p><img loading=\"lazy\" decoding=\"async\" data-attachment-id=\"9379\" data-permalink=\"\/es-es\/blogs\/montana\/vias-ferrata-i-que-son-y-que-materiales-necesitas-para-hacerlas\/viaferrata1_polea\/\" data-orig-file=\"\/es-es\/blogs\/montana\/wp-content\/uploads\/sites\/3\/2021\/09\/ViaFerrata1_polea.jpg\" data-orig-size=\"800,800\" data-comments-opened=\"1\" data-image-meta=\"{&quot;aperture&quot;:&quot;0&quot;,&quot;credit&quot;:&quot;&quot;,&quot;camera&quot;:&quot;&quot;,&quot;caption&quot;:&quot;&quot;,&quot;created_timestamp&quot;:&quot;0&quot;,&quot;copyright&quot;:&quot;&quot;,&quot;focal_length&quot;:&quot;0&quot;,&quot;iso&quot;:&quot;0&quot;,&quot;shutter_speed&quot;:&quot;0&quot;,&quot;title&quot;:&quot;&quot;,&quot;orientation&quot;:&quot;0&quot;}\" data-image-title=\"ViaFerrata1_polea\" data-image-description=\"\" data-image-caption=\"\" data-medium-file=\"\/es-es\/blogs\/montana\/wp-content\/uploads\/sites\/3\/2021\/09\/ViaFerrata1_polea-300x300.jpg\" data-large-file=\"\/es-es\/blogs\/montana\/wp-content\/uploads\/sites\/3\/2021\/09\/ViaFerrata1_polea.jpg\" class=\"size-full wp-image-9379 aligncenter\" src=\"\/es-es\/blogs\/montana\/wp-content\/uploads\/sites\/3\/2021\/09\/ViaFerrata1_polea.jpg\" alt=\"polea Singing Rock Tandem&nbsp;\" width=\"800\" height=\"800\" srcset=\"\/es-es\/blogs\/montana\/wp-content\/uploads\/sites\/3\/2021\/09\/ViaFerrata1_polea.jpg 800w, \/es-es\/blogs\/montana\/wp-content\/uploads\/sites\/3\/2021\/09\/ViaFerrata1_polea-300x300.jpg 300w, \/es-es\/blogs\/montana\/wp-content\/uploads\/sites\/3\/2021\/09\/ViaFerrata1_polea-150x150.jpg 150w, \/es-es\/blogs\/montana\/wp-content\/uploads\/sites\/3\/2021\/09\/ViaFerrata1_polea-768x768.jpg 768w, \/es-es\/blogs\/montana\/wp-content\/uploads\/sites\/3\/2021\/09\/ViaFerrata1_polea-400x400.jpg 400w\" sizes=\"auto, (max-width: 800px) 100vw, 800px\" \/><\/p>\n<p>&nbsp;<\/p>\n<h3><strong>Cuerda auxiliar<\/strong><\/h3>\n<p>Cuerda auxiliar <a href=\"https:\/\/www.forumsport.com\/es-es\/beal-cuerda-escalada-rando-gdry-8mm-48m-c08r48gd-1000419759-p\" target=\"_blank\" rel=\"noopener\"><strong>Beal Rando<\/strong><\/a>, para poder rappelar y abandonar la v\u00eda f\u00e1cilmente incluso poder asegurar a un segundo, instalar un pasamanos\u2026 etc.<\/p>\n<p class=\"jetpack-slideshow-noscript robots-nocontent\">El pase de diapositivas requiere JavaScript.<\/p><div id=\"gallery-9356-2-slideshow\" class=\"jetpack-slideshow-window jetpack-slideshow jetpack-slideshow-black\" data-trans=\"fade\" data-autostart=\"1\" data-gallery=\"[{&quot;src&quot;:&quot;https:\\\/\\\/blogs.forumsport.com\\\/es-es\\\/blogs\\\/montana\\\/wp-content\\\/uploads\\\/sites\\\/3\\\/2021\\\/09\\\/ViaFerrata1_cuerdaazul.jpg&quot;,&quot;id&quot;:&quot;9380&quot;,&quot;title&quot;:&quot;ViaFerrata1_cuerdaazul&quot;,&quot;alt&quot;:&quot;Cuerda auxiliar para V\\u00eda Ferrata&quot;,&quot;caption&quot;:&quot;&quot;,&quot;itemprop&quot;:&quot;image&quot;},{&quot;src&quot;:&quot;https:\\\/\\\/blogs.forumsport.com\\\/es-es\\\/blogs\\\/montana\\\/wp-content\\\/uploads\\\/sites\\\/3\\\/2021\\\/09\\\/ViaFerrata1_cuerdaverde.jpg&quot;,&quot;id&quot;:&quot;9381&quot;,&quot;title&quot;:&quot;ViaFerrata1_cuerdaverde&quot;,&quot;alt&quot;:&quot;&quot;,&quot;caption&quot;:&quot;&quot;,&quot;itemprop&quot;:&quot;image&quot;}]\" itemscope itemtype=\"https:\/\/schema.org\/ImageGallery\"><\/div>\n<p><a href=\"https:\/\/www.forumsport.com\/es-es\/beal-cuerda-escalada-rando-gdry-8mm-48m-c08r48gd-1000419759-p\" target=\"_blank\" rel=\"noopener\"><img loading=\"lazy\" decoding=\"async\" data-attachment-id=\"5181\" data-permalink=\"\/es-es\/blogs\/montana\/pantalones-ligeros-de-montana-una-apuesta-segura-para-todo-el-ano\/boton-ver-producto\/\" data-orig-file=\"\/es-es\/blogs\/montana\/wp-content\/uploads\/sites\/3\/2019\/10\/BOT\u00d3N-ver-producto.jpg\" data-orig-size=\"105,30\" data-comments-opened=\"1\" data-image-meta=\"{&quot;aperture&quot;:&quot;0&quot;,&quot;credit&quot;:&quot;&quot;,&quot;camera&quot;:&quot;&quot;,&quot;caption&quot;:&quot;&quot;,&quot;created_timestamp&quot;:&quot;0&quot;,&quot;copyright&quot;:&quot;&quot;,&quot;focal_length&quot;:&quot;0&quot;,&quot;iso&quot;:&quot;0&quot;,&quot;shutter_speed&quot;:&quot;0&quot;,&quot;title&quot;:&quot;&quot;,&quot;orientation&quot;:&quot;0&quot;}\" data-image-title=\"BOT\u00d3N&#8211;ver-producto\" data-image-description=\"\" data-image-caption=\"\" data-medium-file=\"\/es-es\/blogs\/montana\/wp-content\/uploads\/sites\/3\/2019\/10\/BOT\u00d3N-ver-producto.jpg\" data-large-file=\"\/es-es\/blogs\/montana\/wp-content\/uploads\/sites\/3\/2019\/10\/BOT\u00d3N-ver-producto.jpg\" class=\"aligncenter wp-image-5181 size-full\" src=\"\/es-es\/blogs\/montana\/wp-content\/uploads\/sites\/3\/2019\/10\/BOT\u00d3N-ver-producto.jpg\" alt=\"V\u00edas Ferrata\" width=\"105\" height=\"30\"><\/a><\/p>\n<h3><strong>Mosquetones<\/strong><\/h3>\n<p>Varios <strong>mosquetones extra de tipo HMS como el <\/strong><a href=\"https:\/\/www.forumsport.com\/es-es\/search\/?q=PETZL+ATTACHE&amp;text=PETZL+ATTACHE&amp;submit=\" target=\"_blank\" rel=\"noopener\"><strong>Petzl Attache <\/strong><\/a>y<strong> descensor tipo <\/strong><a href=\"https:\/\/www.forumsport.com\/es-es\/petzl-bloqueador-seguridad-reverso-asegurador-gr-d017aa00-1000550194-p\" target=\"_blank\" rel=\"noopener\"><strong>Reverso<\/strong><\/a>&nbsp;para poder realizar maniobras de aseguramiento y\/o rappelar.<\/p>\n<p>Aqu\u00ed puedes ver c\u00f3mo es el mosquet\u00f3n Petzl Attache<\/p>\n<p class=\"jetpack-slideshow-noscript robots-nocontent\">El pase de diapositivas requiere JavaScript.<\/p><div id=\"gallery-9356-3-slideshow\" class=\"jetpack-slideshow-window jetpack-slideshow jetpack-slideshow-black\" data-trans=\"fade\" data-autostart=\"1\" data-gallery=\"[{&quot;src&quot;:&quot;https:\\\/\\\/blogs.forumsport.com\\\/es-es\\\/blogs\\\/montana\\\/wp-content\\\/uploads\\\/sites\\\/3\\\/2021\\\/09\\\/ViaFerrata1_mosqueton1.jpg&quot;,&quot;id&quot;:&quot;9382&quot;,&quot;title&quot;:&quot;ViaFerrata1_mosqueton1&quot;,&quot;alt&quot;:&quot;Mosquet\\u00f3n para V\\u00eda Ferrata&quot;,&quot;caption&quot;:&quot;&quot;,&quot;itemprop&quot;:&quot;image&quot;},{&quot;src&quot;:&quot;https:\\\/\\\/blogs.forumsport.com\\\/es-es\\\/blogs\\\/montana\\\/wp-content\\\/uploads\\\/sites\\\/3\\\/2021\\\/09\\\/ViaFerrata1_mosqueton2.jpg&quot;,&quot;id&quot;:&quot;9383&quot;,&quot;title&quot;:&quot;ViaFerrata1_mosqueton2&quot;,&quot;alt&quot;:&quot;&quot;,&quot;caption&quot;:&quot;&quot;,&quot;itemprop&quot;:&quot;image&quot;},{&quot;src&quot;:&quot;https:\\\/\\\/blogs.forumsport.com\\\/es-es\\\/blogs\\\/montana\\\/wp-content\\\/uploads\\\/sites\\\/3\\\/2021\\\/09\\\/ViaFerrata1_mosqueton3.jpg&quot;,&quot;id&quot;:&quot;9384&quot;,&quot;title&quot;:&quot;ViaFerrata1_mosqueton3&quot;,&quot;alt&quot;:&quot;&quot;,&quot;caption&quot;:&quot;&quot;,&quot;itemprop&quot;:&quot;image&quot;}]\" itemscope itemtype=\"https:\/\/schema.org\/ImageGallery\"><\/div>\n<p><a href=\"https:\/\/www.forumsport.com\/es-es\/petzl-mosqueton-seguridad-mosquetn-attache-screw-lock-yellow-m038aa00-1001013485-p\" target=\"_blank\" rel=\"noopener\"><img loading=\"lazy\" decoding=\"async\" data-attachment-id=\"5181\" data-permalink=\"\/es-es\/blogs\/montana\/pantalones-ligeros-de-montana-una-apuesta-segura-para-todo-el-ano\/boton-ver-producto\/\" data-orig-file=\"\/es-es\/blogs\/montana\/wp-content\/uploads\/sites\/3\/2019\/10\/BOT\u00d3N-ver-producto.jpg\" data-orig-size=\"105,30\" data-comments-opened=\"1\" data-image-meta=\"{&quot;aperture&quot;:&quot;0&quot;,&quot;credit&quot;:&quot;&quot;,&quot;camera&quot;:&quot;&quot;,&quot;caption&quot;:&quot;&quot;,&quot;created_timestamp&quot;:&quot;0&quot;,&quot;copyright&quot;:&quot;&quot;,&quot;focal_length&quot;:&quot;0&quot;,&quot;iso&quot;:&quot;0&quot;,&quot;shutter_speed&quot;:&quot;0&quot;,&quot;title&quot;:&quot;&quot;,&quot;orientation&quot;:&quot;0&quot;}\" data-image-title=\"BOT\u00d3N&#8211;ver-producto\" data-image-description=\"\" data-image-caption=\"\" data-medium-file=\"\/es-es\/blogs\/montana\/wp-content\/uploads\/sites\/3\/2019\/10\/BOT\u00d3N-ver-producto.jpg\" data-large-file=\"\/es-es\/blogs\/montana\/wp-content\/uploads\/sites\/3\/2019\/10\/BOT\u00d3N-ver-producto.jpg\" class=\"aligncenter wp-image-5181 size-full\" src=\"\/es-es\/blogs\/montana\/wp-content\/uploads\/sites\/3\/2019\/10\/BOT\u00d3N-ver-producto.jpg\" alt=\"V\u00edas Ferrata\" width=\"105\" height=\"30\"><\/a><\/p>\n<p>&nbsp;<\/p>\n<p>Y aqu\u00ed las caracter\u00edsticas del descensor tipo Reverso<\/p>\n<p>&nbsp;<\/p>\n<p><img loading=\"lazy\" decoding=\"async\" data-attachment-id=\"9386\" data-permalink=\"\/es-es\/blogs\/montana\/vias-ferrata-i-que-son-y-que-materiales-necesitas-para-hacerlas\/viaferrata1_reverso\/\" data-orig-file=\"\/es-es\/blogs\/montana\/wp-content\/uploads\/sites\/3\/2021\/09\/ViaFerrata1_reverso.jpg\" data-orig-size=\"800,800\" data-comments-opened=\"1\" data-image-meta=\"{&quot;aperture&quot;:&quot;0&quot;,&quot;credit&quot;:&quot;&quot;,&quot;camera&quot;:&quot;&quot;,&quot;caption&quot;:&quot;&quot;,&quot;created_timestamp&quot;:&quot;0&quot;,&quot;copyright&quot;:&quot;&quot;,&quot;focal_length&quot;:&quot;0&quot;,&quot;iso&quot;:&quot;0&quot;,&quot;shutter_speed&quot;:&quot;0&quot;,&quot;title&quot;:&quot;&quot;,&quot;orientation&quot;:&quot;0&quot;}\" data-image-title=\"ViaFerrata1_reverso\" data-image-description=\"\" data-image-caption=\"\" data-medium-file=\"\/es-es\/blogs\/montana\/wp-content\/uploads\/sites\/3\/2021\/09\/ViaFerrata1_reverso-300x300.jpg\" data-large-file=\"\/es-es\/blogs\/montana\/wp-content\/uploads\/sites\/3\/2021\/09\/ViaFerrata1_reverso.jpg\" class=\"size-full wp-image-9386 aligncenter\" src=\"\/es-es\/blogs\/montana\/wp-content\/uploads\/sites\/3\/2021\/09\/ViaFerrata1_reverso.jpg\" alt=\"Reverso\" width=\"800\" height=\"800\" srcset=\"\/es-es\/blogs\/montana\/wp-content\/uploads\/sites\/3\/2021\/09\/ViaFerrata1_reverso.jpg 800w, \/es-es\/blogs\/montana\/wp-content\/uploads\/sites\/3\/2021\/09\/ViaFerrata1_reverso-300x300.jpg 300w, \/es-es\/blogs\/montana\/wp-content\/uploads\/sites\/3\/2021\/09\/ViaFerrata1_reverso-150x150.jpg 150w, \/es-es\/blogs\/montana\/wp-content\/uploads\/sites\/3\/2021\/09\/ViaFerrata1_reverso-768x768.jpg 768w, \/es-es\/blogs\/montana\/wp-content\/uploads\/sites\/3\/2021\/09\/ViaFerrata1_reverso-400x400.jpg 400w\" sizes=\"auto, (max-width: 800px) 100vw, 800px\" \/><br \/>\n<a href=\"https:\/\/www.forumsport.com\/es-es\/petzl-bloqueador-seguridad-reverso-asegurador-gr-d017aa00-1000550194-p\" rel=\"noopener\"><img loading=\"lazy\" decoding=\"async\" data-attachment-id=\"5181\" data-permalink=\"\/es-es\/blogs\/montana\/pantalones-ligeros-de-montana-una-apuesta-segura-para-todo-el-ano\/boton-ver-producto\/\" data-orig-file=\"\/es-es\/blogs\/montana\/wp-content\/uploads\/sites\/3\/2019\/10\/BOT\u00d3N-ver-producto.jpg\" data-orig-size=\"105,30\" data-comments-opened=\"1\" data-image-meta=\"{&quot;aperture&quot;:&quot;0&quot;,&quot;credit&quot;:&quot;&quot;,&quot;camera&quot;:&quot;&quot;,&quot;caption&quot;:&quot;&quot;,&quot;created_timestamp&quot;:&quot;0&quot;,&quot;copyright&quot;:&quot;&quot;,&quot;focal_length&quot;:&quot;0&quot;,&quot;iso&quot;:&quot;0&quot;,&quot;shutter_speed&quot;:&quot;0&quot;,&quot;title&quot;:&quot;&quot;,&quot;orientation&quot;:&quot;0&quot;}\" data-image-title=\"BOT\u00d3N&#8211;ver-producto\" data-image-description=\"\" data-image-caption=\"\" data-medium-file=\"\/es-es\/blogs\/montana\/wp-content\/uploads\/sites\/3\/2019\/10\/BOT\u00d3N-ver-producto.jpg\" data-large-file=\"\/es-es\/blogs\/montana\/wp-content\/uploads\/sites\/3\/2019\/10\/BOT\u00d3N-ver-producto.jpg\" class=\"aligncenter wp-image-5181 size-full\" src=\"\/es-es\/blogs\/montana\/wp-content\/uploads\/sites\/3\/2019\/10\/BOT\u00d3N-ver-producto.jpg\" alt=\"V\u00edas Ferrata\" width=\"105\" height=\"30\"><\/a><\/p>\n<h3><strong>Guantes<\/strong><\/h3>\n<p>Guantes<a href=\"https:\/\/www.forumsport.com\/es-es\/black-diamond-guantes-montana-crag-half-finger-gloves-801864-1000600056-p\" target=\"_blank\" rel=\"noopener\"><strong> Black Diamond <\/strong><strong>Crag Half-Finger <\/strong><strong>Gloves<\/strong>&nbsp;<\/a>para que nuestra progresi\u00f3n sea m\u00e1s c\u00f3moda.<\/p>\n<p>Tiene la mu\u00f1eca de velcro, la palma es de cuero sint\u00e9tico con refuerzos, y el dorso es de malla el\u00e1stica transpirable con un relleno en los nudillos.<\/p>\n<p><img loading=\"lazy\" decoding=\"async\" data-attachment-id=\"9387\" data-permalink=\"\/es-es\/blogs\/montana\/vias-ferrata-i-que-son-y-que-materiales-necesitas-para-hacerlas\/viaferrata1_guante\/\" data-orig-file=\"\/es-es\/blogs\/montana\/wp-content\/uploads\/sites\/3\/2021\/09\/ViaFerrata1_guante.jpg\" data-orig-size=\"800,800\" data-comments-opened=\"1\" data-image-meta=\"{&quot;aperture&quot;:&quot;0&quot;,&quot;credit&quot;:&quot;&quot;,&quot;camera&quot;:&quot;&quot;,&quot;caption&quot;:&quot;&quot;,&quot;created_timestamp&quot;:&quot;0&quot;,&quot;copyright&quot;:&quot;&quot;,&quot;focal_length&quot;:&quot;0&quot;,&quot;iso&quot;:&quot;0&quot;,&quot;shutter_speed&quot;:&quot;0&quot;,&quot;title&quot;:&quot;&quot;,&quot;orientation&quot;:&quot;0&quot;}\" data-image-title=\"ViaFerrata1_guante\" data-image-description=\"\" data-image-caption=\"\" data-medium-file=\"\/es-es\/blogs\/montana\/wp-content\/uploads\/sites\/3\/2021\/09\/ViaFerrata1_guante-300x300.jpg\" data-large-file=\"\/es-es\/blogs\/montana\/wp-content\/uploads\/sites\/3\/2021\/09\/ViaFerrata1_guante.jpg\" class=\"size-full wp-image-9387 aligncenter\" src=\"\/es-es\/blogs\/montana\/wp-content\/uploads\/sites\/3\/2021\/09\/ViaFerrata1_guante.jpg\" alt=\"Black Diamond Crag Half-Finger Gloves&nbsp;\" width=\"800\" height=\"800\" srcset=\"\/es-es\/blogs\/montana\/wp-content\/uploads\/sites\/3\/2021\/09\/ViaFerrata1_guante.jpg 800w, \/es-es\/blogs\/montana\/wp-content\/uploads\/sites\/3\/2021\/09\/ViaFerrata1_guante-300x300.jpg 300w, \/es-es\/blogs\/montana\/wp-content\/uploads\/sites\/3\/2021\/09\/ViaFerrata1_guante-150x150.jpg 150w, \/es-es\/blogs\/montana\/wp-content\/uploads\/sites\/3\/2021\/09\/ViaFerrata1_guante-768x768.jpg 768w, \/es-es\/blogs\/montana\/wp-content\/uploads\/sites\/3\/2021\/09\/ViaFerrata1_guante-400x400.jpg 400w\" sizes=\"auto, (max-width: 800px) 100vw, 800px\" \/><\/p>\n<p><a href=\"https:\/\/www.forumsport.com\/es-es\/black-diamond-guantes-montana-crag-half-finger-gloves-801864-1000600056-p\" rel=\"noopener\"><img loading=\"lazy\" decoding=\"async\" data-attachment-id=\"5181\" data-permalink=\"\/es-es\/blogs\/montana\/pantalones-ligeros-de-montana-una-apuesta-segura-para-todo-el-ano\/boton-ver-producto\/\" data-orig-file=\"\/es-es\/blogs\/montana\/wp-content\/uploads\/sites\/3\/2019\/10\/BOT\u00d3N-ver-producto.jpg\" data-orig-size=\"105,30\" data-comments-opened=\"1\" data-image-meta=\"{&quot;aperture&quot;:&quot;0&quot;,&quot;credit&quot;:&quot;&quot;,&quot;camera&quot;:&quot;&quot;,&quot;caption&quot;:&quot;&quot;,&quot;created_timestamp&quot;:&quot;0&quot;,&quot;copyright&quot;:&quot;&quot;,&quot;focal_length&quot;:&quot;0&quot;,&quot;iso&quot;:&quot;0&quot;,&quot;shutter_speed&quot;:&quot;0&quot;,&quot;title&quot;:&quot;&quot;,&quot;orientation&quot;:&quot;0&quot;}\" data-image-title=\"BOT\u00d3N&#8211;ver-producto\" data-image-description=\"\" data-image-caption=\"\" data-medium-file=\"\/es-es\/blogs\/montana\/wp-content\/uploads\/sites\/3\/2019\/10\/BOT\u00d3N-ver-producto.jpg\" data-large-file=\"\/es-es\/blogs\/montana\/wp-content\/uploads\/sites\/3\/2019\/10\/BOT\u00d3N-ver-producto.jpg\" class=\"aligncenter wp-image-5181 size-full\" src=\"\/es-es\/blogs\/montana\/wp-content\/uploads\/sites\/3\/2019\/10\/BOT\u00d3N-ver-producto.jpg\" alt=\"V\u00edas Ferrata\" width=\"105\" height=\"30\"><\/a><\/p>\n<p>&nbsp;<\/p>\n<p>\u00bfTe has quedado con ganas de m\u00e1s? \ud83d\ude0a La semana que viene completaremos este dossier con algunos tips para subir una V\u00eda Ferrata con seguridad y unas cuantas recomendaciones de lugares a los que puedes acudir para hacer V\u00edas Ferrata en Espa\u00f1a e Italia con diferentes niveles de dificultad. \u00a1Esperamos que te guste!<\/p>\n<p>Y recuerda\u2026 \u00a1La vida se ve mejor desde las alturas!<\/p>\n<p>&nbsp;<\/p>\n<p>Tambi\u00e9n te puede interesar:<\/p>\n<ul>\n<li class=\"col-12 col-md entry-title\"><a href=\"\/es-es\/blogs\/montana\/como-usar-cuerda-auxiliar-trepadas-montana\/\" target=\"_blank\" rel=\"noopener\">C\u00d3MO USAR LA CUERDA AUXILIAR EN TUS TREPADAS DE MONTA\u00d1A<\/a><\/li>\n<li class=\"col-12 col-md entry-title\"><a href=\"\/es-es\/blogs\/montana\/cual-es-la-diferencia-entre-trekking-y-senderismo\/\" target=\"_blank\" rel=\"noopener\">\u00bfCU\u00c1L ES LA DIFERENCIA ENTRE TREKKING Y SENDERISMO, MONTA\u00d1ISMO\u2026?<\/a><\/li>\n<\/ul>\n<p>Por <strong>Eneko Aurtenetxe<\/strong>, especialista en deportes de Monta\u00f1a y colaborador de Forum Sport.<\/p>\n","protected":false},"excerpt":{"rendered":"<p>En las dos pr\u00f3ximas semanas vamos a cont\u00e1roslo todo sobre las V\u00edas Ferrata: los mejores lugares para hacerlas, algunos tips para subirlas con seguridad\u2026 \u00bfA que te ha picado el gusanillo? \u00a1Comenzamos! [&#8230;]<\/p>\n<p><a class=\"btn btn-secondary understrap-read-more-link\" href=\"\/es-es\/blogs\/montana\/vias-ferrata-i-que-son-y-que-materiales-necesitas-para-hacerlas\/\">Conocer m\u00e1s<\/a><\/p>\n","protected":false},"author":1,"featured_media":9363,"comment_status":"open","ping_status":"open","sticky":false,"template":"","format":"standard","meta":{"_seopress_robots_primary_cat":"12","ngg_post_thumbnail":0,"jetpack_post_was_ever_published":false,"_jetpack_newsletter_access":"","_jetpack_dont_email_post_to_subs":false,"_jetpack_newsletter_tier_id":0,"_jetpack_memberships_contains_paywalled_content":false,"_jetpack_memberships_contains_paid_content":false,"footnotes":"","jetpack_publicize_message":"","jetpack_publicize_feature_enabled":true,"jetpack_social_post_already_shared":true,"jetpack_social_options":{"image_generator_settings":{"template":"highway","enabled":false},"version":2}},"categories":[12,6],"tags":[],"class_list":{"0":"post-9356","1":"post","2":"type-post","3":"status-publish","4":"format-standard","5":"has-post-thumbnail","7":"category-ferratas","8":"category-material"},"jetpack_publicize_connections":[],"acf":[],"jetpack_sharing_enabled":true,"jetpack_featured_media_url":"\/es-es\/blogs\/montana\/wp-content\/uploads\/sites\/3\/2021\/09\/ViaFerrata1_home.jpg","jetpack_shortlink":"https:\/\/wp.me\/p8n7Aj-2qU","jetpack-related-posts":[],"_links":{"self":[{"href":"\/es-es\/blogs\/montana\/wp-json\/wp\/v2\/posts\/9356","targetHints":{"allow":["GET"]}}],"collection":[{"href":"\/es-es\/blogs\/montana\/wp-json\/wp\/v2\/posts"}],"about":[{"href":"\/es-es\/blogs\/montana\/wp-json\/wp\/v2\/types\/post"}],"author":[{"embeddable":true,"href":"\/es-es\/blogs\/montana\/wp-json\/wp\/v2\/users\/1"}],"replies":[{"embeddable":true,"href":"\/es-es\/blogs\/montana\/wp-json\/wp\/v2\/comments?post=9356"}],"version-history":[{"count":23,"href":"\/es-es\/blogs\/montana\/wp-json\/wp\/v2\/posts\/9356\/revisions"}],"predecessor-version":[{"id":16631,"href":"\/es-es\/blogs\/montana\/wp-json\/wp\/v2\/posts\/9356\/revisions\/16631"}],"wp:featuredmedia":[{"embeddable":true,"href":"\/es-es\/blogs\/montana\/wp-json\/wp\/v2\/media\/9363"}],"wp:attachment":[{"href":"\/es-es\/blogs\/montana\/wp-json\/wp\/v2\/media?parent=9356"}],"wp:term":[{"taxonomy":"category","embeddable":true,"href":"\/es-es\/blogs\/montana\/wp-json\/wp\/v2\/categories?post=9356"},{"taxonomy":"post_tag","embeddable":true,"href":"\/es-es\/blogs\/montana\/wp-json\/wp\/v2\/tags?post=9356"}],"curies":[{"name":"wp","href":"https:\/\/api.w.org\/{rel}","templated":true}]}}